{"id":860566,"date":"2021-12-11T10:51:13","date_gmt":"2021-12-11T13:51:13","guid":{"rendered":"https:\/\/www.cnbb.org.br\/?p=860566"},"modified":"2021-12-08T10:51:54","modified_gmt":"2021-12-08T13:51:54","slug":"alegrai-vos-no-senhor","status":"publish","type":"post","link":"https:\/\/www.cnbb.org.br\/alegrai-vos-no-senhor\/","title":{"rendered":"Alegrai-vos no Senhor"},"content":{"rendered":"<p style=\"text-align: right;\"><strong>Cardeal Orani Jo\u00e3o Tempesta<br \/>\n<\/strong><strong>Arcebispo do Rio de Janeiro (RJ)<\/strong><\/p>\n<p>&nbsp;<\/p>\n<p style=\"text-align: justify;\">Celebramos neste domingo, o terceiro desse tempo do Advento e o dia da Coleta pela Evangeliza\u00e7\u00e3o (Ide, sem medo, para servir). Este \u00e9 o domingo conhecido como <em>\u201cgaudete\u201d, <\/em>ou da alegria, celebrado sempre no terceiro Domingo do Advento. Significa que o nosso cora\u00e7\u00e3o se enche de alegria, pois o Senhor est\u00e1 pr\u00f3ximo. No Advento, aguardamos ansiosos o nascimento de Jesus e na quaresma aguarda a ressurrei\u00e7\u00e3o de Jesus.<\/p>\n<p style=\"text-align: justify;\">Neste domingo, pode-se usar os paramentos na cor rosa ou um roxo mais suave. Pois come\u00e7amos a viver a grande expectativa da noite de Natal. As leituras da missa a partir desse domingo come\u00e7am a retratar de maneira mais clara o mist\u00e9rio do nascimento de Jesus e entramos no per\u00edodo da Novena de Natal propriamente dito, iniciando a segunda parte desse tempo do Advento.<\/p>\n<p style=\"text-align: justify;\">O tempo do Advento \u00e9 um per\u00edodo que passa r\u00e1pido e, por isso, ele deve ser bem vivido, a partir da vigil\u00e2ncia e da ora\u00e7\u00e3o, aguardando o Senhor que vir\u00e1. Somos convidados tamb\u00e9m a preparar o nosso cora\u00e7\u00e3o por meio da confiss\u00e3o sacramental, ou seja, a limpar o nosso cora\u00e7\u00e3o de todas as impurezas para que o Senhor possa ali nascer. Deus nunca nos abandona e est\u00e1 presente no seu filho que veio pessoalmente ao nosso encontro. Devemos respirar e repetir nas batidas do nosso cora\u00e7\u00e3o: vem, Senhor Jesus!<\/p>\n<p style=\"text-align: justify;\">A primeira leitura deste domingo \u00e9 da profecia de <em>Sofonias (Sf 3, 14-18a). <\/em>O profeta fala para o povo se encher de alegria e alegrar-se de todo o cora\u00e7\u00e3o. Pois o Senhor revogou a senten\u00e7a que tinha contra Jerusal\u00e9m e nunca mais o mal atingiria aquele povo. O profeta j\u00e1 prev\u00ea a alegria que o povo ter\u00e1 com o nascimento de Jesus e a salva\u00e7\u00e3o que vir\u00e1 sobre todo o povo com o nascimento e posteriormente com a morte e ressurrei\u00e7\u00e3o na cruz. A promessa de Deus se cumpriria para aquele povo e ele permanece fiel a alian\u00e7a.<\/p>\n<p style=\"text-align: justify;\">O salmo responsorial \u00e9 o trecho de <em>Isa\u00edas 12, <\/em>dentro do contexto da liturgia de hoje, o salmo fala da alegria, ou seja, o povo de Israel deve se alegrar no Senhor, pois Ele nunca esquece o seu povo. Ele \u00e9 justo e fiel e est\u00e1 sempre pronto a acolher aqueles que dele se aproximam e no tempo oportuno enviou o seu filho para a cumprir a promessa feita e salvar o povo.<\/p>\n<p style=\"text-align: justify;\">A segunda leitura \u00e9 da carta de S\u00e3o Paulo aos Filipenses <em>(Fl 4, 4-7): <\/em>S\u00e3o Paulo diz \u00e0 comunidade para alegrar-se no Senhor. Ainda no contexto de que a comunidade e Paulo achavam que segunda vinda de Cristo seria eminente, ou seja, seria logo. Paulo diz a comunidade que devem apresentar a Deus as suas ora\u00e7\u00f5es e s\u00faplicas e n\u00e3o esquecer de agradecer sempre. Portanto, alegremo-nos sempre no Senhor, pois ele nunca esquece de n\u00f3s e est\u00e1 sempre pronto a atender nosso pedido. Pe\u00e7amos sempre ao Senhor aquilo que trazemos em nosso cora\u00e7\u00e3o e n\u00e3o esque\u00e7amos nunca de agradecer. Agrade\u00e7amos sobretudo por Deus nos ter dado Jesus como presente.<\/p>\n<p style=\"text-align: justify;\">O Evangelho deste domingo \u00e9 de <em>Lucas (Lc 3, 10 -18). <\/em>A multid\u00e3o perguntava a Jo\u00e3o o que eles deveriam fazer para mudar de vida e aguardar o Messias que viria. S\u00e3o Jo\u00e3o diz que um deve ser solid\u00e1rio com o outro, ou seja, cada um deve servir e amar o pr\u00f3ximo. Quem tiver duas t\u00fanicas, deve dar uma. Quem tiver comida sobrando, partilhe com aqueles que pouco ou nada tem.<\/p>\n<p style=\"text-align: justify;\">Nos dias de hoje vivemos em um tempo que devemos praticar a partilha e a solidariedade. Os tempos s\u00e3o dif\u00edceis para muitos. A solidariedade natalina deve demonstrar o nosso compromisso com a fraternidade di\u00e1ria com nossos irm\u00e3os e irm\u00e3s. Dessa forma, poremos em pr\u00e1tica o mandamento de Deus, de amar o nosso pr\u00f3ximo e, dessa forma, celebraremos um Natal mais feliz e Deus se alegrar\u00e1 conosco.<\/p>\n<p style=\"text-align: justify;\">As pessoas pensavam que Jo\u00e3o Batista fosse o Messias, mas ele mesmo declara que n\u00e3o \u00e9. Ele batizava com \u00e1gua e o Messias quando viesse batizaria com a \u00e1gua e o Esp\u00edrito Santo.\u00a0 Jo\u00e3o pregava um batismo de convers\u00e3o, para que as pessoas convertessem o seu cora\u00e7\u00e3o e o seu esp\u00edrito para a vinda do Messias.<\/p>\n<p style=\"text-align: justify;\">Estamos nesse per\u00edodo de convers\u00e3o aguardando ansiosos a vinda do Messias, preparemos o nosso cora\u00e7\u00e3o e a nossa vida para acolher Jesus que vem. Mudemos as nossas atitudes e sejamos mais solid\u00e1rios com o pr\u00f3ximo. Aproveitemos este tempo do Advento e preparemos a nossa casa e a nossa vida para acolher Jesus que vem.<\/p>\n<p style=\"text-align: justify;\">Acontece ainda nesse domingo, a Coleta da Campanha para a Evangeliza\u00e7\u00e3o de 2021. Sejamos solid\u00e1rios na Eucaristia de hoje e que possamos dar a nossa contribui\u00e7\u00e3o para que a miss\u00e3o da Igreja continue. Que o Evangelho de Jesus Cristo possa ser pregado em diversos lugares, sobretudo aos mais long\u00ednquos e pobres.<\/p>\n<p style=\"text-align: justify;\">Celebremos com alegria o terceiro Domingo do Advento, assim como convida a liturgia de hoje (gaudete) e nos preparemos nesses dias do tempo do advento para acolher Jesus que vem. Sejamos como Jo\u00e3o Batista e anunciemos Jesus aonde formos, preparemos as pessoas para acolher Jesus Cristo e seu evangelho. Que atrav\u00e9s do nosso an\u00fancio, muitos cora\u00e7\u00f5es se convertam.<\/p>\n<p>&nbsp;<\/p>\n<p>&nbsp;<\/p>\n<p>&nbsp;<\/p>\n<p>&nbsp;<\/p>\n<p>&nbsp;<\/p>\n<p>&nbsp;<\/p>\n","protected":false},"excerpt":{"rendered":"<p>Cardeal Orani Jo\u00e3o Tempesta Arcebispo do Rio de Janeiro (RJ) &nbsp; Celebramos neste domingo, o terceiro desse tempo do Advento e o dia da Coleta pela Evangeliza\u00e7\u00e3o (Ide, sem medo, para servir). Este \u00e9 o domingo conhecido como \u201cgaudete\u201d, ou da alegria, celebrado sempre no terceiro Domingo do Advento. Significa que o nosso cora\u00e7\u00e3o se &hellip;<\/p>\n<p class=\"read-more\"> <a class=\"\" href=\"https:\/\/www.cnbb.org.br\/alegrai-vos-no-senhor\/\"> <span class=\"screen-reader-text\">Alegrai-vos no Senhor<\/span> Leia mais &raquo;<\/a><\/p>\n","protected":false},"author":31,"featured_media":0,"comment_status":"open","ping_status":"open","sticky":false,"template":"","format":"standard","meta":{"site-sidebar-layout":"default","site-content-layout":"default","ast-global-header-display":"","ast-banner-title-visibility":"","ast-main-header-display":"","ast-hfb-above-header-display":"","ast-hfb-below-header-display":"","ast-hfb-mobile-header-display":"","site-post-title":"","ast-breadcrumbs-content":"","ast-featured-img":"","footer-sml-layout":"","theme-transparent-header-meta":"default","adv-header-id-meta":"","stick-header-meta":"","header-above-stick-meta":"","header-main-stick-meta":"","header-below-stick-meta":""},"categories":[758],"tags":[],"acf":[],"_links":{"self":[{"href":"https:\/\/www.cnbb.org.br\/cnbb-app\/wp\/v2\/posts\/860566"}],"collection":[{"href":"https:\/\/www.cnbb.org.br\/cnbb-app\/wp\/v2\/posts"}],"about":[{"href":"https:\/\/www.cnbb.org.br\/cnbb-app\/wp\/v2\/types\/post"}],"author":[{"embeddable":true,"href":"https:\/\/www.cnbb.org.br\/cnbb-app\/wp\/v2\/users\/31"}],"replies":[{"embeddable":true,"href":"https:\/\/www.cnbb.org.br\/cnbb-app\/wp\/v2\/comments?post=860566"}],"version-history":[{"count":0,"href":"https:\/\/www.cnbb.org.br\/cnbb-app\/wp\/v2\/posts\/860566\/revisions"}],"wp:attachment":[{"href":"https:\/\/www.cnbb.org.br\/cnbb-app\/wp\/v2\/media?parent=860566"}],"wp:term":[{"taxonomy":"category","embeddable":true,"href":"https:\/\/www.cnbb.org.br\/cnbb-app\/wp\/v2\/categories?post=860566"},{"taxonomy":"post_tag","embeddable":true,"href":"https:\/\/www.cnbb.org.br\/cnbb-app\/wp\/v2\/tags?post=860566"}],"curies":[{"name":"wp","href":"https:\/\/api.w.org\/{rel}","templated":true}]}}