{"id":860602,"date":"2021-12-08T15:18:10","date_gmt":"2021-12-08T18:18:10","guid":{"rendered":"https:\/\/www.cnbb.org.br\/?p=860602"},"modified":"2021-12-08T15:46:26","modified_gmt":"2021-12-08T18:46:26","slug":"presepio-e-igreja-sinodal-padre-propoe-roteiro-de-oracao","status":"publish","type":"post","link":"https:\/\/www.cnbb.org.br\/presepio-e-igreja-sinodal-padre-propoe-roteiro-de-oracao\/","title":{"rendered":"Pres\u00e9pio e Igreja Sinodal: padre da arquidiocese de Uberaba prop\u00f5e roteiro de ora\u00e7\u00e3o diante do pres\u00e9pio"},"content":{"rendered":"<p>O Tempo do Advento \u00e9 momento de espera na alegre expectativa pela vinda do Senhor. Assim, a Igreja toda se prepara por meio da liturgia e de outras pr\u00e1ticas de piedade e ora\u00e7\u00e3o para o Natal. Um padre da arquidiocese de Uberaba (MG) uniu \u00e0 espiritualidade do Advento, por meio do pres\u00e9pio, a caminhada rumo ao S\u00ednodo de 2023, cujo percurso j\u00e1 foi aberto em todo o mundo no \u00faltimo m\u00eas de outubro.<\/p>\n<p>&#8220;Pres\u00e9pio e Igreja Sinodal&#8221; \u00e9 o nome do roteiro de Momento Orante diante do Pres\u00e9pio preparado pelo padre \u00c9derson Queiroz, da arquidiocese de Uberaba. O material tem in\u00edcio com a narra\u00e7\u00e3o do Nascimento de Jesus, segundo o Evangelho de Lucas, seguida da reflex\u00e3o do texto b\u00edblico na perspectiva na metodologia da Leitura orante da Palavra.<\/p>\n<p>O roteiro recorda a origem da representa\u00e7\u00e3o do Nascimento de Jesus por iniciativa de S\u00e3o Francisco no s\u00e9culo XIII. A hist\u00f3ria tamb\u00e9m tem na sequ\u00eancia um momento de reflex\u00e3o, com o t\u00edtulo &#8220;Rezando o Pres\u00e9pio&#8221;. S\u00e3o propostos cinco quest\u00f5es para rezar e refletir a partir da espiritualidade do pres\u00e9pio.\u00a0S\u00e3o apresentadas tamb\u00e9m reflex\u00f5es que o Papa Francisco ofereceu na carta apost\u00f3lica <a href=\"http:\/\/www.vatican.va\/content\/francesco\/pt\/apost_letters\/documents\/papa-francesco-lettera-ap_20191201_admirabile-signum.html\" target=\"_blank\" rel=\"noopener\">Admir\u00e1vel Sinal &#8211; sobre o significado e o valor do pres\u00e9pio<\/a>.<\/p>\n<p>Em seguida, padre \u00c9derson apresenta uma reflex\u00e3o relacionando o pres\u00e9pio e o s\u00ednodo, indicando compromissos que podem ser assumidos a partir da contempla\u00e7\u00e3o do pres\u00e9pio, como abrir-se \u00e0 Palavra de Deus; ler, estudar e aprofundar sobre o S\u00ednodo; e procurar informa\u00e7\u00f5es na par\u00f3quia. Ao final do roteiro um s\u00e3o oferecidas duas ora\u00e7\u00f5es, uma para ser feita diante do pres\u00e9pio e a ora\u00e7\u00e3o do S\u00ednodo 2021-2023.<\/p>\n<p>&#8220;Podemos dizer que encontramos no pres\u00e9pio uma espiritualidade que nos ajuda a viver o S\u00ednodo, pois, foi neste lugar que nasceu a Palavra que se fez carne, lugar de acolhimento, do cuidado, do afeto. Ali foi a primeira Igreja de Jesus. Uma igreja sem ostenta\u00e7\u00e3o, sem luxo, aberta a natureza, \u00e0s pessoas simples e diferentes. Verdadeiramente uma Igreja pobre, pr\u00f3xima dos pobres, como tanto nos fala o Papa Francisco. Todos t\u00eam seu lugar, chegando enchem-se de encantamento. Partindo, v\u00e3o anunciando, maravilhados, que encontraram&#8221;, afirma o padre.<\/p>\n<p>&nbsp;<\/p>\n<p><img decoding=\"async\" loading=\"lazy\" class=\"alignnone  wp-image-42680\" src=\"https:\/\/www.cnbb.org.br\/wp-content\/uploads\/2020\/06\/pdf-300x300.png\" alt=\"\" width=\"22\" height=\"22\" srcset=\"https:\/\/www.cnbb.org.br\/wp-content\/uploads\/2020\/06\/pdf-300x300.png 300w, https:\/\/www.cnbb.org.br\/wp-content\/uploads\/2020\/06\/pdf-150x150.png 150w, https:\/\/www.cnbb.org.br\/wp-content\/uploads\/2020\/06\/pdf-500x500.png 500w, https:\/\/www.cnbb.org.br\/wp-content\/uploads\/2020\/06\/pdf.png 512w\" sizes=\"(max-width: 22px) 100vw, 22px\" \/>\u00a0<a href=\"https:\/\/www.cnbb.org.br\/wp-content\/uploads\/2021\/12\/Presepio-Sinodo-1.pdf\"> BAIXE A PROPOSTA DE ORA\u00c7\u00c3O\u00a0<em>PRES\u00c9PIO E IGREJA SINODAL.<\/em><\/a><\/p>\n","protected":false},"excerpt":{"rendered":"<p>&#8220;Pres\u00e9pio e Igreja Sinodal&#8221; \u00e9 o nome do roteiro de Momento Orante diante do Pres\u00e9pio preparado pelo padre \u00c9derson Queiroz, da arquidiocese de Uberaba. A iniciativa uniu \u00e0 espiritualidade do Advento, por meio do pres\u00e9pio, a caminhada rumo ao S\u00ednodo de 2023, cujo percurso j\u00e1 foi aberto em todo o mundo no \u00faltimo m\u00eas de outubro\u00a0<\/p>\n","protected":false},"author":83,"featured_media":860603,"comment_status":"open","ping_status":"open","sticky":false,"template":"","format":"standard","meta":{"site-sidebar-layout":"default","site-content-layout":"default","ast-global-header-display":"","ast-banner-title-visibility":"","ast-main-header-display":"","ast-hfb-above-header-display":"","ast-hfb-below-header-display":"","ast-hfb-mobile-header-display":"","site-post-title":"","ast-breadcrumbs-content":"","ast-featured-img":"","footer-sml-layout":"","theme-transparent-header-meta":"default","adv-header-id-meta":"","stick-header-meta":"","header-above-stick-meta":"","header-main-stick-meta":"","header-below-stick-meta":""},"categories":[50,3717],"tags":[1118,4054,3719],"acf":[],"_links":{"self":[{"href":"https:\/\/www.cnbb.org.br\/cnbb-app\/wp\/v2\/posts\/860602"}],"collection":[{"href":"https:\/\/www.cnbb.org.br\/cnbb-app\/wp\/v2\/posts"}],"about":[{"href":"https:\/\/www.cnbb.org.br\/cnbb-app\/wp\/v2\/types\/post"}],"author":[{"embeddable":true,"href":"https:\/\/www.cnbb.org.br\/cnbb-app\/wp\/v2\/users\/83"}],"replies":[{"embeddable":true,"href":"https:\/\/www.cnbb.org.br\/cnbb-app\/wp\/v2\/comments?post=860602"}],"version-history":[{"count":0,"href":"https:\/\/www.cnbb.org.br\/cnbb-app\/wp\/v2\/posts\/860602\/revisions"}],"wp:featuredmedia":[{"embeddable":true,"href":"https:\/\/www.cnbb.org.br\/cnbb-app\/wp\/v2\/media\/860603"}],"wp:attachment":[{"href":"https:\/\/www.cnbb.org.br\/cnbb-app\/wp\/v2\/media?parent=860602"}],"wp:term":[{"taxonomy":"category","embeddable":true,"href":"https:\/\/www.cnbb.org.br\/cnbb-app\/wp\/v2\/categories?post=860602"},{"taxonomy":"post_tag","embeddable":true,"href":"https:\/\/www.cnbb.org.br\/cnbb-app\/wp\/v2\/tags?post=860602"}],"curies":[{"name":"wp","href":"https:\/\/api.w.org\/{rel}","templated":true}]}}