{"id":860624,"date":"2021-12-09T11:30:13","date_gmt":"2021-12-09T14:30:13","guid":{"rendered":"https:\/\/www.cnbb.org.br\/?p=860624"},"modified":"2021-12-09T11:30:57","modified_gmt":"2021-12-09T14:30:57","slug":"a-padroeira-da-bahia","status":"publish","type":"post","link":"https:\/\/www.cnbb.org.br\/a-padroeira-da-bahia\/","title":{"rendered":"A Padroeira da Bahia"},"content":{"rendered":"<p style=\"text-align: right;\"><strong>Cardeal Sergio da Rocha<\/strong><br \/>\n<strong>Arcebispo de Salvador (BA)<\/strong><\/p>\n<p>&nbsp;<\/p>\n<p style=\"text-align: justify;\">Na piedade popular que caracteriza a religiosidade baiana, h\u00e1 lugar para Todos os Santos, dentre os quais figura com especial devo\u00e7\u00e3o, a Padroeira da Bahia, Nossa Senhora da Concei\u00e7\u00e3o da Praia, celebrada anualmente no dia 08 de dezembro, solenidade da Imaculada Concei\u00e7\u00e3o de Nossa Senhora, segundo o calend\u00e1rio lit\u00fargico universal da Igreja Cat\u00f3lica.<\/p>\n<p style=\"text-align: justify;\">A Ba\u00eda de Todos os Santos, com seus encantos, deu nome ao Estado da Bahia. O nome escolhido para a larga e formosa ba\u00eda, por causa do Dia de Todos os Santos, preanunciava que ela seria a terra em que iriam habitar santos, como S. Jos\u00e9 de Anchieta, Sta. Dulce dos Pobres e Beata Lindalva, al\u00e9m dos in\u00fameros santos an\u00f4nimos, homens e mulheres que vivem a santidade no anonimato da vida cotidiana. A escolha do sugestivo nome atribu\u00eddo \u00e0 ba\u00eda rec\u00e9m descoberta sinalizava a devo\u00e7\u00e3o aos santos que marcaria o calend\u00e1rio de festas da Bahia, do in\u00edcio ao final do ano. A piedade popular, com as suas v\u00e1rias express\u00f5es, est\u00e1 nas ra\u00edzes da cultura baiana, moldando a identidade cultural do nosso povo. \u00c9 preciso preservar e valorizar, sempre mais, o rico patrim\u00f4nio hist\u00f3rico, cultural, art\u00edstico e religioso de Salvador e de toda a Bahia.<\/p>\n<p style=\"text-align: justify;\">A devo\u00e7\u00e3o a Nossa Senhora da Concei\u00e7\u00e3o da Praia tem seu centro irradiador na bela igreja edificada em sua homenagem, em Salvador, a bel\u00edssima Bas\u00edlica Santu\u00e1rio de Nossa Senhora da Concei\u00e7\u00e3o da Praia, tombada pelo Instituto do Patrim\u00f4nio Hist\u00f3rico e Art\u00edstico Nacional. Visitada por devotos, turistas e apreciadores da arte sacra, movidos pela beleza art\u00edstica do templo e da imagem, ela tem sido fonte de paz e de esperan\u00e7a, ao elevar os cora\u00e7\u00f5es para o alto. Segundo dados hist\u00f3ricos, a imagem foi trazida para Salvador por navios portugueses, em 1549, por ordem de Tom\u00e9 de Souza, primeiro governador geral do Brasil, e colocada em uma capela erguida em sua homenagem, mais tarde substitu\u00edda pela atual igreja. Em 1946, o Papa Pio XII conferiu \u00e0 igreja o t\u00edtulo de Bas\u00edlica e o Papa Paulo VI, em 1971, proclamou Nossa Senhora da Concei\u00e7\u00e3o da Praia como Padroeira do Estado da Bahia, a pedido do Cardeal Dom Avelar Brand\u00e3o Vilela e dos bispos baianos.<\/p>\n<p style=\"text-align: justify;\">\u00c9 importante valorizar sempre mais o t\u00edtulo de \u201cPadroeira da Bahia\u201d atribu\u00eddo a Nossa Senhora da Concei\u00e7\u00e3o da Praia, de modo especial, por ocasi\u00e3o da sua celebra\u00e7\u00e3o lit\u00fargica. Nestes tempos dif\u00edceis da pandemia, n\u00e3o estamos sozinhos. Conosco caminha a M\u00e3e de Jesus, Senhora da Imaculada Concei\u00e7\u00e3o, intercedendo por n\u00f3s e ajudando-nos a seguir a Jesus, ensinando-nos a ser mais fraternos e solid\u00e1rios com os que mais sofrem. A f\u00e9 em Cristo e a devo\u00e7\u00e3o mariana n\u00e3o podem ficar restritas ao templo ou aos momentos de ora\u00e7\u00e3o, mas devem se prolongar no dia a dia em gestos concretos de fraternidade, solidariedade e servi\u00e7o.<\/p>\n<p>&nbsp;<\/p>\n<p>&nbsp;<\/p>\n","protected":false},"excerpt":{"rendered":"<p>Cardeal Sergio da Rocha Arcebispo de Salvador (BA) &nbsp; Na piedade popular que caracteriza a religiosidade baiana, h\u00e1 lugar para Todos os Santos, dentre os quais figura com especial devo\u00e7\u00e3o, a Padroeira da Bahia, Nossa Senhora da Concei\u00e7\u00e3o da Praia, celebrada anualmente no dia 08 de dezembro, solenidade da Imaculada Concei\u00e7\u00e3o de Nossa Senhora, segundo &hellip;<\/p>\n<p class=\"read-more\"> <a class=\"\" href=\"https:\/\/www.cnbb.org.br\/a-padroeira-da-bahia\/\"> <span class=\"screen-reader-text\">A Padroeira da Bahia<\/span> Leia mais &raquo;<\/a><\/p>\n","protected":false},"author":78,"featured_media":0,"comment_status":"open","ping_status":"open","sticky":false,"template":"","format":"standard","meta":{"site-sidebar-layout":"default","site-content-layout":"default","ast-global-header-display":"","ast-banner-title-visibility":"","ast-main-header-display":"","ast-hfb-above-header-display":"","ast-hfb-below-header-display":"","ast-hfb-mobile-header-display":"","site-post-title":"","ast-breadcrumbs-content":"","ast-featured-img":"","footer-sml-layout":"","theme-transparent-header-meta":"default","adv-header-id-meta":"","stick-header-meta":"","header-above-stick-meta":"","header-main-stick-meta":"","header-below-stick-meta":""},"categories":[758],"tags":[],"acf":[],"_links":{"self":[{"href":"https:\/\/www.cnbb.org.br\/cnbb-app\/wp\/v2\/posts\/860624"}],"collection":[{"href":"https:\/\/www.cnbb.org.br\/cnbb-app\/wp\/v2\/posts"}],"about":[{"href":"https:\/\/www.cnbb.org.br\/cnbb-app\/wp\/v2\/types\/post"}],"author":[{"embeddable":true,"href":"https:\/\/www.cnbb.org.br\/cnbb-app\/wp\/v2\/users\/78"}],"replies":[{"embeddable":true,"href":"https:\/\/www.cnbb.org.br\/cnbb-app\/wp\/v2\/comments?post=860624"}],"version-history":[{"count":0,"href":"https:\/\/www.cnbb.org.br\/cnbb-app\/wp\/v2\/posts\/860624\/revisions"}],"wp:attachment":[{"href":"https:\/\/www.cnbb.org.br\/cnbb-app\/wp\/v2\/media?parent=860624"}],"wp:term":[{"taxonomy":"category","embeddable":true,"href":"https:\/\/www.cnbb.org.br\/cnbb-app\/wp\/v2\/categories?post=860624"},{"taxonomy":"post_tag","embeddable":true,"href":"https:\/\/www.cnbb.org.br\/cnbb-app\/wp\/v2\/tags?post=860624"}],"curies":[{"name":"wp","href":"https:\/\/api.w.org\/{rel}","templated":true}]}}