{"id":860633,"date":"2021-12-09T13:19:18","date_gmt":"2021-12-09T16:19:18","guid":{"rendered":"https:\/\/www.cnbb.org.br\/?p=860633"},"modified":"2021-12-09T13:21:09","modified_gmt":"2021-12-09T16:21:09","slug":"papa-encerra-ano-de-sao-jose-com-jovens-em-vulnerabilidade-acolhidos-pela-fraternidade-cenaculo","status":"publish","type":"post","link":"https:\/\/www.cnbb.org.br\/papa-encerra-ano-de-sao-jose-com-jovens-em-vulnerabilidade-acolhidos-pela-fraternidade-cenaculo\/","title":{"rendered":"Papa encerra Ano de S\u00e3o Jos\u00e9 com jovens em vulnerabilidade acolhidos pela fraternidade Cen\u00e1culo"},"content":{"rendered":"<p style=\"text-align: justify;\">Na tarde da quarta-feira, 8 de dezembro, o Papa Francisco foi \u00e0 Comunidade Cen\u00e1culo, onde foi acolhido por cerca de 25 membros da fraternidade Bom Samaritano, presentes em Roma. Tamb\u00e9m estavam no local integrantes de fraternidades espalhadas por toda a It\u00e1lia, juntamente a fam\u00edlias nascidas na comunidade e pessoas que ali s\u00e3o regularmente assistidas.<\/p>\n<p style=\"text-align: justify;\">Depois de assistir a uma pe\u00e7a sobre a vida de S\u00e3o Jos\u00e9, realizada pelos jovens convidados das duas fraternidades de Medjugorje, e de ouvir algumas das hist\u00f3rias de acolhimento e renascimento vividas pelos membros da comunidade, o Papa tomou a palavra para agradecer-lhes e encorajar a viagem destes jovens:<\/p>\n<p style=\"text-align: justify;\">\u201cN\u00e3o tenham medo da realidade, da verdade, das nossas mis\u00e9rias. N\u00e3o tenham medo porque Jesus gosta da realidade tal como ela \u00e9, n\u00e3o inventada; o Senhor n\u00e3o gosta de pessoas que inventam as suas almas, que inventam os seus cora\u00e7\u00f5es.\u201d<\/p>\n<p style=\"text-align: justify;\">E acrescentou: &#8220;Ajudem muitos jovens que se encontram em situa\u00e7\u00f5es como a de voc\u00eas. Tenham a coragem de dizer: &#8216;Pensem que h\u00e1 um caminho melhor'&#8221;.<\/p>\n<p style=\"text-align: justify;\"><img decoding=\"async\" loading=\"lazy\" class=\"size-medium wp-image-860634 alignleft\" src=\"https:\/\/www.cnbb.org.br\/wp-content\/uploads\/2021\/12\/Acolhida-Papa-Comunidade-Cenaculo-300x169.jpeg\" alt=\"\" width=\"300\" height=\"169\" srcset=\"https:\/\/www.cnbb.org.br\/wp-content\/uploads\/2021\/12\/Acolhida-Papa-Comunidade-Cenaculo-300x169.jpeg 300w, https:\/\/www.cnbb.org.br\/wp-content\/uploads\/2021\/12\/Acolhida-Papa-Comunidade-Cenaculo-768x432.jpeg 768w, https:\/\/www.cnbb.org.br\/wp-content\/uploads\/2021\/12\/Acolhida-Papa-Comunidade-Cenaculo-500x282.jpeg 500w, https:\/\/www.cnbb.org.br\/wp-content\/uploads\/2021\/12\/Acolhida-Papa-Comunidade-Cenaculo.jpeg 1000w\" sizes=\"(max-width: 300px) 100vw, 300px\" \/>Ao visitar a sede da fraternidade, o Papa Francisco saudou pessoalmente os presentes e parou em particular para aben\u00e7oar a capela, constru\u00edda pelos pr\u00f3prios membros a partir de objetos reciclados, para significar tamb\u00e9m a renova\u00e7\u00e3o da vida de cada pessoa dentro da Comunidade Cen\u00e1culo. Depois, rezou com todos a ora\u00e7\u00e3o dedicada a S\u00e3o Jos\u00e9 contida na Carta Apost\u00f3lica &#8220;Patris Corde&#8221;, confiando o mundo e a Igreja \u00e0 prote\u00e7\u00e3o do Santo, e assim concluindo o Ano que lhe foi dedicado.<\/p>\n<p style=\"text-align: justify;\">Segundo nota da Sala de Imprensa da Santa S\u00e9, \u00e0s 18h20 o Pont\u00edfice regressou ao Vaticano.<\/p>\n<p><strong>Com informa\u00e7\u00f5es e fotos<\/strong>: <a href=\"https:\/\/www.vaticannews.va\/pt\/papa\/news\/2021-12\/papa-francisco-visita-comunidade-cenaculo.html\" target=\"_blank\" rel=\"noopener\">VaticanNews<\/a><\/p>\n","protected":false},"excerpt":{"rendered":"<p>A Comunidade Cen\u00e1culo nasceu na It\u00e1lia (em Cuneo, Piemonte) em 1983 por obra da Madre Elvira (Ir. Elvira Petrozzi), com a finalidade de acolher jovens em situa\u00e7\u00e3o de vulnerabilidade. Hoje, as &#8220;fraternidades&#8221; &#8211; como s\u00e3o chamadas &#8211; s\u00e3o 71 e est\u00e3o presentes em 20 pa\u00edses, entre eles o Brasil e Portugal<\/p>\n","protected":false},"author":83,"featured_media":860635,"comment_status":"open","ping_status":"open","sticky":false,"template":"","format":"standard","meta":{"site-sidebar-layout":"default","site-content-layout":"default","ast-global-header-display":"","ast-banner-title-visibility":"","ast-main-header-display":"","ast-hfb-above-header-display":"","ast-hfb-below-header-display":"","ast-hfb-mobile-header-display":"","site-post-title":"","ast-breadcrumbs-content":"","ast-featured-img":"","footer-sml-layout":"","theme-transparent-header-meta":"default","adv-header-id-meta":"","stick-header-meta":"","header-above-stick-meta":"","header-main-stick-meta":"","header-below-stick-meta":""},"categories":[50,784],"tags":[3589,4116],"acf":[],"_links":{"self":[{"href":"https:\/\/www.cnbb.org.br\/cnbb-app\/wp\/v2\/posts\/860633"}],"collection":[{"href":"https:\/\/www.cnbb.org.br\/cnbb-app\/wp\/v2\/posts"}],"about":[{"href":"https:\/\/www.cnbb.org.br\/cnbb-app\/wp\/v2\/types\/post"}],"author":[{"embeddable":true,"href":"https:\/\/www.cnbb.org.br\/cnbb-app\/wp\/v2\/users\/83"}],"replies":[{"embeddable":true,"href":"https:\/\/www.cnbb.org.br\/cnbb-app\/wp\/v2\/comments?post=860633"}],"version-history":[{"count":0,"href":"https:\/\/www.cnbb.org.br\/cnbb-app\/wp\/v2\/posts\/860633\/revisions"}],"wp:featuredmedia":[{"embeddable":true,"href":"https:\/\/www.cnbb.org.br\/cnbb-app\/wp\/v2\/media\/860635"}],"wp:attachment":[{"href":"https:\/\/www.cnbb.org.br\/cnbb-app\/wp\/v2\/media?parent=860633"}],"wp:term":[{"taxonomy":"category","embeddable":true,"href":"https:\/\/www.cnbb.org.br\/cnbb-app\/wp\/v2\/categories?post=860633"},{"taxonomy":"post_tag","embeddable":true,"href":"https:\/\/www.cnbb.org.br\/cnbb-app\/wp\/v2\/tags?post=860633"}],"curies":[{"name":"wp","href":"https:\/\/api.w.org\/{rel}","templated":true}]}}