{"id":860639,"date":"2021-12-09T13:53:04","date_gmt":"2021-12-09T16:53:04","guid":{"rendered":"https:\/\/www.cnbb.org.br\/?p=860639"},"modified":"2021-12-09T13:53:59","modified_gmt":"2021-12-09T16:53:59","slug":"arquidiocese-de-sao-paulo-realiza-a-entrega-dos-premios-de-comunicacao-da-cnbb","status":"publish","type":"post","link":"https:\/\/www.cnbb.org.br\/arquidiocese-de-sao-paulo-realiza-a-entrega-dos-premios-de-comunicacao-da-cnbb\/","title":{"rendered":"Arquidiocese de S\u00e3o Paulo realiza a entrega dos Pr\u00eamios de Comunica\u00e7\u00e3o da CNBB"},"content":{"rendered":"<p style=\"text-align: justify;\">Na noite da segunda-feira, 6, no Audit\u00f3rio Paulo Ap\u00f3stolo, na Vila Mariana, aconteceu o evento de entrega aos ganhadores da 53\u00aa edi\u00e7\u00e3o dos Pr\u00eamios de Comunica\u00e7\u00e3o da Confer\u00eancia Nacional dos Bispos do Brasil (CNBB) domiciliados no territ\u00f3rio de abrang\u00eancia da arquidiocese de S\u00e3o Paulo.<\/p>\n<p style=\"text-align: justify;\">Os ganhadores foram anunciados em 20 de outubro, durante evento on-line transmitido por tev\u00eas de inspira\u00e7\u00e3o cat\u00f3lica. Devido \u00e0s restri\u00e7\u00f5es da pandemia de Covid-19, a entrega dos pr\u00eamios n\u00e3o p\u00f4de ser realizada como nos anos anteriores. Por isso, a CNBB designou os bispos locais para entregar os pr\u00eamios aos contemplados de suas dioceses.<\/p>\n<p style=\"text-align: justify;\">O evento da arquidiocese foi promovido pela Pastoral da Comunica\u00e7\u00e3o, sendo transmitido pelas m\u00eddias digitais. Dom Jorge Pierozan, bispo Auxiliar de S\u00e3o Paulo, representou o cardeal Odilo Pedro Scherer, arcebispo metropolitano.<\/p>\n<p style=\"text-align: justify;\">Os cinco trof\u00e9us foram entregues aos seguintes contemplados:<\/p>\n<p style=\"text-align: justify;\">\u2013 Microfone de Prata, de r\u00e1dio, na categoria \u201cEntretenimento\u201d, conferido \u00e0 RadinhoBDF, de Camila Ariza Salmazio, do jornal Brasil de Fato;<\/p>\n<p style=\"text-align: justify;\">\u2013 Microfone de Prata, de r\u00e1dio, categoria \u201cReligioso\u201d, conferido ao epis\u00f3dio de podcast \u201cUma conversa sobre L\u00e1zaro nas ruas de SP\u201d, de Alexandre Ferreira Santos e Pedro Luiz Amorim;<\/p>\n<p style=\"text-align: justify;\">\u2013 Microfone de Prata, de r\u00e1dio, categoria \u201cJornalismo\u201d, \u00e0 reportagem \u201cEstupro corretivo e marital: a voz de quem sofre em sil\u00eancio\u201d, de Leno Falk e Theren Klein, da Ag\u00eancia RadioWeb;<\/p>\n<p style=\"text-align: justify;\">\u2013 Dom Helder C\u00e2mara, de imprensa, categoria \u201cJornal\u201d, \u00e0 s\u00e9rie de reportagens sobre \u201cA luta pela sobreviv\u00eancia em tempos de pandemia\u201d, de Karla Maria de Souza, do jornal O Trecheiro;<\/p>\n<p style=\"text-align: justify;\">Tamb\u00e9m houve uma homenagem p\u00f3stuma com Men\u00e7\u00e3o Honrosa Irm\u00e3 Doroty Stang a Jos\u00e9 Maria Mayrink, jornalista especializado em religi\u00e3o, morto em dezembro de 2020. O trof\u00e9u foi recebido por sua esposa, Maria Jos\u00e9 Lembi Ferreira Mayrink.<\/p>\n<h3 style=\"text-align: justify;\"><strong>Compromisso com a verdade<\/strong><\/h3>\n<p style=\"text-align: justify;\">Os Pr\u00eamios de Comunica\u00e7\u00e3o foram criados pela CNBB com o objetivo de oferecer um reconhecimento p\u00fablico da Igreja Cat\u00f3lica Apost\u00f3lica Romana ao trabalho merit\u00f3rio de profissionais da Comunica\u00e7\u00e3o Social nos diversos meios, que apresentaram suas obras e se distinguiram pelo servi\u00e7o \u00e0 dignidade humana e aos valores do Evangelho. Eles tamb\u00e9m t\u00eam por objetivo estimular, fomentar e reconhecer as boas iniciativas de trabalho jornal\u00edstico e cultural provenientes de todo o Pa\u00eds nas \u00e1reas do Cinema, R\u00e1dio, Televis\u00e3o, Imprensa e Internet, bem como no campo da pesquisa acad\u00eamica em Comunica\u00e7\u00e3o e iniciativas da Pastoral da Comunica\u00e7\u00e3o.<\/p>\n<p style=\"text-align: justify;\">Ao fazer sua sauda\u00e7\u00e3o, dom Jorge ressaltou que os meios de comunica\u00e7\u00e3o s\u00e3o chamados a comunicar boas not\u00edcias, reconhecendo que, para isso, n\u00e3o podem renunciar ao seu compromisso com a verdade, que, muitas vezes \u00e9 dolorida. \u201cOs crist\u00e3os, em tudo o que fizerem, devem sempre se pautar pela verdade. Comunicar a verdade deve estar \u2018na moda\u2019\u201d, afirmou.<\/p>\n<p>&nbsp;<\/p>\n<pre>Com informa\u00e7\u00f5es da <a href=\"https:\/\/osaopaulo.org.br\/brasil\/arquidiocese-de-sao-paulo-realiza-a-entrega-dos-premios-de-comunicacao-da-cnbb\/\" target=\"_blank\" rel=\"noopener\">arquidiocese de S\u00e3o Paulo<\/a><\/pre>\n","protected":false},"excerpt":{"rendered":"<p>Na noite da segunda-feira, 6, no Audit\u00f3rio Paulo Ap\u00f3stolo, na Vila Mariana, aconteceu o evento de entrega aos ganhadores da 53\u00aa edi\u00e7\u00e3o dos Pr\u00eamios de Comunica\u00e7\u00e3o da Confer\u00eancia Nacional dos Bispos do Brasil (CNBB) domiciliados no territ\u00f3rio de abrang\u00eancia da arquidiocese de S\u00e3o Paulo<\/p>\n","protected":false},"author":83,"featured_media":860642,"comment_status":"open","ping_status":"open","sticky":false,"template":"","format":"standard","meta":{"site-sidebar-layout":"default","site-content-layout":"default","ast-global-header-display":"","ast-banner-title-visibility":"","ast-main-header-display":"","ast-hfb-above-header-display":"","ast-hfb-below-header-display":"","ast-hfb-mobile-header-display":"","site-post-title":"","ast-breadcrumbs-content":"","ast-featured-img":"","footer-sml-layout":"","theme-transparent-header-meta":"default","adv-header-id-meta":"","stick-header-meta":"","header-above-stick-meta":"","header-main-stick-meta":"","header-below-stick-meta":""},"categories":[878,50,1760],"tags":[3166],"acf":[],"_links":{"self":[{"href":"https:\/\/www.cnbb.org.br\/cnbb-app\/wp\/v2\/posts\/860639"}],"collection":[{"href":"https:\/\/www.cnbb.org.br\/cnbb-app\/wp\/v2\/posts"}],"about":[{"href":"https:\/\/www.cnbb.org.br\/cnbb-app\/wp\/v2\/types\/post"}],"author":[{"embeddable":true,"href":"https:\/\/www.cnbb.org.br\/cnbb-app\/wp\/v2\/users\/83"}],"replies":[{"embeddable":true,"href":"https:\/\/www.cnbb.org.br\/cnbb-app\/wp\/v2\/comments?post=860639"}],"version-history":[{"count":0,"href":"https:\/\/www.cnbb.org.br\/cnbb-app\/wp\/v2\/posts\/860639\/revisions"}],"wp:featuredmedia":[{"embeddable":true,"href":"https:\/\/www.cnbb.org.br\/cnbb-app\/wp\/v2\/media\/860642"}],"wp:attachment":[{"href":"https:\/\/www.cnbb.org.br\/cnbb-app\/wp\/v2\/media?parent=860639"}],"wp:term":[{"taxonomy":"category","embeddable":true,"href":"https:\/\/www.cnbb.org.br\/cnbb-app\/wp\/v2\/categories?post=860639"},{"taxonomy":"post_tag","embeddable":true,"href":"https:\/\/www.cnbb.org.br\/cnbb-app\/wp\/v2\/tags?post=860639"}],"curies":[{"name":"wp","href":"https:\/\/api.w.org\/{rel}","templated":true}]}}