{"id":861012,"date":"2021-12-20T10:53:23","date_gmt":"2021-12-20T13:53:23","guid":{"rendered":"https:\/\/www.cnbb.org.br\/?p=861012"},"modified":"2021-12-20T10:54:02","modified_gmt":"2021-12-20T13:54:02","slug":"ajuda-humanitaria-ao-haiti-como-gesto-da-e-tempo-de-cuidar-arrecadou-r-359-27725","status":"publish","type":"post","link":"https:\/\/www.cnbb.org.br\/ajuda-humanitaria-ao-haiti-como-gesto-da-e-tempo-de-cuidar-arrecadou-r-359-27725\/","title":{"rendered":"Ajuda humanit\u00e1ria ao Haiti, como gesto da \u00c9 Tempo de Cuidar, arrecadou R$ 359.277,25"},"content":{"rendered":"<p style=\"text-align: justify;\">A Campanha SOS Haiti arrecadou R$ 359,277,25 para as v\u00edtimas do terremoto no pa\u00eds caribenho.\u00a0Com gestos concretos de solidariedade e amor pelo pr\u00f3ximo, a a\u00e7\u00e3o solid\u00e1ria SOS Haiti chega ao fim depois de arrecadar recursos como resposta \u00e0 cat\u00e1strofe causada pelo terremoto de 7,2 na escala Richter, que abalou o pa\u00eds caribenho em agosto deste ano.<\/p>\n<p style=\"text-align: justify;\">O chamado de ajuda humanit\u00e1ria foi lan\u00e7ado dentro da A\u00e7\u00e3o Solid\u00e1ria Emergencial: \u00c9 Tempo de Cuidar, campanha da Igreja no Brasil promovida pela Confer\u00eancia Nacional dos Bispos do Brasil (CNBB) em conjunto com a C\u00e1ritas Brasileira, Confer\u00eancia dos Religiosos do Brasil (CRB), Movimento de Educa\u00e7\u00e3o de Base (MEB), e a Associa\u00e7\u00e3o Nacional de Educa\u00e7\u00e3o Cat\u00f3lica do Brasil (ANEC).<\/p>\n<p style=\"text-align: justify;\">\u201cA campanha aqui no Brasil foi desenvolvida com muito sucesso, porque mais uma vez o povo brasileiro demonstra a sua solidariedade e a sua ajuda a quem est\u00e1 mais precisando\u201d, diz o diretor executivo da C\u00e1ritas Brasileira, Carlos Humberto Campos.<\/p>\n<h3>Atual situa\u00e7\u00e3o do Haiti<\/h3>\n<p style=\"text-align: justify;\">Padre Herve Fran\u00e7ois, diretor da C\u00e1ritas Haiti, explica que o pa\u00eds vem passando por dificuldades h\u00e1 v\u00e1rios anos e que a situa\u00e7\u00e3o se agravou com o \u00faltimo terremoto. \u201cO pa\u00eds definha em uma crise multifacetada, gradualmente levando-a \u00e0 recess\u00e3o e aumentando a necessidade de assist\u00eancia humanit\u00e1ria.\u201d,<\/p>\n<p style=\"text-align: justify;\">Para o diretor, a rede C\u00e1ritas continua comprometida em responder esse contexto emergencial. \u201cDiante da fragilidade para atender \u00e0s necessidades da popula\u00e7\u00e3o, a Caritas Haiti est\u00e1 assumindo novos compromissos na luta contra a pobreza. Temos mantido nossa presen\u00e7a e nossas a\u00e7\u00f5es para apoiar fam\u00edlias vulner\u00e1veis \u200b\u200bnas comunidades\u201d.<\/p>\n<p style=\"text-align: justify;\">O apoio que a C\u00e1ritas tem prestado, visa garantir a seguran\u00e7a alimentar, sa\u00fade e abrigo, o que tem permitido \u00e0s v\u00edtimas se auto-sustentarem e reduzirem as suas despesas di\u00e1rias com alimenta\u00e7\u00e3o, sa\u00fade e habita\u00e7\u00e3o.<\/p>\n<p style=\"text-align: justify;\">A C\u00e1ritas Haiti, com o apoio da C\u00e1ritas Internacional, executa agora no pa\u00eds um \u201cApelo Emergencial\u201d, quem tem objetivo de alcan\u00e7ar seis eixos: seguran\u00e7a alimentar e nutricional; reabilita\u00e7\u00e3o e constru\u00e7\u00e3o de casas; prote\u00e7\u00e3o; educa\u00e7\u00e3o e apoio psicossocial; desenvolvimento de capacidade, a partir de padr\u00f5es de gerenciamento de treinamento de resposta; meios de subsist\u00eancia e distribui\u00e7\u00e3o de renda.<\/p>\n<p style=\"text-align: justify;\">Doa\u00e7\u00f5es \u00e0 a\u00e7\u00e3o podem ser feitas atrav\u00e9s do site da C\u00e1ritas Internacional. Para o Padre Herve Fran\u00e7ois, ainda h\u00e1 um longo caminho de reconstru\u00e7\u00e3o do pa\u00eds. \u201cApesar da resili\u00eancia do Haiti e de sua Igreja, sem solidariedade, nosso desempenho n\u00e3o ser\u00e1 sustent\u00e1vel nem honroso. Precisamos de todos. Por isso, contamos com o apoio de todos para nos ajudar a expressar a ternura da Igreja \u00e0s fam\u00edlias haitianas.\u201d, conclui o diretor da C\u00e1ritas Haiti.<\/p>\n<h3>SOS Haiti: Apoio do Brasil<\/h3>\n<p style=\"text-align: justify;\">No Brasil, para as doa\u00e7\u00f5es, foram disponibilizadas duas contas banc\u00e1rias da C\u00e1ritas Brasileira. Somados, os recursos arrecadados representam um total de R$ 359,277,25 mil. Para o envio \u00e0 C\u00e1ritas Internacional, entidade que far\u00e1 a distribui\u00e7\u00e3o do recurso no Haiti, o valor convertido representa 56,137,07 mil euros.<\/p>\n<p style=\"text-align: justify;\">O valor arrecadado chegar\u00e1 \u00e0s fam\u00edlias v\u00edtimas da cat\u00e1strofe em forma de alimento, \u00e1gua pot\u00e1vel, materiais de higiene e limpeza, aplicados atrav\u00e9s do Apelo Emergencial.<\/p>\n<p style=\"text-align: justify;\">\u201cA C\u00e1ritas, a CNBB e toda a igreja do Brasil quer tamb\u00e9m manifestar o seu agradecimento a todos aqueles que, com muita gratid\u00e3o, doaram um pouco de si para ajudar as fam\u00edlias mais atingidas do Haiti. Nossa eterna gratid\u00e3o e que Deus aben\u00e7oe a todos e todas\u201d, agradece Carlos Humberto.<\/p>\n<p>Com informa\u00e7\u00f5es da<a href=\"https:\/\/caritas.org.br\/noticias\/campanha-pela-populacao-do-haiti-afetada-pelo-terremoto-chega-ao-fim\" target=\"_blank\" rel=\"noopener\"> C\u00e1ritas Brasileira\u00a0<\/a><\/p>\n","protected":false},"excerpt":{"rendered":"<p>O chamado foi lan\u00e7ado dentro da A\u00e7\u00e3o Solid\u00e1ria Emergencial: \u00c9 Tempo de Cuidar, campanha da Igreja no Brasil promovida pela Confer\u00eancia Nacional dos Bispos do Brasil em conjunto com a C\u00e1ritas Brasileira, Confer\u00eancia dos Religiosos do Brasil, Movimento de Educa\u00e7\u00e3o de Base e a Associa\u00e7\u00e3o Nacional de Educa\u00e7\u00e3o Cat\u00f3lica do Brasil<\/p>\n","protected":false},"author":83,"featured_media":861013,"comment_status":"open","ping_status":"open","sticky":false,"template":"","format":"standard","meta":{"site-sidebar-layout":"default","site-content-layout":"default","ast-global-header-display":"","ast-banner-title-visibility":"","ast-main-header-display":"","ast-hfb-above-header-display":"","ast-hfb-below-header-display":"","ast-hfb-mobile-header-display":"","site-post-title":"","ast-breadcrumbs-content":"","ast-featured-img":"","footer-sml-layout":"","theme-transparent-header-meta":"default","adv-header-id-meta":"","stick-header-meta":"","header-above-stick-meta":"","header-main-stick-meta":"","header-below-stick-meta":""},"categories":[1840,1869],"tags":[1856,3892],"acf":[],"_links":{"self":[{"href":"https:\/\/www.cnbb.org.br\/cnbb-app\/wp\/v2\/posts\/861012"}],"collection":[{"href":"https:\/\/www.cnbb.org.br\/cnbb-app\/wp\/v2\/posts"}],"about":[{"href":"https:\/\/www.cnbb.org.br\/cnbb-app\/wp\/v2\/types\/post"}],"author":[{"embeddable":true,"href":"https:\/\/www.cnbb.org.br\/cnbb-app\/wp\/v2\/users\/83"}],"replies":[{"embeddable":true,"href":"https:\/\/www.cnbb.org.br\/cnbb-app\/wp\/v2\/comments?post=861012"}],"version-history":[{"count":0,"href":"https:\/\/www.cnbb.org.br\/cnbb-app\/wp\/v2\/posts\/861012\/revisions"}],"wp:featuredmedia":[{"embeddable":true,"href":"https:\/\/www.cnbb.org.br\/cnbb-app\/wp\/v2\/media\/861013"}],"wp:attachment":[{"href":"https:\/\/www.cnbb.org.br\/cnbb-app\/wp\/v2\/media?parent=861012"}],"wp:term":[{"taxonomy":"category","embeddable":true,"href":"https:\/\/www.cnbb.org.br\/cnbb-app\/wp\/v2\/categories?post=861012"},{"taxonomy":"post_tag","embeddable":true,"href":"https:\/\/www.cnbb.org.br\/cnbb-app\/wp\/v2\/tags?post=861012"}],"curies":[{"name":"wp","href":"https:\/\/api.w.org\/{rel}","templated":true}]}}