{"id":861091,"date":"2021-12-24T13:01:50","date_gmt":"2021-12-24T16:01:50","guid":{"rendered":"https:\/\/www.cnbb.org.br\/?p=861091"},"modified":"2021-12-24T16:54:32","modified_gmt":"2021-12-24T19:54:32","slug":"boletim-igreja-no-brasil-especial-de-fim-de-ano-reflete-com-a-presidencia-da-cnbb-assuntos-que-pautaram-a-igreja-no-brasil-e-no-mundo","status":"publish","type":"post","link":"https:\/\/www.cnbb.org.br\/boletim-igreja-no-brasil-especial-de-fim-de-ano-reflete-com-a-presidencia-da-cnbb-assuntos-que-pautaram-a-igreja-no-brasil-e-no-mundo\/","title":{"rendered":"Boletim Igreja no Brasil especial de fim de ano reflete com a presid\u00eancia da CNBB assuntos que pautaram a Igreja no Brasil e no mundo"},"content":{"rendered":"<p style=\"text-align: justify;\">O clima de Natal e Ano Novo j\u00e1 chegou no Boletim Igreja no Brasil que apresentar\u00e1 um especial de fim de ano em duas edi\u00e7\u00f5es, nos dois pr\u00f3ximos domingos \u2013 26 de dezembro e no dia 2 de janeiro, \u00e0s 20h, no canal do YouTube da Confer\u00eancia Nacional dos Bispos do Brasil (CNBB).<\/p>\n<p style=\"text-align: justify;\">O jornalista da assessoria de comunica\u00e7\u00e3o da CNBB e apresentador do boletim, Bruno Feittosa, te convida para reolhar juntos para os grandes marcos da caminhada da Igreja no Brasil, neste ano de 2021, numa conversa com os quatro integrantes da presid\u00eancia da entidade, o arcebispo de Belo Horizonte (MG) e presidente da CNBB, Dom Walmor Oliveira de Azevedo; o arcebispo de Porto Alegre (RS) e primeiro vice-presidente, Dom Jaime Spengler; o bispo de Roraima (RR) e segundo vice-presidente da CNBB, Dom M\u00e1rio Ant\u00f4nio da Silva e o bispo auxiliar do Rio de Janeiro (RJ) e secret\u00e1rio-geral da CNBB, Dom Joel Portella Amado.<\/p>\n<figure id=\"attachment_861222\" aria-describedby=\"caption-attachment-861222\" style=\"width: 427px\" class=\"wp-caption alignleft\"><img decoding=\"async\" loading=\"lazy\" class=\"wp-image-861222\" src=\"https:\/\/www.cnbb.org.br\/wp-content\/uploads\/2021\/12\/Especial-Boletim-Igreja-no-Brasil-300x167-1.jpg\" alt=\"\" width=\"427\" height=\"238\" srcset=\"https:\/\/www.cnbb.org.br\/wp-content\/uploads\/2021\/12\/Especial-Boletim-Igreja-no-Brasil-300x167-1.jpg 300w, https:\/\/www.cnbb.org.br\/wp-content\/uploads\/2021\/12\/Especial-Boletim-Igreja-no-Brasil-500x278-1.jpg 500w, https:\/\/www.cnbb.org.br\/wp-content\/uploads\/2021\/12\/Especial-Boletim-Igreja-no-Brasil-446x248-1.jpg 446w, https:\/\/www.cnbb.org.br\/wp-content\/uploads\/2021\/12\/Especial-Boletim-Igreja-no-Brasil.jpg 724w\" sizes=\"(max-width: 427px) 100vw, 427px\" \/><figcaption id=\"caption-attachment-861222\" class=\"wp-caption-text\"><em>Reprodu\u00e7\u00e3o<\/em><\/figcaption><\/figure>\n<p style=\"text-align: justify;\"><em>&#8220;A proposta foi reunir a presid\u00eancia da CNBB para fazer um balan\u00e7o do trabalho pastoral da confer\u00eancia em 2021 abordando alguns dos assuntos mais importantes da Igreja no Brasil e no mundo. Al\u00e9m de fazer uma mem\u00f3ria sobre os problemas sociais vividos desde o in\u00edcio da pandemia da covid-19 e um alerta sobre as quest\u00f5es ambientais debatidas durante a confer\u00eancia do clima&#8221;<\/em>, disse Bruno Feittosa.<\/p>\n<p style=\"text-align: justify;\">Nos programas, foram refletidos assuntos importantes que pautaram e v\u00e3o pautar a vida da Igreja no Brasil e no mundo: como a realiza\u00e7\u00e3o da primeira Assembleia Eclesial da Am\u00e9rica Latina e do Caribe, realizada presencialmente de 21 a 18 de novembro, no Santu\u00e1rio de Nossa Senhora de Guadalupe, no M\u00e9xico e virtual para os pa\u00edses da Am\u00e9rica Latina e Caribe.<\/p>\n<p style=\"text-align: justify;\">O especial aborda ainda os preparativos para o S\u00ednodo dos bispos 2021 &#8211; 2023, a Confer\u00eancia das Na\u00e7\u00f5es Unidas sobre Mudan\u00e7as Clim\u00e1ticas (COP 26), realizada entre 1 e 12 de novembro de 2021 na cidade de Glasgow, na Esc\u00f3cia; a previs\u00e3o pastoral da a Igreja no Brasil p\u00f3s-pandemia da covid-19 e os preparativos para a celebra\u00e7\u00e3o dos 70 anos de cria\u00e7\u00e3o da Confer\u00eancia dos Bispos do Brasil, em outubro de 2022.<\/p>\n<p><strong>Veja um trecho do especial com a mensagem de natal do secret\u00e1rio-geral da CNBB, dom Joel Portella Amado:<\/strong><\/p>\n<div class=\"ast-oembed-container\" style=\"height: 100%;\">\n<div style=\"max-width: 1333px;\">\n<div style=\"left: 0; width: 100%; height: 0; position: relative; padding-bottom: 56.25%;\"><iframe title=\"Breve reflex\u00e3o de Natal com Dom Joel\" src=\"https:\/\/www.youtube.com\/embed\/wd4-oM1CTSw?rel=0\" style=\"top: 0; left: 0; width: 100%; height: 100%; position: absolute; border: 0;\" allowfullscreen scrolling=\"no\" allow=\"accelerometer; clipboard-write; encrypted-media; gyroscope; picture-in-picture;\"><\/iframe><\/div>\n<\/div>\n<\/div>\n<p style=\"text-align: justify;\"><a href=\"https:\/\/www.youtube.com\/c\/CNBBNacional\/videos\" target=\"_blank\" rel=\"noopener\"><strong>O Boletim Igreja no Brasil vai ao ar semanalmente, aos domingos, as 20h, no canal da CNBB no Youtube.<\/strong><\/a><\/p>\n","protected":false},"excerpt":{"rendered":"<p>O especial ser\u00e1 apresentado em duas edi\u00e7\u00f5es, nos dois pr\u00f3ximos domingos \u2013 26 de dezembro e no dia 2 de janeiro, \u00e0s 20h, no canal do YouTube da CNBB. Entre os assuntos est\u00e3o a Assembleia Eclesial da Am\u00e9rica Latina e do Caribe; a COP 26, o S\u00ednodo dos bispos 2021-2923; a Igreja p\u00f3s-pandemia da covid-19 e os preparativos para a celebra\u00e7\u00e3o dos 70 anos da CNBB<\/p>\n","protected":false},"author":83,"featured_media":861222,"comment_status":"open","ping_status":"open","sticky":false,"template":"","format":"standard","meta":{"site-sidebar-layout":"default","site-content-layout":"default","ast-global-header-display":"","ast-banner-title-visibility":"","ast-main-header-display":"","ast-hfb-above-header-display":"","ast-hfb-below-header-display":"","ast-hfb-mobile-header-display":"","site-post-title":"","ast-breadcrumbs-content":"","ast-featured-img":"","footer-sml-layout":"","theme-transparent-header-meta":"default","adv-header-id-meta":"","stick-header-meta":"","header-above-stick-meta":"","header-main-stick-meta":"","header-below-stick-meta":""},"categories":[50,1851],"tags":[3651,4159],"acf":[],"_links":{"self":[{"href":"https:\/\/www.cnbb.org.br\/cnbb-app\/wp\/v2\/posts\/861091"}],"collection":[{"href":"https:\/\/www.cnbb.org.br\/cnbb-app\/wp\/v2\/posts"}],"about":[{"href":"https:\/\/www.cnbb.org.br\/cnbb-app\/wp\/v2\/types\/post"}],"author":[{"embeddable":true,"href":"https:\/\/www.cnbb.org.br\/cnbb-app\/wp\/v2\/users\/83"}],"replies":[{"embeddable":true,"href":"https:\/\/www.cnbb.org.br\/cnbb-app\/wp\/v2\/comments?post=861091"}],"version-history":[{"count":0,"href":"https:\/\/www.cnbb.org.br\/cnbb-app\/wp\/v2\/posts\/861091\/revisions"}],"wp:featuredmedia":[{"embeddable":true,"href":"https:\/\/www.cnbb.org.br\/cnbb-app\/wp\/v2\/media\/861222"}],"wp:attachment":[{"href":"https:\/\/www.cnbb.org.br\/cnbb-app\/wp\/v2\/media?parent=861091"}],"wp:term":[{"taxonomy":"category","embeddable":true,"href":"https:\/\/www.cnbb.org.br\/cnbb-app\/wp\/v2\/categories?post=861091"},{"taxonomy":"post_tag","embeddable":true,"href":"https:\/\/www.cnbb.org.br\/cnbb-app\/wp\/v2\/tags?post=861091"}],"curies":[{"name":"wp","href":"https:\/\/api.w.org\/{rel}","templated":true}]}}