{"id":861196,"date":"2021-12-23T11:13:21","date_gmt":"2021-12-23T14:13:21","guid":{"rendered":"https:\/\/www.cnbb.org.br\/?p=861196"},"modified":"2021-12-23T11:13:57","modified_gmt":"2021-12-23T14:13:57","slug":"sagrada-familia-modelo-de-vida-crista","status":"publish","type":"post","link":"https:\/\/www.cnbb.org.br\/sagrada-familia-modelo-de-vida-crista\/","title":{"rendered":"Sagrada Fam\u00edlia: modelo de vida crist\u00e3"},"content":{"rendered":"<p style=\"text-align: right;\"><strong>Dom Adimir Antonio Mazali<\/strong><br \/>\n<strong>Bispo de Erexim (RS)<\/strong><\/p>\n<p style=\"text-align: justify;\">\n<p style=\"text-align: justify;\">\u00a0\u00a0\u00a0\u00a0\u00a0\u00a0\u00a0\u00a0\u00a0\u00a0\u00a0 Saudamos com renovados votos de Feliz Natal a todos os irm\u00e3os e irm\u00e3s que acompanham Voz da Diocese e com muito carinho enviamos nosso abra\u00e7o fraterno a todos, neste dia em que celebramos a Festa da Sagrada Fam\u00edlia de Nazar\u00e9, modelo para todas as nossas fam\u00edlias.<\/p>\n<p style=\"text-align: justify;\">\u00a0\u00a0\u00a0\u00a0\u00a0\u00a0\u00a0\u00a0\u00a0\u00a0\u00a0 Iniciamos nossa mensagem de hoje com a ora\u00e7\u00e3o da missa como um pedido de b\u00ean\u00e7\u00e3os por todas as fam\u00edlias. \u201c\u00d3 Deus de bondade, que nos destes a Sagrada Fam\u00edlia como exemplo, concedei-nos imitar em nossos lares as suas virtudes para que, unidos pelos la\u00e7os do amor, possamos chegar um dia \u00e0s alegrias da vossa casa\u201d.<\/p>\n<p style=\"text-align: justify;\">\u00a0\u00a0\u00a0\u00a0\u00a0\u00a0\u00a0\u00a0\u00a0\u00a0\u00a0 A Liturgia da Palavra nos orienta para uma vida familiar saud\u00e1vel e harmoniosa, onde o amor \u00e9 a base de todos os relacionamentos e a forma de viver fielmente o projeto de Deus.<\/p>\n<p style=\"text-align: justify;\">\u00a0\u00a0\u00a0\u00a0\u00a0\u00a0\u00a0\u00a0\u00a0\u00a0\u00a0 Car\u00edssimos irm\u00e3os e irm\u00e3s. A leitura do Livro do Eclesi\u00e1stico aponta para as rela\u00e7\u00f5es familiares, principalmente no que diz respeito aos filhos para com seus pais. Toda ela \u00e9 um belo conselho para isso. Em nossa rela\u00e7\u00e3o com o pai, diz: \u201cQuem honra o seu pai, alcan\u00e7a o perd\u00e3o dos pecados; evita comet\u00ea-los e ser\u00e1 ouvido na ora\u00e7\u00e3o cotidiana\u201d (Eclo 3,4). Em rela\u00e7\u00e3o com a m\u00e3e, recorda: \u201cQuem respeita a sua m\u00e3e \u00e9 como algu\u00e9m que ajunta tesouros\u201d (Eclo 3,5). E prossegue: \u201cQuem honra o seu pai, ter\u00e1 vida longa, e quem obedece ao pai \u00e9 o consolo da sua m\u00e3e\u201d (Eclo 3,7). Esta \u00e9 uma \u00f3tima orienta\u00e7\u00e3o para todos n\u00f3s reavaliarmos nossos relacionamentos com nossos pais, que ao mesmo tempo, s\u00e3o chamados a acolher o carinho de seus filhos.<\/p>\n<p style=\"text-align: justify;\">\u00a0\u00a0\u00a0\u00a0\u00a0\u00a0\u00a0\u00a0\u00a0\u00a0\u00a0 J\u00e1 a leitura da Carta de S\u00e3o Paulo aos Colossenses, inicia mostrando que somos todos amados por Deus. \u201cIrm\u00e3os: v\u00f3s sois amados por Deus, sois os seus santos eleitos\u201d (Cl 3,12). Como consequ\u00eancia desse amor, nos tornamos \u201chomens novos\u201d e devemos assumir virtudes que expressam a correspond\u00eancia a esse amor, seja na fam\u00edlia ou em qualquer lugar. \u201cPor isso, revesti-vos de sincera miseric\u00f3rdia, bondade, humildade, mansid\u00e3o e paci\u00eancia, suportando-vos uns aos outros e perdoando-vos mutuamente, se um tiver queixa contra o outro. [&#8230;] Mas, sobretudo, amai-vos uns aos outros, pois o amor \u00e9 o v\u00ednculo da perfei\u00e7\u00e3o\u201d (Cl 3,12b.14).<\/p>\n<p style=\"text-align: justify;\">\u00a0\u00a0\u00a0\u00a0\u00a0\u00a0\u00a0\u00a0\u00a0\u00a0\u00a0 O Evangelho destaca qual deve ser a prioridade do crist\u00e3o que aceita o projeto de Deus. A visita da Fam\u00edlia de Nazar\u00e9: Jesus, Maria e Jos\u00e9, \u00e0 Jerusal\u00e9m para a Festa da P\u00e1scoa, revela a fidelidade da fam\u00edlia no cumprimento da lei estabelecida. Esta experi\u00eancia \u00e9 sinal de que Deus deve ocupar um lugar especial em nossa vida pessoal, familiar e comunit\u00e1ria. Jesus ao ser encontrado por Maria e Jos\u00e9 lhes responde: \u201cPor que me procur\u00e1veis? N\u00e3o sabeis que devo estar na casa de meu pai? \u201d (Lc 2,49). Em seguida, a atitude de Jesus mostra o valor da vida familiar: \u201cJesus desceu ent\u00e3o com seus pais para Nazar\u00e9, e era-lhes obediente. [&#8230;] E Jesus crescia em sabedoria, estatura e gra\u00e7a, diante de Deus e diante dos homens\u201d (Lc 2,51-52).<\/p>\n<p style=\"text-align: justify;\">\u00a0\u00a0\u00a0\u00a0\u00a0\u00a0\u00a0\u00a0\u00a0\u00a0\u00a0 Por isso, celebrando a Festa da Sagrada Fam\u00edlia de Nazar\u00e9, modelo de vida crist\u00e3, queremos pedir a sua intercess\u00e3o para que todos n\u00f3s saibamos viver, como pais, m\u00e3es e filhos, as virtudes por ela vivida e traduzir em nossos gestos e palavras, a fidelidade ao amor de Deus manifestado nela e por ela.<\/p>\n<p style=\"text-align: justify;\">\u00a0\u00a0\u00a0\u00a0\u00a0\u00a0\u00a0\u00a0\u00a0\u00a0\u00a0 Conclu\u00edmos, rezando: \u201cConcedei-nos, \u00f3 Pai, na vossa bondade, que, imitemos continuamente a Sagrada Fam\u00edlia, e, ap\u00f3s as dificuldades desta vida, convivamos com ela no c\u00e9u. Por Cristo, nosso Senhor. Am\u00e9m!\u201d (Ora\u00e7\u00e3o p\u00f3s-comunh\u00e3o).<\/p>\n<p style=\"text-align: justify;\">\u201cSagrada Fam\u00edlia de Nazar\u00e9! A nossa fam\u00edlia vossa \u00e9! \u201d<\/p>\n<p style=\"text-align: justify;\">Que Deus aben\u00e7oe a todos. Am\u00e9m!<\/p>\n<p>&nbsp;<\/p>\n","protected":false},"excerpt":{"rendered":"<p>Dom Adimir Antonio Mazali Bispo de Erexim (RS) \u00a0\u00a0\u00a0\u00a0\u00a0\u00a0\u00a0\u00a0\u00a0\u00a0\u00a0 Saudamos com renovados votos de Feliz Natal a todos os irm\u00e3os e irm\u00e3s que acompanham Voz da Diocese e com muito carinho enviamos nosso abra\u00e7o fraterno a todos, neste dia em que celebramos a Festa da Sagrada Fam\u00edlia de Nazar\u00e9, modelo para todas as nossas fam\u00edlias. &hellip;<\/p>\n<p class=\"read-more\"> <a class=\"\" href=\"https:\/\/www.cnbb.org.br\/sagrada-familia-modelo-de-vida-crista\/\"> <span class=\"screen-reader-text\">Sagrada Fam\u00edlia: modelo de vida crist\u00e3<\/span> Leia mais &raquo;<\/a><\/p>\n","protected":false},"author":103,"featured_media":0,"comment_status":"open","ping_status":"open","sticky":false,"template":"","format":"standard","meta":{"site-sidebar-layout":"default","site-content-layout":"default","ast-global-header-display":"","ast-banner-title-visibility":"","ast-main-header-display":"","ast-hfb-above-header-display":"","ast-hfb-below-header-display":"","ast-hfb-mobile-header-display":"","site-post-title":"","ast-breadcrumbs-content":"","ast-featured-img":"","footer-sml-layout":"","theme-transparent-header-meta":"default","adv-header-id-meta":"","stick-header-meta":"","header-above-stick-meta":"","header-main-stick-meta":"","header-below-stick-meta":""},"categories":[758],"tags":[],"acf":[],"_links":{"self":[{"href":"https:\/\/www.cnbb.org.br\/cnbb-app\/wp\/v2\/posts\/861196"}],"collection":[{"href":"https:\/\/www.cnbb.org.br\/cnbb-app\/wp\/v2\/posts"}],"about":[{"href":"https:\/\/www.cnbb.org.br\/cnbb-app\/wp\/v2\/types\/post"}],"author":[{"embeddable":true,"href":"https:\/\/www.cnbb.org.br\/cnbb-app\/wp\/v2\/users\/103"}],"replies":[{"embeddable":true,"href":"https:\/\/www.cnbb.org.br\/cnbb-app\/wp\/v2\/comments?post=861196"}],"version-history":[{"count":0,"href":"https:\/\/www.cnbb.org.br\/cnbb-app\/wp\/v2\/posts\/861196\/revisions"}],"wp:attachment":[{"href":"https:\/\/www.cnbb.org.br\/cnbb-app\/wp\/v2\/media?parent=861196"}],"wp:term":[{"taxonomy":"category","embeddable":true,"href":"https:\/\/www.cnbb.org.br\/cnbb-app\/wp\/v2\/categories?post=861196"},{"taxonomy":"post_tag","embeddable":true,"href":"https:\/\/www.cnbb.org.br\/cnbb-app\/wp\/v2\/tags?post=861196"}],"curies":[{"name":"wp","href":"https:\/\/api.w.org\/{rel}","templated":true}]}}