{"id":861198,"date":"2021-12-23T11:15:07","date_gmt":"2021-12-23T14:15:07","guid":{"rendered":"https:\/\/www.cnbb.org.br\/?p=861198"},"modified":"2021-12-23T11:15:32","modified_gmt":"2021-12-23T14:15:32","slug":"realidade-do-tempo","status":"publish","type":"post","link":"https:\/\/www.cnbb.org.br\/realidade-do-tempo\/","title":{"rendered":"Realidade do tempo"},"content":{"rendered":"<p style=\"text-align: right;\"><strong>Dom Genival Saraiva<\/strong><br \/>\n<strong>Bispo Em\u00e9rito de Palmares (PE)<\/strong><\/p>\n<p>&nbsp;<\/p>\n<p style=\"text-align: justify;\">O ser humano tem a capacidade de viver a realidade do tempo, na normalidade do cotidiano, em face de momentos previstos no calend\u00e1rio e diante de acontecimentos inesperados. Isso acontece na vida de qualquer pessoa, com maior, menor ou, mesmo, sem qualquer consci\u00eancia desse fen\u00f4meno e de suas repercuss\u00f5es que, obviamente, s\u00e3o compreendidas conforme a pr\u00f3pria medida intelectual, psicol\u00f3gica, espiritual. Certo \u00e9 reconhecimento de que nada \u00e9 indiferente, neutro, na exist\u00eancia humana, uma vez que tudo tem valor, pre\u00e7o e consequ\u00eancia. Isso deveria ser sempre objeto de aten\u00e7\u00f5es e cuidados humanos, sob pena de se pagar um tributo existencial que tem um determinado n\u00edvel de gravidade, quando as coisas n\u00e3o andam \u201cna linha certa\u201d. S\u00e1bia \u00e9 a orienta\u00e7\u00e3o da Igreja, por ocasi\u00e3o do t\u00e9rmino e in\u00edcio do ano lit\u00fargico que, como se sabe, n\u00e3o coincide com o calend\u00e1rio do ano civil. Tendo como refer\u00eancia a celebra\u00e7\u00e3o do Mist\u00e9rio de Cristo, da prepara\u00e7\u00e3o do Natal do Senhor, com o tempo do Advento, \u00e0 Solenidade de Jesus Cristo Rei do Universo, no \u00faltimo domingo do Tempo Comum, identifica-se o car\u00e1ter de continuidade da vida de ora\u00e7\u00e3o do povo de Deus que considera, na verdade, a realidade do tempo e a dimens\u00e3o de eternidade. Assim, a palavra de Deus e a ora\u00e7\u00e3o lit\u00fargica da Igreja acentuam a necessidade de prepara\u00e7\u00e3o e de vigil\u00e2ncia dos fi\u00e9is, diante da realidade que vivem e em face do que h\u00e1 de vir. Profetas, no Antigo Testamento, Jo\u00e3o Batista, personagem principal da passagem da Antiga para a Nova Alian\u00e7a, e o pr\u00f3prio Jesus Cristo tocam na tecla da vigil\u00e2ncia, atitude precavida de quem tem consci\u00eancia da relatividade das \u201ccoisas terrenas\u201d, quando confrontadas com a natureza das \u201ccoisas do alto\u201d. \u00a0Para a compreens\u00e3o de tudo isso, tenha-se presente a leitura de S\u00e3o Paulo, em suas Cartas, sobre cidadania terrestre e celeste \u2013 \u201ccoisas terrenas\u201d, aquilo \u201cque \u00e9 da terra\u201d, \u201ccoisas do alto\u201d, \u201ccidad\u00e3os do c\u00e9u\u201d (cf Fl 3 19-20; Cl 3 1-4)<\/p>\n<p style=\"text-align: justify;\">A essa altura do calend\u00e1rio lit\u00fargico e civil, os sentimentos, as atitudes e as expectativas do povo convergem para as \u201cfestas de fim de ano\u201d que compreendem o Natal e a passagem de ano. Por sua natureza, o Natal \u00e9 celebrado, liturgicamente, com car\u00e1ter predominantemente familiar e comunit\u00e1rio. A criatura humana, com ou sem \u00edndole religiosa, identifica-se com Jesus, em raz\u00e3o de sua humanidade. Conhecendo o ensinamento da Igreja e aderindo mediante a f\u00e9, os crist\u00e3os compreendem a exata dimens\u00e3o da humaniza\u00e7\u00e3o de Deus porque sabem que Jesus foi \u201cconcebido pelo poder do Esp\u00edrito Santo\u201d e \u201cnasceu da Virgem Maria\u201d. Esse \u00e9 o mist\u00e9rio do Natal do Senhor: \u201cAssim, pois, Deus amou o mundo: a ponto de dar o Unig\u00eanito, a fim de que todo aquele que nele crer n\u00e3o pere\u00e7a, mas tenha a vida eterna. Pois Deus n\u00e3o enviou o Filho ao mundo para julgar o mundo, mas para que o mundo seja salvo por ele.\u201d (Jo 3 16-17) O autor da Carta aos Hebreus ensina essa mesma verdade: \u201cDe fato, n\u00e3o temos um sumo sacerdote incapaz de se compadecer de nossas fraquezas, j\u00e1 que em tudo foi provado como n\u00f3s, mas sem pecado.\u201d (Hb 4,15). A esse respeito, escreveu Santo Agostinho: \u201cDesperta, \u00f3 homem: por tua causa Deus se fez homem. [&#8230;] Por tua causa, repito, Deus se fez homem. [&#8230;] Celebremos com alegria a vinda de nossa salva\u00e7\u00e3o e reden\u00e7\u00e3o. Celebremos este dia de festa, em que o grande e eterno Dia, gerado pelo Dia grande e eterno, veio a este nosso dia temporal e t\u00e3o breve.\u201d<\/p>\n<p style=\"text-align: justify;\">Por sua vez, a passagem de ano \u00e9 marcada por uma leitura especial, feita por qualquer pessoa, considerando marcas significativas na sua vida e conviv\u00eancia, do in\u00edcio ao t\u00e9rmino desse per\u00edodo de trezentos e sessenta e cinco dias. Assim, para todas as pessoas, em qualquer parte do planeta, as marcas dolorosas da Covid-19 est\u00e3o registradas nas inesquec\u00edveis estat\u00edsticas de contamina\u00e7\u00f5es e mortes no Brasil e no mundo, n\u00e3o obstante a constata\u00e7\u00e3o dos resultados animadores da vacina\u00e7\u00e3o. Diante desse quadro, o Rev\u00e9illion, comemorado socialmente como \u201cfesta de passagem para o ano novo\u201d, necessariamente, ser\u00e1 disciplinado pelas pol\u00edticas p\u00fablicas, no mundo inteiro, de conformidade a realidade nacional, regional e local, em face dos perigos concretos ou iminentes que a variante \u00f4micron trouxe para a humanidade.<\/p>\n<p style=\"text-align: justify;\">Ao viver a realidade do tempo, no contexto de t\u00e9rmino e in\u00edcio de ano lit\u00fargico e ano civil, o esp\u00edrito de vigil\u00e2ncia, a atitude de preven\u00e7\u00e3o e a consci\u00eancia de cidadania s\u00e3o par\u00e2metros que norteiam a pr\u00e1tica de vida das pessoas que creem no Deus-Menino, das que se regem pelos ditames da lei natural e das seguem as normas de suas respectivas inst\u00e2ncias sociais e pol\u00edticas.<\/p>\n<p>&nbsp;<\/p>\n<p>&nbsp;<\/p>\n","protected":false},"excerpt":{"rendered":"<p>Dom Genival Saraiva Bispo Em\u00e9rito de Palmares (PE) &nbsp; O ser humano tem a capacidade de viver a realidade do tempo, na normalidade do cotidiano, em face de momentos previstos no calend\u00e1rio e diante de acontecimentos inesperados. Isso acontece na vida de qualquer pessoa, com maior, menor ou, mesmo, sem qualquer consci\u00eancia desse fen\u00f4meno e &hellip;<\/p>\n<p class=\"read-more\"> <a class=\"\" href=\"https:\/\/www.cnbb.org.br\/realidade-do-tempo\/\"> <span class=\"screen-reader-text\">Realidade do tempo<\/span> Leia mais &raquo;<\/a><\/p>\n","protected":false},"author":59,"featured_media":0,"comment_status":"open","ping_status":"open","sticky":false,"template":"","format":"standard","meta":{"site-sidebar-layout":"default","site-content-layout":"default","ast-global-header-display":"","ast-banner-title-visibility":"","ast-main-header-display":"","ast-hfb-above-header-display":"","ast-hfb-below-header-display":"","ast-hfb-mobile-header-display":"","site-post-title":"","ast-breadcrumbs-content":"","ast-featured-img":"","footer-sml-layout":"","theme-transparent-header-meta":"default","adv-header-id-meta":"","stick-header-meta":"","header-above-stick-meta":"","header-main-stick-meta":"","header-below-stick-meta":""},"categories":[758],"tags":[],"acf":[],"_links":{"self":[{"href":"https:\/\/www.cnbb.org.br\/cnbb-app\/wp\/v2\/posts\/861198"}],"collection":[{"href":"https:\/\/www.cnbb.org.br\/cnbb-app\/wp\/v2\/posts"}],"about":[{"href":"https:\/\/www.cnbb.org.br\/cnbb-app\/wp\/v2\/types\/post"}],"author":[{"embeddable":true,"href":"https:\/\/www.cnbb.org.br\/cnbb-app\/wp\/v2\/users\/59"}],"replies":[{"embeddable":true,"href":"https:\/\/www.cnbb.org.br\/cnbb-app\/wp\/v2\/comments?post=861198"}],"version-history":[{"count":0,"href":"https:\/\/www.cnbb.org.br\/cnbb-app\/wp\/v2\/posts\/861198\/revisions"}],"wp:attachment":[{"href":"https:\/\/www.cnbb.org.br\/cnbb-app\/wp\/v2\/media?parent=861198"}],"wp:term":[{"taxonomy":"category","embeddable":true,"href":"https:\/\/www.cnbb.org.br\/cnbb-app\/wp\/v2\/categories?post=861198"},{"taxonomy":"post_tag","embeddable":true,"href":"https:\/\/www.cnbb.org.br\/cnbb-app\/wp\/v2\/tags?post=861198"}],"curies":[{"name":"wp","href":"https:\/\/api.w.org\/{rel}","templated":true}]}}