{"id":861201,"date":"2021-12-23T11:17:21","date_gmt":"2021-12-23T14:17:21","guid":{"rendered":"https:\/\/www.cnbb.org.br\/?p=861201"},"modified":"2021-12-23T11:18:17","modified_gmt":"2021-12-23T14:18:17","slug":"ele-se-deu-a-conhecer","status":"publish","type":"post","link":"https:\/\/www.cnbb.org.br\/ele-se-deu-a-conhecer\/","title":{"rendered":"Ele se deu a conhecer"},"content":{"rendered":"<p style=\"text-align: right;\"><strong>Cardeal Orani Jo\u00e3o Tempesta<br \/>\n<\/strong><strong>Arcebispo do Rio de Janeiro (RJ)<\/strong><\/p>\n<p style=\"text-align: justify;\">\n<p style=\"text-align: justify;\">\u00c9 Natal no mundo! H\u00e1 um contagio do bem! N\u00f3s, cat\u00f3licos, ap\u00f3s a caminhada do Advento, chegamos a este dia, oitava e tempo solenes com muita alegria!\u00a0 \u201cAnuncio-vos uma grande alegria (\u2026): hoje, na cidade de Davi, nasceu-vos um Salvador, que \u00e9 o Messias Senhor\u201d (Lc 2, 10-11). Neste dia solene, ressoa o an\u00fancio do Anjo que \u00e9 um convite \u2013 dirigido tamb\u00e9m a n\u00f3s, homens e mulheres do terceiro mil\u00eanio \u2013 para acolher o Salvador. Que a humanidade atual n\u00e3o hesite em faz\u00ea-Lo entrar nas suas casas, nas cidades, nas na\u00e7\u00f5es e em qualquer \u00e2ngulo da Terra!<\/p>\n<p style=\"text-align: justify;\">\u00c9 com imensa alegria que devemos anunciar a mensagem do Natal: Deus fez-Se homem, veio habitar no meio de n\u00f3s. Deus n\u00e3o est\u00e1 longe: est\u00e1 perto, mais ainda, \u00e9 o Emanuel, Deus-Conosco. N\u00e3o \u00e9 um desconhecido: tem um rosto, o rosto de Jesus.<\/p>\n<p style=\"text-align: justify;\">Trata-se de uma mensagem sempre nova, que n\u00e3o cessa de surpreender, porque ultrapassa a nossa esperan\u00e7a mais ousada. Sobretudo porque n\u00e3o se trata apenas de um an\u00fancio: \u00e9 um acontecimento, um fato sucedido, que testemunhas cred\u00edveis viram, ouviram, tocaram na pessoa de Jesus de Nazar\u00e9! Permanecendo com Ele, observando os seus atos e escutando as suas palavras, reconheceram em Jesus o Messias; e, ao v\u00ea-Lo ressuscitado, depois que fora crucificado, tiveram a certeza de que Ele, verdadeiro homem, era simultaneamente verdadeiro Deus, o Filho Unig\u00eanito vindo do Pai, cheio de Gra\u00e7a e de Verdade (Jo 1, 14).<\/p>\n<p style=\"text-align: justify;\">\u201cDesperta, \u00f3 homem! Por ti, Deus se fez homem\u201d (Santo Agostinho). \u00d3, homem moderno, adulto e, todavia, \u00e0s vezes d\u00e9bil de pensamento e de vontade, deixa o Menino de Bel\u00e9m conduzir-te pela m\u00e3o; n\u00e3o temas, confia n\u2019Ele! Deus\u00a0se fez homem por amor do homem!<\/p>\n<p style=\"text-align: justify;\">Somos convidados a formar coro com os Anjos: Gl\u00f3ria a Deus no mais alto dos c\u00e9us e paz na Terra \u00e0s pessoas de boa vontade. Chegou a salva\u00e7\u00e3o! A luz se manifestou para iluminar os caminhos da humanidade, que anseia por paz e fraternidade. Deus se torna presente em nosso meio. A palavra se fez carne e veio morar junto a n\u00f3s!<\/p>\n<p style=\"text-align: justify;\">Neste dia solene, ressoa o an\u00fancio do Anjo que \u00e9 um convite \u2013 dirigido tamb\u00e9m a n\u00f3s para acolher o Salvador. Que a humanidade atual n\u00e3o hesite em acolh\u00ea-Lo em suas casas, cidades, na\u00e7\u00f5es e, em qualquer \u00e2ngulo da Terra! Nos \u00faltimos s\u00e9culos, foram muitos os progressos realizados em campo t\u00e9cnico e cient\u00edfico e podemos dispor, hoje, de vastos recursos materiais. Mas o homem da era tecnol\u00f3gica corre o risco de ser v\u00edtima dos pr\u00f3prios \u00eaxitos da sua intelig\u00eancia e dos resultados das suas capacidades inventivas, caminhando para uma atrofia espiritual, um vazio do cora\u00e7\u00e3o. Por isso, \u00e9 importante abrir a sua mente e o seu cora\u00e7\u00e3o ao Natal de Cristo, acontecimento de salva\u00e7\u00e3o capaz de imprimir uma renovada esperan\u00e7a \u00e0 exist\u00eancia de todo o ser humano.<\/p>\n<p style=\"text-align: justify;\">Vamos \u00e0 gruta de Bel\u00e9m acolhendo a grande novidade e imensa alegria! Tenhamos nossa alma mais delicada, mais limpa, mais alegre por ser mais consciente da filia\u00e7\u00e3o divina, e bem preparada por meio de uma confiss\u00e3o realmente contrita, a fim de que o Senhor resida com mais plenitude em n\u00f3s: essa confiss\u00e3o que talvez Deus esteja esperando h\u00e1 tanto tempo\u2026<\/p>\n<p style=\"text-align: justify;\">Os anjos, assim como Maria e Jos\u00e9 est\u00e3o nos convidando a entrar. E, j\u00e1 dentro, dizemos a Jesus com a Igreja: \u201cRei do universo, a quem os pastores encontraram envolto em panos, ajudai-nos a imitar sempre a vossa pobreza e a vossa simplicidade\u201d (Preces das Laudes).<\/p>\n<p style=\"text-align: justify;\">Sejamos anunciadores da Boa Nova da Salva\u00e7\u00e3o que veio at\u00e9 n\u00f3s! Na verdade, para que serviria celebrar o Natal de Jesus se os crist\u00e3os n\u00e3o soubessem anunci\u00e1-Lo aos seus irm\u00e3os com a sua pr\u00f3pria vida? Celebra verdadeiramente o Natal todo aquele que, em si mesmo, acolhe o Salvador, com f\u00e9 e com amor cada vez mais intensos, aquele que O deixa nascer e viver em seu cora\u00e7\u00e3o para que possa manifestar-Se ao mundo na bondade, benignidade e doa\u00e7\u00e3o generosa de quantos n\u2019Ele acreditamos.<\/p>\n<p style=\"text-align: justify;\">Dirijamo-nos ao Menino de Bel\u00e9m, ao Filho da Virgem Maria e digamos: \u201cVinde salvar-nos\u201d! Repitamo-lo em uni\u00e3o espiritual com tantas pessoas que atravessam situa\u00e7\u00f5es particularmente dif\u00edceis, fazendo-nos voz de quem a n\u00e3o tem.<\/p>\n<p style=\"text-align: justify;\">Acolhamos o Natal de Cristo como um acontecimento capaz de renovar, hoje, a nossa exist\u00eancia. O encontro com o Menino Jesus fa\u00e7a de n\u00f3s pessoas que n\u00e3o pensam unicamente em si mesmas, mas que se abram \u00e0s expectativas e \u00e0s necessidades dos irm\u00e3os. Desta maneira, tornarmo-nos tamb\u00e9m n\u00f3s testemunhas da luz que o Natal irradia sobre a humanidade do terceiro mil\u00eanio. Pe\u00e7amos a Maria Sant\u00edssima, tabern\u00e1culo do Verbo encarnado, e a S\u00e3o Jos\u00e9, silenciosa testemunha dos acontecimentos da salva\u00e7\u00e3o, que nos transmitam os sentimentos que eles nutriam enquanto esperavam o nascimento de Jesus e que agora experimentam na presen\u00e7a do Menino Deus rec\u00e9m-nascido!<\/p>\n<p style=\"text-align: justify;\">Um Feliz e Santo Natal!<\/p>\n<p>&nbsp;<\/p>\n<p>&nbsp;<\/p>\n<p>&nbsp;<\/p>\n<p>&nbsp;<\/p>\n","protected":false},"excerpt":{"rendered":"<p>Cardeal Orani Jo\u00e3o Tempesta Arcebispo do Rio de Janeiro (RJ) \u00c9 Natal no mundo! H\u00e1 um contagio do bem! N\u00f3s, cat\u00f3licos, ap\u00f3s a caminhada do Advento, chegamos a este dia, oitava e tempo solenes com muita alegria!\u00a0 \u201cAnuncio-vos uma grande alegria (\u2026): hoje, na cidade de Davi, nasceu-vos um Salvador, que \u00e9 o Messias Senhor\u201d &hellip;<\/p>\n<p class=\"read-more\"> <a class=\"\" href=\"https:\/\/www.cnbb.org.br\/ele-se-deu-a-conhecer\/\"> <span class=\"screen-reader-text\">Ele se deu a conhecer<\/span> Leia mais &raquo;<\/a><\/p>\n","protected":false},"author":31,"featured_media":0,"comment_status":"open","ping_status":"open","sticky":false,"template":"","format":"standard","meta":{"site-sidebar-layout":"default","site-content-layout":"default","ast-global-header-display":"","ast-banner-title-visibility":"","ast-main-header-display":"","ast-hfb-above-header-display":"","ast-hfb-below-header-display":"","ast-hfb-mobile-header-display":"","site-post-title":"","ast-breadcrumbs-content":"","ast-featured-img":"","footer-sml-layout":"","theme-transparent-header-meta":"default","adv-header-id-meta":"","stick-header-meta":"","header-above-stick-meta":"","header-main-stick-meta":"","header-below-stick-meta":""},"categories":[758],"tags":[],"acf":[],"_links":{"self":[{"href":"https:\/\/www.cnbb.org.br\/cnbb-app\/wp\/v2\/posts\/861201"}],"collection":[{"href":"https:\/\/www.cnbb.org.br\/cnbb-app\/wp\/v2\/posts"}],"about":[{"href":"https:\/\/www.cnbb.org.br\/cnbb-app\/wp\/v2\/types\/post"}],"author":[{"embeddable":true,"href":"https:\/\/www.cnbb.org.br\/cnbb-app\/wp\/v2\/users\/31"}],"replies":[{"embeddable":true,"href":"https:\/\/www.cnbb.org.br\/cnbb-app\/wp\/v2\/comments?post=861201"}],"version-history":[{"count":0,"href":"https:\/\/www.cnbb.org.br\/cnbb-app\/wp\/v2\/posts\/861201\/revisions"}],"wp:attachment":[{"href":"https:\/\/www.cnbb.org.br\/cnbb-app\/wp\/v2\/media?parent=861201"}],"wp:term":[{"taxonomy":"category","embeddable":true,"href":"https:\/\/www.cnbb.org.br\/cnbb-app\/wp\/v2\/categories?post=861201"},{"taxonomy":"post_tag","embeddable":true,"href":"https:\/\/www.cnbb.org.br\/cnbb-app\/wp\/v2\/tags?post=861201"}],"curies":[{"name":"wp","href":"https:\/\/api.w.org\/{rel}","templated":true}]}}