{"id":861237,"date":"2021-12-23T14:45:02","date_gmt":"2021-12-23T17:45:02","guid":{"rendered":"https:\/\/www.cnbb.org.br\/?p=861237"},"modified":"2021-12-23T14:46:40","modified_gmt":"2021-12-23T17:46:40","slug":"missa-da-aurora-de-natal","status":"publish","type":"post","link":"https:\/\/www.cnbb.org.br\/missa-da-aurora-de-natal\/","title":{"rendered":"Missa da Aurora de Natal"},"content":{"rendered":"<p style=\"text-align: right;\"><strong>Dom Eurico dos Santos Veloso<br \/>\n<\/strong><strong>Arcebispo Em\u00e9rito de Juiz de Fora (MG)<\/strong><\/p>\n<p style=\"text-align: justify;\">\n<p style=\"text-align: justify;\">\u00a0\u00a0\u00a0\u00a0\u00a0\u00a0\u00a0\u00a0 Alegremo-nos com a not\u00edcia que recebemos: Jesus nasceu para nos salvar. Vamos a Bel\u00e9m ver o Rei do Mundo. Cantemos, com grande exulta\u00e7\u00e3o: \u201cGl\u00f3ria a Deus nas alturas e paz na terra aos homens de boa vontade!\u201d. Eu, de cora\u00e7\u00e3o aberto, acrescentaria: Paz na terra aos homens que agem com retid\u00e3o! Precisamos de muita retid\u00e3o num mundo desorientado como o que estamos vivendo!<\/p>\n<p style=\"text-align: justify;\">\u00a0\u00a0\u00a0\u00a0\u00a0\u00a0\u00a0\u00a0 A Missa da Aurora \u00e9 sempre celebrada na madrugada do dia de Natal em perfeita sintonia com a missa da Vig\u00edlia e a missa da Noite de Natal. Quem participa desta missa n\u00e3o est\u00e1 desobrigado do preceito da participa\u00e7\u00e3o da missa do \u00a0Dia do Natal.<\/p>\n<p style=\"text-align: justify;\">\u00a0\u00a0\u00a0\u00a0\u00a0\u00a0\u00a0\u00a0 A Primeira Leitura \u2013 Is 62,11-12 \u2013 nos fala que est\u00e1 chegando o teu Salvador. O profeta Isa\u00edas anuncia a alegria de um povo resgatado pelo Senhor. Esta beleza ressoa em nossos ouvidos e, tamb\u00e9m, n\u00f3s podemos nos contar entre aqueles aos quais chega \u00e0 salva\u00e7\u00e3o. \u00c9 por isso que n\u00e3o podemos nos considerar abandonados, mas enriquecidos e reanimados pela gra\u00e7a do Senhor.<\/p>\n<p style=\"text-align: justify;\">\u00a0\u00a0\u00a0\u00a0\u00a0\u00a0\u00a0\u00a0 O Salmista, de modo belo e s\u00e1bio, nos recorda ao cantar: \u201cUma luz j\u00e1 se levanta para os justos, e a alegria, para os retos cora\u00e7\u00f5es!\u201d (Sl 96,11).<\/p>\n<p style=\"text-align: justify;\">\u00a0\u00a0\u00a0\u00a0\u00a0\u00a0\u00a0\u00a0 A Segunda Leitura \u2013 Tt3,4-7 \u2013 Ele salvou-nos por sua miseric\u00f3rdia. O amor de Deus, por Jesus, na a\u00e7\u00e3o do Esp\u00edrito Santo aos homens \u00e9 vivido na compaix\u00e3o e na miseric\u00f3rdia, quando renascemos e fomos renovamos no batismo pelo Esp\u00edrito Santo, que ele derramou abundantemente sobre n\u00f3s por meio de nosso Salvador Jesus Cristo.<\/p>\n<p style=\"text-align: justify;\">\u00a0\u00a0\u00a0\u00a0\u00a0\u00a0\u00a0\u00a0 No Evangelho \u2013 Lc 2,15-20 \u2013 deparamo-nos com os pastores que encontraram Maria e Jos\u00e9 e o rec\u00e9m-nascido. Os primeiros que foram adorar o Senhor foram os pastores que eram exclu\u00eddos da sociedades. \u00a0Nesta hora santa nos colocamos na estrada com os pastores indo a Bel\u00e9m para ver o que o Senhor nos preparou. Vamos com os cora\u00e7\u00f5es cheios de alegria, repletos de expectativa para testemunhar coisas que\u00a0 nunca nos foram contadas e que nenhum olho jamais viu ou nenhum ouvido jamais escutou. Ouviremos e meditaremos em nosso cora\u00e7\u00e3o, como Maria fazia em seu sil\u00eancio; ouviremos e contaremos, levando ao mundo inteiro uma not\u00edcia de paz, porque Deus quis vir morar em nosso meio, nascendo em uma fr\u00e1gil manjedoura, ali pertinho, em Bel\u00e9m.<\/p>\n<p style=\"text-align: justify;\">\u00a0\u00a0\u00a0\u00a0\u00a0\u00a0\u00a0\u00a0 \u201cE o verbo se fez carne e habitou entre n\u00f3s!\u201d(Jo 1,14). Revigorando alegrias, renascendo saudades, desculpando-se das omiss\u00f5es, fazendo prop\u00f3sitos de novas realiza\u00e7\u00f5es, repletos de esperan\u00e7a pelo nascimento do Menino Deus desejo-lhe um Santo e aben\u00e7oado Natal. Jesus \u00e9 a luz do mundo que nesta aurora ilumina a humanidade para construir a paz! Santo Natal!<\/p>\n<p>&nbsp;<\/p>\n<p>&nbsp;<\/p>\n<p><strong>\u00a0<\/strong><\/p>\n","protected":false},"excerpt":{"rendered":"<p>Dom Eurico dos Santos Veloso Arcebispo Em\u00e9rito de Juiz de Fora (MG) \u00a0\u00a0\u00a0\u00a0\u00a0\u00a0\u00a0\u00a0 Alegremo-nos com a not\u00edcia que recebemos: Jesus nasceu para nos salvar. Vamos a Bel\u00e9m ver o Rei do Mundo. Cantemos, com grande exulta\u00e7\u00e3o: \u201cGl\u00f3ria a Deus nas alturas e paz na terra aos homens de boa vontade!\u201d. Eu, de cora\u00e7\u00e3o aberto, acrescentaria: &hellip;<\/p>\n<p class=\"read-more\"> <a class=\"\" href=\"https:\/\/www.cnbb.org.br\/missa-da-aurora-de-natal\/\"> <span class=\"screen-reader-text\">Missa da Aurora de Natal<\/span> Leia mais &raquo;<\/a><\/p>\n","protected":false},"author":73,"featured_media":0,"comment_status":"open","ping_status":"open","sticky":false,"template":"","format":"standard","meta":{"site-sidebar-layout":"default","site-content-layout":"default","ast-global-header-display":"","ast-banner-title-visibility":"","ast-main-header-display":"","ast-hfb-above-header-display":"","ast-hfb-below-header-display":"","ast-hfb-mobile-header-display":"","site-post-title":"","ast-breadcrumbs-content":"","ast-featured-img":"","footer-sml-layout":"","theme-transparent-header-meta":"default","adv-header-id-meta":"","stick-header-meta":"","header-above-stick-meta":"","header-main-stick-meta":"","header-below-stick-meta":""},"categories":[758],"tags":[],"acf":[],"_links":{"self":[{"href":"https:\/\/www.cnbb.org.br\/cnbb-app\/wp\/v2\/posts\/861237"}],"collection":[{"href":"https:\/\/www.cnbb.org.br\/cnbb-app\/wp\/v2\/posts"}],"about":[{"href":"https:\/\/www.cnbb.org.br\/cnbb-app\/wp\/v2\/types\/post"}],"author":[{"embeddable":true,"href":"https:\/\/www.cnbb.org.br\/cnbb-app\/wp\/v2\/users\/73"}],"replies":[{"embeddable":true,"href":"https:\/\/www.cnbb.org.br\/cnbb-app\/wp\/v2\/comments?post=861237"}],"version-history":[{"count":0,"href":"https:\/\/www.cnbb.org.br\/cnbb-app\/wp\/v2\/posts\/861237\/revisions"}],"wp:attachment":[{"href":"https:\/\/www.cnbb.org.br\/cnbb-app\/wp\/v2\/media?parent=861237"}],"wp:term":[{"taxonomy":"category","embeddable":true,"href":"https:\/\/www.cnbb.org.br\/cnbb-app\/wp\/v2\/categories?post=861237"},{"taxonomy":"post_tag","embeddable":true,"href":"https:\/\/www.cnbb.org.br\/cnbb-app\/wp\/v2\/tags?post=861237"}],"curies":[{"name":"wp","href":"https:\/\/api.w.org\/{rel}","templated":true}]}}