{"id":861239,"date":"2021-12-23T14:47:49","date_gmt":"2021-12-23T17:47:49","guid":{"rendered":"https:\/\/www.cnbb.org.br\/?p=861239"},"modified":"2021-12-23T14:48:38","modified_gmt":"2021-12-23T17:48:38","slug":"abra-a-porta","status":"publish","type":"post","link":"https:\/\/www.cnbb.org.br\/abra-a-porta\/","title":{"rendered":"Abra a porta"},"content":{"rendered":"<p style=\"text-align: right;\"><strong>Dom Alberto Taveira Corr\u00eaa<br \/>\n<\/strong><strong>Arcebispo de Bel\u00e9m do Par\u00e1 (PA)<\/strong><\/p>\n<p>&nbsp;<\/p>\n<p style=\"text-align: justify;\">\u00a0\u00a0\u00a0\u00a0\u00a0\u00a0\u00a0\u00a0 Jesus nasceu em Bel\u00e9m em vista de uma entrega de vida pela nossa salva\u00e7\u00e3o. Bel\u00e9m aconteceu em vista de Jerusal\u00e9m. Na Liturgia da Igreja, tudo o que se celebra acontece em torno do Mist\u00e9rio da Morte e Ressurrei\u00e7\u00e3o de Cristo. Participar da Missa de Natal \u00e9 celebrar a P\u00e1scoa de Cristo, sempre presente, luz definitiva para todos os acontecimentos, para passarmos da morte para a vida, sinal de esperan\u00e7a para toda a humanidade. A \u201cCasa do P\u00e3o\u201d por excel\u00eancia \u00e9 a Mesa Eucar\u00edstica!<\/p>\n<p style=\"text-align: justify;\">Tomamos a liberdade de relembrar um canto magn\u00edfico, por sinal, de Semana Santa, que reza assim; \u201cAbra a porta povo, que ele vem Jesus, ele vem cansado com o peso da Cruz&#8230; Que Jesus \u00e9 meu, e eu sou de Jesus, Jesus vai comigo, e eu vou com Jesus\u201d. \u00c0 luz do Mist\u00e9rio de Morte e Ressurrei\u00e7\u00e3o de Cristo, queremos fazer do presente Natal uma festa de portas abertas, num tempo em que muitos se afastaram do pres\u00e9pio, tantos perderam o rumo da estrela de Bel\u00e9m, e o fantasma da indiferen\u00e7a se espalha como rastilho de p\u00f3lvora, suscitando generalizada perda de sentido, gritando por compromisso mission\u00e1rio, a fim de que portas se abram e todos venham a experimentar-se unidos a Jesus.<\/p>\n<p style=\"text-align: justify;\">A porta do Pres\u00e9pio est\u00e1 aberta, sem limites para qualquer pessoa. Da parte de Deus, n\u00e3o h\u00e1 exclus\u00f5es programadas. \u00c9 importante anunciar esta verdade por toda parte. Podemos at\u00e9 dar desculpas! Um pensa ser muito pequeno para estar diante de Deus, outra pessoa tem uma \u201cficha suja\u201d de dar vergonha! Pode haver gente que se sinta julgada pelos conceitos que se espalharam, com as etiquetas que criamos uns para os outros! O convite do Natal \u00e9 correr atr\u00e1s da porta aberta, descobrir a estrada que conduz a Bel\u00e9m, sem medo de quem quer que seja!<\/p>\n<p style=\"text-align: justify;\">Vale olhar um pouco para as pessoas que acorreram primeiro para conhecer Jesus. Os pastores, homens simples e pobres que cuidavam de seus rebanhos. Seu lugar eram as periferias de Bel\u00e9m e foram os primeiros a receber o an\u00fancio vindo do C\u00e9u. Outro grupo, estrangeiros que chamamos de Reis Magos, pessoas cujas normas religiosas vigentes seriam consideradas rejeitadas e exclu\u00eddas. No entanto, a estrela que os conduziu era sinal da busca ansiosa pela verdade, e sabemos que verdade tem nome, \u00e9 Jesus Cristo.<\/p>\n<p style=\"text-align: justify;\">Se partimos de Bel\u00e9m de Jud\u00e1 e percorrermos as estradas da Judeia e da Galileia, e Galileia era sin\u00f4nimo de vizinhan\u00e7a com o paganismo, encontraremos uma leva de gente machucada, coxos, aleijados, cegos, paral\u00edticos, surdos e mudos, publicanos, pecadores de todo tipo, prostitutas, estrangeiros. A marca da presen\u00e7a de Jesus, cujo nome quer dizer \u201cDeus salva\u201d, \u00e9 acolher a todos, sem julgamentos. Grande alegria pode brotar dentro do cora\u00e7\u00e3o, refor\u00e7ando o fato de que Deus quer salvar a todos!<\/p>\n<p style=\"text-align: justify;\">Passo seguinte \u00e9 descobrir os caminhos para que o Natal e toda a hist\u00f3ria de nossa salva\u00e7\u00e3o escrita pelo Senhor Salvador, cheguem a todas as pessoas que ainda n\u00e3o t\u00eam conhecimento dele e de seu amor. Comecemos com o nosso cora\u00e7\u00e3o. Celebrar o Natal signifique vencer preconceitos e julgamentos em rela\u00e7\u00e3o a todas as pessoas e situa\u00e7\u00f5es humanas. N\u00e3o significa dizer que tudo o que se diz ou se faz \u00e9 certo ou correto, mas quer dizer que a valoriza\u00e7\u00e3o do bem existente em pessoas que seriamos levados a condenar ser\u00e1 com certeza mais eficaz para que as pessoas se conscientizem e sejam conduzidas a uma vida nova. Um sorriso aberto, m\u00e3os estendidas, abra\u00e7o sincero! Gestos que se tornam questionadores por si mesmos, sem palavras condenat\u00f3rias.<\/p>\n<p style=\"text-align: justify;\">No ambiente antes lembrado de indiferentismo que se espalha por toda parte, s\u00f3 o amor e a capacidade de ouvir poder\u00e1 abrir horizontes de di\u00e1logo e relacionamento. Acreditar que Jesus, o Jesus do Natal e do Mist\u00e9rio Pascal est\u00e1 presente quando as pessoas se querem bem, esta \u00e9 a estrada! Nada \u00e9 mais forte do amor, com o qual se vai ao encontro de qualquer pessoa! A primeira porta que se abre sou eu mesmo!<\/p>\n<p style=\"text-align: justify;\">Natal \u00e9 ainda apelo \u00e0 miss\u00e3o, pois a abertura das portas depende do ferrolho que s\u00f3 se encontra dentro do cora\u00e7\u00e3o de cada pessoa. Entrar no Pres\u00e9pio pede ainda a capacidade de sair para levar aos outros a mensagem das portas abertas, com a qual o amor eterno de Deus veio ao encontro da humanidade. E aqui um gesto que \u00e9 verdadeira arte: dar o primeiro passo! Cumprimentar os vizinhos \u00e9 miss\u00e3o! Participar de campanhas de partilha e caridade \u00e9 miss\u00e3o. Ser o primeiro a dar resposta quando a Par\u00f3quia pede um servi\u00e7o \u00e9 miss\u00e3o. Perdoar e ir ao encontro da pessoa que tem algo contra n\u00f3s \u00e9 miss\u00e3o! Fazer a experi\u00eancia do amor rec\u00edproco, em que aprendemos a dar e receber aten\u00e7\u00f5es, tamb\u00e9m isso \u00e9 miss\u00e3o!<\/p>\n<p style=\"text-align: justify;\">Vale recordar que as portas da Igreja devem estar sempre abertas, superando burocracia, cara fechada, m\u00e1 vontade! Quantas pessoas simples e desejosas de acolhimento podem estar receosas de se aproximarem de nossas igrejas, Par\u00f3quias e Comunidades. A pastoral da acolhida e a pastoral a visita\u00e7\u00e3o t\u00eam sido uma experi\u00eancia preciosa.<\/p>\n<p style=\"text-align: justify;\">Uma Igreja de portas abertas \u00e9 tamb\u00e9m o espa\u00e7o para as voca\u00e7\u00f5es, e isso tamb\u00e9m \u00e9 Natal! Se nossas fam\u00edlias forem acolhedoras com os mais pobres, se desde pequenas as crian\u00e7as aprenderem a sensibilidade para a caridade e o servi\u00e7o, teremos terreno f\u00e9rtil para Deus chamar especialmente os jovens ao seu servi\u00e7o. O Natal se irradia envolvendo a todos, fazendo cada pessoa descobrir o seu lugar e seu modo de fazer o bem. Acrescente-se a isso a supera\u00e7\u00e3o dos julgamentos, pois Deus tem um olhar \u00fanico para cada pessoa. Ningu\u00e9m considere menos importante o caminho percorrido pelos outros dentro da Igreja, pois h\u00e1 lugar para todos. Ali\u00e1s, o pr\u00f3prio Senhor disse que na Casa do Pai h\u00e1 muitas moradas (Cf. Jo 14,2). Podemos come\u00e7ar aqui!<\/p>\n<p style=\"text-align: justify;\">N\u00e3o \u00e9 dif\u00edcil entender que o Natal da Igreja \u00e9 muito mais abrangente do que qualquer outra manifesta\u00e7\u00e3o festiva existente. Assim \u00e9 que nossa Igreja, sem desprezar as leg\u00edtimas express\u00f5es emocionais e afetivas, deseja ampliar o horizonte, com as condi\u00e7\u00f5es necess\u00e1rias a um ano novo diferente, marcado pela for\u00e7a do Evangelho. Desejamos que dois espa\u00e7os sejam valorizados no Natal, com as propostas que fazemos, a participa\u00e7\u00e3o nas celebra\u00e7\u00f5es lit\u00fargicas e a fam\u00edlia!<\/p>\n<p style=\"text-align: justify;\">Santo e feliz Natal!<\/p>\n","protected":false},"excerpt":{"rendered":"<p>Dom Alberto Taveira Corr\u00eaa Arcebispo de Bel\u00e9m do Par\u00e1 (PA) &nbsp; \u00a0\u00a0\u00a0\u00a0\u00a0\u00a0\u00a0\u00a0 Jesus nasceu em Bel\u00e9m em vista de uma entrega de vida pela nossa salva\u00e7\u00e3o. Bel\u00e9m aconteceu em vista de Jerusal\u00e9m. Na Liturgia da Igreja, tudo o que se celebra acontece em torno do Mist\u00e9rio da Morte e Ressurrei\u00e7\u00e3o de Cristo. Participar da Missa &hellip;<\/p>\n<p class=\"read-more\"> <a class=\"\" href=\"https:\/\/www.cnbb.org.br\/abra-a-porta\/\"> <span class=\"screen-reader-text\">Abra a porta<\/span> Leia mais &raquo;<\/a><\/p>\n","protected":false},"author":21,"featured_media":0,"comment_status":"open","ping_status":"open","sticky":false,"template":"","format":"standard","meta":{"site-sidebar-layout":"default","site-content-layout":"default","ast-global-header-display":"","ast-banner-title-visibility":"","ast-main-header-display":"","ast-hfb-above-header-display":"","ast-hfb-below-header-display":"","ast-hfb-mobile-header-display":"","site-post-title":"","ast-breadcrumbs-content":"","ast-featured-img":"","footer-sml-layout":"","theme-transparent-header-meta":"default","adv-header-id-meta":"","stick-header-meta":"","header-above-stick-meta":"","header-main-stick-meta":"","header-below-stick-meta":""},"categories":[758],"tags":[],"acf":[],"_links":{"self":[{"href":"https:\/\/www.cnbb.org.br\/cnbb-app\/wp\/v2\/posts\/861239"}],"collection":[{"href":"https:\/\/www.cnbb.org.br\/cnbb-app\/wp\/v2\/posts"}],"about":[{"href":"https:\/\/www.cnbb.org.br\/cnbb-app\/wp\/v2\/types\/post"}],"author":[{"embeddable":true,"href":"https:\/\/www.cnbb.org.br\/cnbb-app\/wp\/v2\/users\/21"}],"replies":[{"embeddable":true,"href":"https:\/\/www.cnbb.org.br\/cnbb-app\/wp\/v2\/comments?post=861239"}],"version-history":[{"count":0,"href":"https:\/\/www.cnbb.org.br\/cnbb-app\/wp\/v2\/posts\/861239\/revisions"}],"wp:attachment":[{"href":"https:\/\/www.cnbb.org.br\/cnbb-app\/wp\/v2\/media?parent=861239"}],"wp:term":[{"taxonomy":"category","embeddable":true,"href":"https:\/\/www.cnbb.org.br\/cnbb-app\/wp\/v2\/categories?post=861239"},{"taxonomy":"post_tag","embeddable":true,"href":"https:\/\/www.cnbb.org.br\/cnbb-app\/wp\/v2\/tags?post=861239"}],"curies":[{"name":"wp","href":"https:\/\/api.w.org\/{rel}","templated":true}]}}