{"id":861261,"date":"2021-12-23T15:53:41","date_gmt":"2021-12-23T18:53:41","guid":{"rendered":"https:\/\/www.cnbb.org.br\/?p=861261"},"modified":"2021-12-23T15:54:59","modified_gmt":"2021-12-23T18:54:59","slug":"natal-deus-se-revela-e-revela","status":"publish","type":"post","link":"https:\/\/www.cnbb.org.br\/natal-deus-se-revela-e-revela\/","title":{"rendered":"Natal: Deus se revela e revela"},"content":{"rendered":"<p style=\"text-align: right;\"><strong>Dom Jaime Vieira Rocha<\/strong><br \/>\n<strong>Arcebispo de Natal (RN)<\/strong><\/p>\n<p style=\"text-align: justify;\">\n<p style=\"text-align: justify;\">\u00a0\u00a0\u00a0\u00a0\u00a0\u00a0\u00a0\u00a0\u00a0\u00a0\u00a0 Esta noite, nas nossas igrejas e nas nossas casas, vamos celebrar o Natal. O Filho de Deus nasce para n\u00f3s. Vamos celebrar uma vinda cheia de ternura, de alegria, de amor. Jesus vem ao mundo da forma como cada ser humano come\u00e7a a sua exist\u00eancia. \u00c9 formado no ventre virginal da jovem de Nazar\u00e9, prometida em casamento a Jos\u00e9, envolvida pela presen\u00e7a do Esp\u00edrito Santo, coberta pelo poder do Alt\u00edssimo com sua sombra (cf. Lc 1,35), para que conceba o Filho de Deus, o Verbo feito carne. Milagre, evento sobrenatural, a escolha de Deus manifesta a proximidade por excel\u00eancia da Transcend\u00eancia com a iman\u00eancia do homem, uma proximidade mais profunda do que a nossa pr\u00f3pria intimidade. Evento de amor, a\u00e7\u00e3o benevolente, da livre iniciativa de Deus que, por amor imenso, antes mesmo de existir a rea\u00e7\u00e3o nossa, vem ao nosso encontro.<\/p>\n<p style=\"text-align: justify;\">\u00a0\u00a0\u00a0\u00a0\u00a0\u00a0\u00a0\u00a0\u00a0\u00a0\u00a0 Sem entrar em discuss\u00f5es teol\u00f3gicas que j\u00e1 n\u00e3o s\u00e3o problemas, podemos dizer: sim, ele vem para perdoar nossos pecados. Isso \u00e9 atestado pelos escritos sagrados do Novo Testamento, especialmente quando fala da morte de Cristo na cruz. Mas, eis que o Filho de Deus se encarna para mostrar aos homens e \u00e0s mulheres o que significa ser criado \u00e0 imagem e semelhan\u00e7a de Deus. Um ensinamento do Conc\u00edlio Vaticano II ilumina esse entendimento: \u201c<em>Na realidade, o mist\u00e9rio do homem s\u00f3 no mist\u00e9rio do Verbo encarnado se esclarece verdadeiramente. Ad\u00e3o, o primeiro homem, era efetivamente figura do futuro, isto \u00e9, de Cristo Senhor. Cristo, novo Ad\u00e3o, na pr\u00f3pria revela\u00e7\u00e3o do mist\u00e9rio do Pai e do seu amor, revela o homem a si mesmo e lhe descobre a sua voca\u00e7\u00e3o sublime&#8230; Ele \u00e9 o homem perfeito, que restitui aos filhos de Ad\u00e3o a semelhan\u00e7a divina, deformada desde o primeiro pecado. J\u00e1 que, n&#8217;Ele, a natureza humana foi assumida, e n\u00e3o destru\u00edda, por isso mesmo tamb\u00e9m em n\u00f3s foi ela elevada a sublime dignidade. Porque, pela sua encarna\u00e7\u00e3o, Ele, o Filho de Deus, uniu-se de certo modo a cada homem<\/em>\u201d (CONC\u00cdLIO VATICANO II. Constitui\u00e7\u00e3o pastoral sobre a Igreja no mundo contempor\u00e2neo <em>Gaudium et spes<\/em>, n. 22). Ele vem para revelar a verdadeira face de Deus e do homem. Assim, no Natal, celebramos o sentido mais profundo do ser humano no reconhecimento da a\u00e7\u00e3o pela qual Deus se faz o que somos.<\/p>\n<p style=\"text-align: justify;\">\u00a0\u00a0\u00a0\u00a0\u00a0\u00a0\u00a0\u00a0\u00a0\u00a0\u00a0 Esse \u00e9 ensinamento vindo dos Padres da Igreja, autores dos sete ou oito primeiros s\u00e9culos da era crist\u00e3. Neles encontramos esse dito: \u201cEle, Cristo, tornou-se o que n\u00f3s somos para que n\u00f3s pud\u00e9ssemos ser o que Ele \u00e9\u201d. Esses escritores chamavam essa a\u00e7\u00e3o de \u201cadmir\u00e1vel interc\u00e2mbio\u201d, pois sustentavam que para isso Deus criou o homem: para que o homem entrasse na vida mesma de Deus. Um grande te\u00f3logo e cientista cat\u00f3lico do s\u00e9culo XX, o jesu\u00edta franc\u00eas Pierre Teilhard de Chardin (1881-1955) afirmava: \u201c<em>em virtude da poderosa Encarna\u00e7\u00e3o do Verbo, nossa alma est\u00e1 totalmente devotada ao Cristo, centrada nele<\/em>\u201d (TEILHARD DE CHARDIN.\u00a0 O Meio divino, p. 25. Vozes, Petr\u00f3polis, 2010).<\/p>\n<p style=\"text-align: justify;\">\u00a0\u00a0\u00a0\u00a0\u00a0\u00a0\u00a0\u00a0\u00a0\u00a0\u00a0 Somos em Cristo, essa \u00e9 a nossa voca\u00e7\u00e3o, pois fomos criados para essa realidade. Consequentemente, o pecado n\u00e3o revela o mais profundo do nosso ser. Embora, tenhamos que reconhecer: pecamos, porque somos finitos. Mas, a nossa finitude em si n\u00e3o \u00e9 devotada ao pecado, mas sim a Cristo, o revelador do Pai e da nossa condi\u00e7\u00e3o. Tornando-se Homem, Cristo assume a condi\u00e7\u00e3o finita, a condi\u00e7\u00e3o de servo como afirma S\u00e3o Paulo (cf. Fl 2,6-11), e Ele vive essa condi\u00e7\u00e3o n\u00e3o como uma maldi\u00e7\u00e3o, mas como um ato de amor. Assim \u00e9 o espirito do Natal: celebramos a alegria da revela\u00e7\u00e3o do amor, revela\u00e7\u00e3o da ternura divina, a \u00fanica for\u00e7a que destr\u00f3i o pecado.<\/p>\n<p style=\"text-align: justify;\">\u00a0\u00a0\u00a0\u00a0\u00a0\u00a0\u00a0\u00a0\u00a0\u00a0\u00a0 Nesse espirito desejo a todos um Feliz Natal. Que o Menino de Bel\u00e9m traga paz e alegria e esperan\u00e7a para acreditar no grande projeto de Deus: uma humanidade renovada e cheia de amor, porque marcada pelo Filho de Deus, amado pelo Pai e no qual somos tamb\u00e9m amados.<\/p>\n","protected":false},"excerpt":{"rendered":"<p>Dom Jaime Vieira Rocha Arcebispo de Natal (RN) \u00a0\u00a0\u00a0\u00a0\u00a0\u00a0\u00a0\u00a0\u00a0\u00a0\u00a0 Esta noite, nas nossas igrejas e nas nossas casas, vamos celebrar o Natal. O Filho de Deus nasce para n\u00f3s. Vamos celebrar uma vinda cheia de ternura, de alegria, de amor. Jesus vem ao mundo da forma como cada ser humano come\u00e7a a sua exist\u00eancia. \u00c9 &hellip;<\/p>\n<p class=\"read-more\"> <a class=\"\" href=\"https:\/\/www.cnbb.org.br\/natal-deus-se-revela-e-revela\/\"> <span class=\"screen-reader-text\">Natal: Deus se revela e revela<\/span> Leia mais &raquo;<\/a><\/p>\n","protected":false},"author":19,"featured_media":0,"comment_status":"open","ping_status":"open","sticky":false,"template":"","format":"standard","meta":{"site-sidebar-layout":"default","site-content-layout":"default","ast-global-header-display":"","ast-banner-title-visibility":"","ast-main-header-display":"","ast-hfb-above-header-display":"","ast-hfb-below-header-display":"","ast-hfb-mobile-header-display":"","site-post-title":"","ast-breadcrumbs-content":"","ast-featured-img":"","footer-sml-layout":"","theme-transparent-header-meta":"default","adv-header-id-meta":"","stick-header-meta":"","header-above-stick-meta":"","header-main-stick-meta":"","header-below-stick-meta":""},"categories":[758],"tags":[],"acf":[],"_links":{"self":[{"href":"https:\/\/www.cnbb.org.br\/cnbb-app\/wp\/v2\/posts\/861261"}],"collection":[{"href":"https:\/\/www.cnbb.org.br\/cnbb-app\/wp\/v2\/posts"}],"about":[{"href":"https:\/\/www.cnbb.org.br\/cnbb-app\/wp\/v2\/types\/post"}],"author":[{"embeddable":true,"href":"https:\/\/www.cnbb.org.br\/cnbb-app\/wp\/v2\/users\/19"}],"replies":[{"embeddable":true,"href":"https:\/\/www.cnbb.org.br\/cnbb-app\/wp\/v2\/comments?post=861261"}],"version-history":[{"count":0,"href":"https:\/\/www.cnbb.org.br\/cnbb-app\/wp\/v2\/posts\/861261\/revisions"}],"wp:attachment":[{"href":"https:\/\/www.cnbb.org.br\/cnbb-app\/wp\/v2\/media?parent=861261"}],"wp:term":[{"taxonomy":"category","embeddable":true,"href":"https:\/\/www.cnbb.org.br\/cnbb-app\/wp\/v2\/categories?post=861261"},{"taxonomy":"post_tag","embeddable":true,"href":"https:\/\/www.cnbb.org.br\/cnbb-app\/wp\/v2\/tags?post=861261"}],"curies":[{"name":"wp","href":"https:\/\/api.w.org\/{rel}","templated":true}]}}