{"id":861273,"date":"2021-12-23T16:27:30","date_gmt":"2021-12-23T19:27:30","guid":{"rendered":"https:\/\/www.cnbb.org.br\/?p=861273"},"modified":"2021-12-23T16:28:11","modified_gmt":"2021-12-23T19:28:11","slug":"celebrar-e-viver-o-espirito-do-natal","status":"publish","type":"post","link":"https:\/\/www.cnbb.org.br\/celebrar-e-viver-o-espirito-do-natal\/","title":{"rendered":"Celebrar e viver o Esp\u00edrito do Natal"},"content":{"rendered":"<p style=\"text-align: right;\"><strong>Dom Jos\u00e9 Gislon<\/strong><br \/>\n<strong>Bispo de Caxias do Sul (RS)<\/strong><\/p>\n<p style=\"text-align: justify;\"><strong>\u00a0<\/strong><\/p>\n<p style=\"text-align: justify;\">Estimados irm\u00e3os e irm\u00e3s! Estamos em clima de Natal. Esta Festa marcada por luzes, amor e esperan\u00e7a, pelo nascimento de uma crian\u00e7a. \u00c9 a festa onde celebramos o nascimento de Jesus, o filho do Deus alt\u00edssimo. O que percebemos hoje \u00e9 que, em algumas realidades, as pessoas est\u00e3o absorvendo e celebrando a festa do Natal sem conhecer o porqu\u00ea desta celebra\u00e7\u00e3o. Neste sentido, a celebra\u00e7\u00e3o \u00e9 puramente comercial ou celebra-se porque \u00e9 uma festa bonita, marcada pelas luzes e pela troca de presentes, etc., mas o verdadeiro motivo da celebra\u00e7\u00e3o n\u00e3o \u00e9 lembrado.<\/p>\n<p style=\"text-align: justify;\">Os valores que precisamos manter, para celebrarmos um Natal crist\u00e3o, v\u00e3o muito al\u00e9m do clima de prepara\u00e7\u00e3o exterior. \u00c9 um tempo prop\u00edcio para revermos a nossa vida interior, para sermos mais solid\u00e1rios, abrirmos o nosso cora\u00e7\u00e3o \u00e0 reconcilia\u00e7\u00e3o e estendermos as m\u00e3os, desejando aos outros a paz, para recebermos a paz.<\/p>\n<p style=\"text-align: justify;\">Se tirarmos do Natal a celebra\u00e7\u00e3o da vinda do Filho de Deus entre n\u00f3s, isto \u00e9, Jesus Cristo, a festa do Natal passa a ser uma festa como outra qualquer, com a diferen\u00e7a da troca de presentes, celebrada por quase todos os povos, em todos os continentes. Infelizmente, em muitos lugares, celebra-se o Natal, mas o festejado n\u00e3o \u00e9 nem lembrado, nem celebrado, e o que importa \u00e9 o movimento comercial.<\/p>\n<p style=\"text-align: justify;\">O Natal foi e continua sendo uma festa para ser celebrada em fam\u00edlia, porque Deus serviu-se de uma fam\u00edlia, para enviar seu Filho entre n\u00f3s, e foi em fam\u00edlia que se celebrou o primeiro Natal. \u00c9 uma festa que nos traz recorda\u00e7\u00f5es da nossa inf\u00e2ncia, da nossa fam\u00edlia, dos nossos amigos e da nossa comunidade. Na inoc\u00eancia de crian\u00e7a, contavam-se os dias e vivia-se na expectativa da chegada do Natal. N\u00f3s mudamos, a sociedade mudou, mas a Festa do Natal continua tocando o cora\u00e7\u00e3o das pessoas de todas as idades e de todas as classes sociais.<\/p>\n<p style=\"text-align: justify;\">\u00c9 uma Festa que nos convida a deixar de lado as preocupa\u00e7\u00f5es, os pensamentos sombrios, os aborrecimentos acumulados durante o ano, para podermos deixar a esperan\u00e7a respirar em nossa vida, na nossa mente e no nosso cora\u00e7\u00e3o. \u00c9 a Festa do encontro de gera\u00e7\u00f5es, de matar a saudade, de dar e receber um abra\u00e7o, de celebrarmos como crian\u00e7as e com as nossas crian\u00e7as, porque numa manjedoura e na fragilidade de uma crian\u00e7a, Deus manifestou o seu amor por n\u00f3s.<\/p>\n<p>&nbsp;<\/p>\n<p style=\"text-align: justify;\">\u00a0\u00a0\u00a0\u00a0\u00a0\u00a0\u00a0\u00a0\u00a0\u00a0\u00a0 Desejo a todos um Feliz e Santo Natal.<\/p>\n<p>&nbsp;<\/p>\n<p>&nbsp;<\/p>\n<p>&nbsp;<\/p>\n<p>&nbsp;<\/p>\n","protected":false},"excerpt":{"rendered":"<p>Dom Jos\u00e9 Gislon Bispo de Caxias do Sul (RS) \u00a0 Estimados irm\u00e3os e irm\u00e3s! Estamos em clima de Natal. Esta Festa marcada por luzes, amor e esperan\u00e7a, pelo nascimento de uma crian\u00e7a. \u00c9 a festa onde celebramos o nascimento de Jesus, o filho do Deus alt\u00edssimo. O que percebemos hoje \u00e9 que, em algumas realidades, &hellip;<\/p>\n<p class=\"read-more\"> <a class=\"\" href=\"https:\/\/www.cnbb.org.br\/celebrar-e-viver-o-espirito-do-natal\/\"> <span class=\"screen-reader-text\">Celebrar e viver o Esp\u00edrito do Natal<\/span> Leia mais &raquo;<\/a><\/p>\n","protected":false},"author":20,"featured_media":0,"comment_status":"open","ping_status":"open","sticky":false,"template":"","format":"standard","meta":{"site-sidebar-layout":"default","site-content-layout":"default","ast-global-header-display":"","ast-banner-title-visibility":"","ast-main-header-display":"","ast-hfb-above-header-display":"","ast-hfb-below-header-display":"","ast-hfb-mobile-header-display":"","site-post-title":"","ast-breadcrumbs-content":"","ast-featured-img":"","footer-sml-layout":"","theme-transparent-header-meta":"default","adv-header-id-meta":"","stick-header-meta":"","header-above-stick-meta":"","header-main-stick-meta":"","header-below-stick-meta":""},"categories":[758],"tags":[],"acf":[],"_links":{"self":[{"href":"https:\/\/www.cnbb.org.br\/cnbb-app\/wp\/v2\/posts\/861273"}],"collection":[{"href":"https:\/\/www.cnbb.org.br\/cnbb-app\/wp\/v2\/posts"}],"about":[{"href":"https:\/\/www.cnbb.org.br\/cnbb-app\/wp\/v2\/types\/post"}],"author":[{"embeddable":true,"href":"https:\/\/www.cnbb.org.br\/cnbb-app\/wp\/v2\/users\/20"}],"replies":[{"embeddable":true,"href":"https:\/\/www.cnbb.org.br\/cnbb-app\/wp\/v2\/comments?post=861273"}],"version-history":[{"count":0,"href":"https:\/\/www.cnbb.org.br\/cnbb-app\/wp\/v2\/posts\/861273\/revisions"}],"wp:attachment":[{"href":"https:\/\/www.cnbb.org.br\/cnbb-app\/wp\/v2\/media?parent=861273"}],"wp:term":[{"taxonomy":"category","embeddable":true,"href":"https:\/\/www.cnbb.org.br\/cnbb-app\/wp\/v2\/categories?post=861273"},{"taxonomy":"post_tag","embeddable":true,"href":"https:\/\/www.cnbb.org.br\/cnbb-app\/wp\/v2\/tags?post=861273"}],"curies":[{"name":"wp","href":"https:\/\/api.w.org\/{rel}","templated":true}]}}