{"id":861331,"date":"2021-12-27T13:01:25","date_gmt":"2021-12-27T16:01:25","guid":{"rendered":"https:\/\/www.cnbb.org.br\/?p=861331"},"modified":"2021-12-27T13:01:44","modified_gmt":"2021-12-27T16:01:44","slug":"o-discipulo-amado","status":"publish","type":"post","link":"https:\/\/www.cnbb.org.br\/o-discipulo-amado\/","title":{"rendered":"O disc\u00edpulo amado"},"content":{"rendered":"<p style=\"text-align: right;\"><strong>Cardeal Orani Jo\u00e3o Tempesta<br \/>\n<\/strong><strong>Arcebispo do Rio de Janeiro (RJ)<\/strong><\/p>\n<p style=\"text-align: justify;\">\n<p style=\"text-align: justify;\">Dentro do per\u00edodo da Oitava de Natal, que s\u00e3o os oito dias de celebra\u00e7\u00e3o do Natal, celebramos v\u00e1rios santos da Igreja Cat\u00f3lica. No dia 26 de dezembro, celebramos Santo Estev\u00e3o, o primeiro m\u00e1rtir da Igreja (neste ano como foi domingo, foi celebrada a solenidade da Sagrada Fam\u00edlia. No dia 27 celebramos, S\u00e3o Jo\u00e3o Evangelista e, no dia 28 de dezembro, os Santos Inocentes.<\/p>\n<p style=\"text-align: justify;\">S\u00e3o Jo\u00e3o Evangelista foi um dos doze ap\u00f3stolos de Jesus, chamado o disc\u00edpulo amado, um dos mais jovens entre os doze. Foi a Jo\u00e3o Evangelista que Jesus, na agonia da Cruz, entregou a sua m\u00e3e para que Jo\u00e3o cuidasse. Jo\u00e3o e Maria estavam de joelhos aos p\u00e9s da cruz e Jesus ao entregar sua M\u00e3e a Jo\u00e3o, entrega a todos n\u00f3s. Jo\u00e3o acolhe Maria consigo e cuida dela, at\u00e9 Ela ser levada ao c\u00e9u.<\/p>\n<p style=\"text-align: justify;\">Diferentemente dos outros ap\u00f3stolos, Jo\u00e3o morreu de velhice, uma morte natural, quando tinha 94 anos, por\u00e9m depois de muitos sofrimentos. Jo\u00e3o, al\u00e9m de ser o autor do quarto evangelho, escreveu tamb\u00e9m tr\u00eas cartas. Nesses escritos, Jo\u00e3o revela sobretudo o amor de Deus por n\u00f3s, manifestado em Jesus Cristo. Um dos escritos mais famosos de Jo\u00e3o, al\u00e9m de seu evangelho, \u00e9 o livro do Apocalipse de S\u00e3o Jo\u00e3o.<\/p>\n<p style=\"text-align: justify;\">N\u00e3o podemos confundir Jo\u00e3o Evangelista com Jo\u00e3o Batista, pois s\u00e3o pessoas diferentes. Jo\u00e3o Batista \u00e9 o primo de Jesus, o precursor, que preparou o caminho para a chegada de Jesus. A festa de S\u00e3o Jo\u00e3o Batista comemora-se duas vezes, dia 24 de junho, o nascimento, e dia 29 de agosto, o mart\u00edrio. E Jo\u00e3o Evangelista escolhido como ap\u00f3stolo de Jesus celebra-se a sua festa lit\u00fargica neste dia 27 de dezembro. Os dois t\u00eam uma grande import\u00e2ncia na hist\u00f3ria da salva\u00e7\u00e3o, mas aparecem em momentos diferentes.<\/p>\n<p style=\"text-align: justify;\">Jo\u00e3o, o Evangelista consta que seria solteiro e vivia com os seus pais em Betsaida onde teria nascido e ocupou um lugar de primeiro plano entre os ap\u00f3stolos. Era pescador de profiss\u00e3o e consertava as redes de pesca quando foi chamado por Jesus. Trabalhava junto com seu irm\u00e3o\u00a0Tiago (Maior) e em prov\u00e1vel sociedade com\u00a0Andr\u00e9\u00a0e\u00a0Pedro, todos ap\u00f3stolos.<\/p>\n<p style=\"text-align: justify;\">O nome de Jo\u00e3o significa <em>\u201cDeus misericordioso\u201d. <\/em>Trata-se de uma profecia que foi se cumprindo na vida do mais jovem dos ap\u00f3stolos. Jo\u00e3o, sobretudo, anunciava a face desse Deus misericordioso, que nos revelou o seu filho Jesus Cristo a fim de nos salvar e resgatar aqueles que andavam nas trevas do pecado.<\/p>\n<p style=\"text-align: justify;\">Jo\u00e3o esteve presente em momentos marcantes da vida de Jesus: no epis\u00f3dio da transfigura\u00e7\u00e3o no monte Tabor, Jesus chama Pedro, Tiago e Jo\u00e3o; na Santa Ceia, quem reclina a cabe\u00e7a no peito de Jesus \u00e9 Jo\u00e3o e no momento da agonia de Jesus na Cruz, foi o \u00fanico ap\u00f3stolo que esteve presente at\u00e9 os \u00faltimos momentos de Jesus, ao lado da Virgem Maria, enquanto os outros fugiram com medo. Jo\u00e3o \u00e9 sempre o homem da eleva\u00e7\u00e3o espiritual, mas forte e corajoso, tanto que Jesus chamou a ele e a seu irm\u00e3o Tiago de\u00a0<em>Boanerges<\/em>, que significa \u201c<em>filhos do trov\u00e3o\u201d.<\/em><\/p>\n<p style=\"text-align: justify;\">O Apocalipse e as tr\u00eas cartas de Jo\u00e3o testemunham igualmente que o autor vivia na \u00c1sia e l\u00e1 gozava de extraordin\u00e1ria autoridade. E n\u00e3o era para menos, em nenhuma outra parte do mundo, nem sequer em Roma, havia ap\u00f3stolos que sobrevivessem. E \u00e9 de imaginar a venera\u00e7\u00e3o que tinham os crist\u00e3os dos fins do s\u00e9culo I por aquele anci\u00e3o de mais de 90 anos, que tinha ouvido falar o Senhor Jesus, e o tinha visto com os pr\u00f3prios olhos, e lhe tinha tocado com as pr\u00f3prias m\u00e3os, e o tinha contemplado na sua vida terrena e depois de ressuscitado, e presenciara a sua ascens\u00e3o aos c\u00e9us. Por isso, o valor dos seus ensinamentos e o peso das suas afirma\u00e7\u00f5es n\u00e3o podiam deixar de ser excepcionais e mesmo \u00fanicos.<\/p>\n<p style=\"text-align: justify;\">S\u00e3o Jo\u00e3o, j\u00e1 no auge de sua velhice, se deparou com uma persegui\u00e7\u00e3o por parte do Imp\u00e9rio Romano \u00e0 Igreja de Cristo e aos crist\u00e3os. Alguns desses fatos at\u00e9 foram relatados no livro do Apocalipse. Al\u00e9m destas persegui\u00e7\u00f5es, ainda havia muitas heresias, que desencadearam o movimento religioso gn\u00f3stico, nascido e propagado fora e dentro da Igreja, procurando corroer a ess\u00eancia mesma do Cristianismo.<\/p>\n<p style=\"text-align: justify;\">Completada a sua jornada aqui na terra, o santo evangelista morreu quase centen\u00e1rio, sem sabermos uma data exata. Foi no fim do primeiro s\u00e9culo ou no in\u00edcio do segundo s\u00e9culo, no tempo do imperador Trajano (98 \u2013 117) d.C.<\/p>\n<p style=\"text-align: justify;\">Celebremos com alegria a festa de S\u00e3o Jo\u00e3o Evangelista, neste dia 27, e pe\u00e7amos a Deus que, por intercess\u00e3o desse grande santo da Igreja, possamos defender at\u00e9 o fim nossa Igreja Cat\u00f3lica e da mesma forma defender a nossa f\u00e9. Aprendamos do ap\u00f3stolo a nutrir o amor a Jesus e a Virgem Maria e que eles nos guiem no caminho do bem.<\/p>\n<p style=\"text-align: justify;\">Que o Esp\u00edrito Santo que sempre faz novas todas as coisas, nos fa\u00e7a seguir os passos de Jesus e ouvir a sua voz, nos tornando fi\u00e9is a sua miss\u00e3o. Am\u00e9m.<\/p>\n<p style=\"text-align: justify;\">S\u00e3o Jo\u00e3o Evangelista, rogai por n\u00f3s.<\/p>\n<p>&nbsp;<\/p>\n<p>&nbsp;<\/p>\n<p>&nbsp;<\/p>\n<p>&nbsp;<\/p>\n","protected":false},"excerpt":{"rendered":"<p>Cardeal Orani Jo\u00e3o Tempesta Arcebispo do Rio de Janeiro (RJ) Dentro do per\u00edodo da Oitava de Natal, que s\u00e3o os oito dias de celebra\u00e7\u00e3o do Natal, celebramos v\u00e1rios santos da Igreja Cat\u00f3lica. No dia 26 de dezembro, celebramos Santo Estev\u00e3o, o primeiro m\u00e1rtir da Igreja (neste ano como foi domingo, foi celebrada a solenidade da &hellip;<\/p>\n<p class=\"read-more\"> <a class=\"\" href=\"https:\/\/www.cnbb.org.br\/o-discipulo-amado\/\"> <span class=\"screen-reader-text\">O disc\u00edpulo amado<\/span> Leia mais &raquo;<\/a><\/p>\n","protected":false},"author":31,"featured_media":0,"comment_status":"open","ping_status":"open","sticky":false,"template":"","format":"standard","meta":{"site-sidebar-layout":"default","site-content-layout":"default","ast-global-header-display":"","ast-banner-title-visibility":"","ast-main-header-display":"","ast-hfb-above-header-display":"","ast-hfb-below-header-display":"","ast-hfb-mobile-header-display":"","site-post-title":"","ast-breadcrumbs-content":"","ast-featured-img":"","footer-sml-layout":"","theme-transparent-header-meta":"default","adv-header-id-meta":"","stick-header-meta":"","header-above-stick-meta":"","header-main-stick-meta":"","header-below-stick-meta":""},"categories":[758],"tags":[],"acf":[],"_links":{"self":[{"href":"https:\/\/www.cnbb.org.br\/cnbb-app\/wp\/v2\/posts\/861331"}],"collection":[{"href":"https:\/\/www.cnbb.org.br\/cnbb-app\/wp\/v2\/posts"}],"about":[{"href":"https:\/\/www.cnbb.org.br\/cnbb-app\/wp\/v2\/types\/post"}],"author":[{"embeddable":true,"href":"https:\/\/www.cnbb.org.br\/cnbb-app\/wp\/v2\/users\/31"}],"replies":[{"embeddable":true,"href":"https:\/\/www.cnbb.org.br\/cnbb-app\/wp\/v2\/comments?post=861331"}],"version-history":[{"count":0,"href":"https:\/\/www.cnbb.org.br\/cnbb-app\/wp\/v2\/posts\/861331\/revisions"}],"wp:attachment":[{"href":"https:\/\/www.cnbb.org.br\/cnbb-app\/wp\/v2\/media?parent=861331"}],"wp:term":[{"taxonomy":"category","embeddable":true,"href":"https:\/\/www.cnbb.org.br\/cnbb-app\/wp\/v2\/categories?post=861331"},{"taxonomy":"post_tag","embeddable":true,"href":"https:\/\/www.cnbb.org.br\/cnbb-app\/wp\/v2\/tags?post=861331"}],"curies":[{"name":"wp","href":"https:\/\/api.w.org\/{rel}","templated":true}]}}