{"id":861333,"date":"2021-12-31T07:00:05","date_gmt":"2021-12-31T10:00:05","guid":{"rendered":"https:\/\/www.cnbb.org.br\/?p=861333"},"modified":"2021-12-27T17:07:22","modified_gmt":"2021-12-27T20:07:22","slug":"retrospectiva-2021-posicionamentos-pacto-pela-vida-e-pelo-brasil","status":"publish","type":"post","link":"https:\/\/www.cnbb.org.br\/retrospectiva-2021-posicionamentos-pacto-pela-vida-e-pelo-brasil\/","title":{"rendered":"Com posicionamentos, entidades signat\u00e1rias do Pacto pela Vida e pelo Brasil buscam enfrentar e superar as crises da pandemia"},"content":{"rendered":"<p>Cobran\u00e7as, den\u00fancias, solidariedade. Essas palavras podem marcar o ano do Pacto pela Vida e pelo Brasil. A iniciativa que une a Confer\u00eancia Nacional dos Bispos do Brasil (CNBB) e outras entidades no contexto de crises por que passa o Brasil teve suas a\u00e7\u00f5es expressivas por meio de posicionamentos em momentos graves deste ano de 2021.<\/p>\n<h3>Estancar a calada da morte<\/h3>\n<p>A primeira chamada foi para &#8220;estancar a escalada da morte&#8221;, j\u00e1 no in\u00edcio deste ano. Era o dia 11 de mar\u00e7o e os n\u00fameros da pandemia mostravam um aumento nas mortes, revelando o agravamento da crise sanit\u00e1ria causada pelo novo coronav\u00edrus. A CNBB, a Ordem dos Advogados do Brasil, a Comiss\u00e3o de Defesa dos Direitos Humanos Dom Paulo Evaristo Arns, a Academia Brasileira de Ci\u00eancias, a Associa\u00e7\u00e3o Brasileira de Imprensa e a Sociedade Brasileira para o Progresso da Ci\u00eancia lan\u00e7aram uma nota intitulada <strong>O povo n\u00e3o pode pagar com a pr\u00f3pria vida.<\/strong><\/p>\n<div class=\"iframely-embed\">\n<div class=\"iframely-responsive\" style=\"padding-bottom: 52.951%; padding-top: 120px;\"><a href=\"https:\/\/www.cnbb.org.br\/e-hora-de-estancar-a-escalada-da-morte-cobra-em-nota-pacto-pela-vida-e-pelo-brasil\/\" data-iframely-url=\"\/\/cdn.iframe.ly\/n8mmlnN?maxheight=750\"><\/a><\/div>\n<\/div>\n<p><script async src=\"\/\/cdn.iframe.ly\/embed.js\" charset=\"utf-8\"><\/script><\/p>\n<h3>1 ano do Pacto pela vida e pelo Brasil<\/h3>\n<p>Em abril, o documento que deu origem ao pacto completou um ano. O <a href=\"https:\/\/www.cnbb.org.br\/pacto-pela-vida-e-pelo-brasil-completa-um-ano-saiba-quais-foram-as-conquistas-e-os-desafios-para-2021\/\">Portal da CNBB contabilizou as conquistas e projetou os desafios<\/a>. Entre as a\u00e7\u00f5es futuras, o bispo referencial do Grupo de Trabalho (GT) Pacto pela Vida e pelo Brasil da CNBB, dom Guilherme Werlang, contou que seriam dinamizadas a\u00e7\u00f5es e compromissos assumidos pelo Pacto. Segundo dom Guilherme, o grupo procuraria fortalecer a articula\u00e7\u00e3o das entidades signat\u00e1rias do Pacto e as mais de 100 organiza\u00e7\u00f5es que aderiram a ele e com os princ\u00edpios que defendem, de modo a avan\u00e7ar nas propostas &#8220;para o fortalecimento de um grande di\u00e1logo social pela vida e pelo Brasil&#8221;.<\/p>\n<p>Em maio, durante a 58\u00aa Assembleia Geral da CNBB, <a href=\"https:\/\/www.cnbb.org.br\/dom-guilherme-werlang-fala-sobre-o-primeiro-ano-do-pacto-pela-vida-e-pelo-brasil\/\">dom Guilherme apresentou o panorama do momento das articula\u00e7\u00f5es referentes ao Pacto e ressaltou as parcerias<\/a>: <span style=\"font-size: 16px;\">\u201cA CNBB n\u00e3o est\u00e1 sozinha. Estamos trabalhando muitas quest\u00f5es em parceria, desde a vacina\u00e7\u00e3o como direito de todos, como a exig\u00eancia da volta do aux\u00edlio emergencial e o di\u00e1logo com os tr\u00eas poderes \u2013 legislativo, executivo e judici\u00e1rio&#8221;.\u00a0<\/span><\/p>\n<h3>500 mil mortos<\/h3>\n<p>No m\u00eas de junho, quando o Brasil alcan\u00e7ou a triste marca de 500 mil mortos pela Covid-19, as entidades signat\u00e1rias do pacto <a href=\"https:\/\/www.cnbb.org.br\/wp-content\/uploads\/2021\/06\/Meio-milha%CC%83o-de-vidas-perdidas-1.pdf\">escreveram uma carta em que prestam solidariedade \u00e0s milhares de fam\u00edlias afetadas pela perda de entes queridos pela Covid-19<\/a>. No texto,\u00a0manifestaram indigna\u00e7\u00e3o pelas manifesta\u00e7\u00f5es contr\u00e1rias \u00e0s medidas recomendadas por organismos sanit\u00e1rios no cuidado e na promo\u00e7\u00e3o da vida. E ainda destacaram a import\u00e2ncia do trabalho da CPI da Pandemia instalada no Congresso Nacional para investigar as a\u00e7\u00f5es da gest\u00e3o p\u00fablica diante da crise da pandemia.<\/p>\n<h3>Ataques \u00e0 democracia<\/h3>\n<p>Nos meses de agosto e setembro, as aten\u00e7\u00f5es voltaram-se \u00e0 realidade da democracia, amea\u00e7ada por ataques \u00e0s institui\u00e7\u00f5es e ao sistema eleitoral. Em 4 de agosto, as seis entidades que firmaram inicialmente o Pacto pela Vida pelo Brasil manifestaram solidariedade ao presidente do Tribunal Superior Eleitoral, o ministro Lu\u00eds Roberto Barroso.<\/p>\n<p>A mensagem entregue ao ministro afirmava que o \u201cprocesso de eros\u00e3o democr\u00e1tica prossegue, atingindo contornos incompat\u00edveis com o equil\u00edbrio entre os Poderes e a manuten\u00e7\u00e3o do clima de paz e conc\u00f3rdia entre os cidad\u00e3os\u201d.<\/p>\n<div class=\"iframely-embed\">\n<div class=\"iframely-responsive\" style=\"padding-bottom: 57.2656%; padding-top: 120px;\"><a href=\"https:\/\/www.cnbb.org.br\/em-solidariedade-ao-presidente-do-tse-entidades-signatarias-do-pacto-pela-vida-e-pelo-brasil-reafirmam-confianca-no-sistema-eletronico-de-votacao\/\" data-iframely-url=\"\/\/cdn.iframe.ly\/2lHYKOT?maxheight=750\"><\/a><\/div>\n<\/div>\n<p><script async src=\"\/\/cdn.iframe.ly\/embed.js\" charset=\"utf-8\"><\/script><\/p>\n<p>&nbsp;<\/p>\n<h3>Dia da P\u00e1tria<\/h3>\n<p>J\u00e1 na v\u00e9spera do 7 de setembro, as organiza\u00e7\u00f5es signat\u00e1rias do pacto afirmaram que &#8220;a apropria\u00e7\u00e3o que do Dia da P\u00e1tria por obstinados em semear divis\u00f5es merece rep\u00fadio&#8221;. <a href=\"https:\/\/www.cnbb.org.br\/em-artigo-publicado-na-folha-organizacoes-signatarias-do-pacto-pela-vida-e-pelo-brasil-defendem-que-a-apropriacao-do-dia-da-patria-por-obstinados-em-semear-divisoes-merece-repudio\/\">No pronunciamento, divulgado em artigo publicado na Folha de S\u00e3o Paulo<\/a>, afirmaram que o Dia da Independ\u00eancia \u00e9 momento crucial para refletir sobre o fortalecimento da democracia, em prol de uma sociedade livre, justa e solid\u00e1ria.<\/p>\n<blockquote><p>&#8220;Lan\u00e7ando um olhar sobre o Brasil, vemos a data nacional envolvida em ataques extremistas \u00e0s institui\u00e7\u00f5es e rumores de ruptura da ordem. Num plano mais abrangente, poder\u00edamos perguntar o que h\u00e1 para ser celebrado com quase 600 mil mortos pelo coronav\u00edrus, 15 milh\u00f5es de desempregados, 19 milh\u00f5es de brasileiros passando fome, 5 milh\u00f5es de crian\u00e7as fora da escola, recordes de desmatamento e aumento acentuado da desigualdade. Diante de tantas tristes marcas, cabe indagar: como defender e levar adiante este projeto que \u00e9 de todos, chamado na\u00e7\u00e3o?&#8221;<\/p><\/blockquote>\n<h3>Aux\u00edlio Brasil<\/h3>\n<p>Desde o in\u00edcio da articula\u00e7\u00e3o do pacto, as entidade signat\u00e1rias defendiam &#8220;a atualiza\u00e7\u00e3o e amplia\u00e7\u00e3o do Bolsa Fam\u00edlia&#8221; e a &#8220;<span style=\"font-size: 16px;\">a r\u00e1pida distribui\u00e7\u00e3o dos benef\u00edcios da Renda B\u00e1sica Emergencial&#8221; e at\u00e9 a sua &#8220;extens\u00e3o pelo tempo que for necess\u00e1rio para a supera\u00e7\u00e3o dos riscos de sa\u00fade e sobreviv\u00eancia da popula\u00e7\u00e3o mais pobre&#8221;. O Governo Federal, com fortes suspeitas de motiva\u00e7\u00e3o eleitoreira, extinguiu o Bolsa Fam\u00edlia, n\u00e3o continuou o Aux\u00edlio Emergencial e criou o Aux\u00edlio Brasil, um programa para atender apenas 17 milh\u00f5es de fam\u00edlias at\u00e9 o fim de 2022.<\/span><\/p>\n<p><span style=\"font-size: 16px;\">Assim, no dia 7 de dezembro, foi divulgada uma carta aberta, publicada no jornal Folha de S\u00e3o Paulo, na\u00a0qual manifestam \u201cperplexidade com a forma pela qual a popula\u00e7\u00e3o mais pobre e vulner\u00e1vel vem sendo tratada, quando as consequ\u00eancias da pandemia assombram o Brasil\u201d.<\/span><\/p>\n<p><a href=\"https:\/\/www.cnbb.org.br\/entidades-signatarias-do-pacto-pela-vida-e-pelo-brasil-apontam-limites-do-auxilio-brasil-programa-muito-aquem-do-estagio-da-pobreza-no-pais\/\">Confira o pronunciamento na \u00edntegra aqui.<\/a><\/p>\n<p>&nbsp;<\/p>\n<div class=\"iframely-embed\">\n<div class=\"iframely-responsive\" style=\"height: 140px; padding-bottom: 0;\"><a href=\"https:\/\/www.cnbb.org.br\/pacto-pela-vida-e-pelo-brasil-01\/\" data-iframely-url=\"\/\/cdn.iframe.ly\/l2we6oq?maxheight=750\"><\/a><\/div>\n<\/div>\n<p><script async src=\"\/\/cdn.iframe.ly\/embed.js\" charset=\"utf-8\"><\/script><\/p>\n","protected":false},"excerpt":{"rendered":"<p>Cobran\u00e7as, den\u00fancias, solidariedade. Essas palavras podem marcar o ano do Pacto pela Vida e pelo Brasil. A iniciativa que une a Confer\u00eancia Nacional dos Bispos do Brasil (CNBB) e outras entidades no contexto de crises por que passa o Brasil teve suas a\u00e7\u00f5es expressivas por meio de posicionamentos em momentos graves deste ano de 2021<\/p>\n","protected":false},"author":83,"featured_media":861334,"comment_status":"open","ping_status":"open","sticky":false,"template":"","format":"standard","meta":{"site-sidebar-layout":"default","site-content-layout":"default","ast-global-header-display":"","ast-banner-title-visibility":"","ast-main-header-display":"","ast-hfb-above-header-display":"","ast-hfb-below-header-display":"","ast-hfb-mobile-header-display":"","site-post-title":"","ast-breadcrumbs-content":"","ast-featured-img":"","footer-sml-layout":"","theme-transparent-header-meta":"default","adv-header-id-meta":"","stick-header-meta":"","header-above-stick-meta":"","header-main-stick-meta":"","header-below-stick-meta":""},"categories":[50,1869,833],"tags":[1977],"acf":[],"_links":{"self":[{"href":"https:\/\/www.cnbb.org.br\/cnbb-app\/wp\/v2\/posts\/861333"}],"collection":[{"href":"https:\/\/www.cnbb.org.br\/cnbb-app\/wp\/v2\/posts"}],"about":[{"href":"https:\/\/www.cnbb.org.br\/cnbb-app\/wp\/v2\/types\/post"}],"author":[{"embeddable":true,"href":"https:\/\/www.cnbb.org.br\/cnbb-app\/wp\/v2\/users\/83"}],"replies":[{"embeddable":true,"href":"https:\/\/www.cnbb.org.br\/cnbb-app\/wp\/v2\/comments?post=861333"}],"version-history":[{"count":0,"href":"https:\/\/www.cnbb.org.br\/cnbb-app\/wp\/v2\/posts\/861333\/revisions"}],"wp:featuredmedia":[{"embeddable":true,"href":"https:\/\/www.cnbb.org.br\/cnbb-app\/wp\/v2\/media\/861334"}],"wp:attachment":[{"href":"https:\/\/www.cnbb.org.br\/cnbb-app\/wp\/v2\/media?parent=861333"}],"wp:term":[{"taxonomy":"category","embeddable":true,"href":"https:\/\/www.cnbb.org.br\/cnbb-app\/wp\/v2\/categories?post=861333"},{"taxonomy":"post_tag","embeddable":true,"href":"https:\/\/www.cnbb.org.br\/cnbb-app\/wp\/v2\/tags?post=861333"}],"curies":[{"name":"wp","href":"https:\/\/api.w.org\/{rel}","templated":true}]}}