{"id":861854,"date":"2022-01-11T12:37:37","date_gmt":"2022-01-11T15:37:37","guid":{"rendered":"https:\/\/www.cnbb.org.br\/?p=861854"},"modified":"2022-01-11T16:35:13","modified_gmt":"2022-01-11T19:35:13","slug":"comissao-para-a-juventude-prepara-missao-jovem-2022","status":"publish","type":"post","link":"https:\/\/www.cnbb.org.br\/comissao-para-a-juventude-prepara-missao-jovem-2022\/","title":{"rendered":"Em visita \u00e0 regi\u00e3o Amaz\u00f4nica, Comiss\u00e3o Pastoral para a Juventude prepara miss\u00e3o jovem 2022"},"content":{"rendered":"<p class=\"x_MsoNormal\" style=\"text-align: justify;\">O presidente da Comiss\u00e3o Episcopal Pastoral para Juventude da Confer\u00eancia Nacional dos Bispos do Brasil (CNBB), dom Nelson Francelino e os demais membros, dom Antonio Assis e dom Amilton Manoel, com a assessora nacional irm\u00e3 Val\u00e9ria Leal realizaram uma visita \u00e0 regi\u00e3o Amaz\u00f4nica para preparar a miss\u00e3o jovem 2022, que ir\u00e1 ocorrer na Prelazia de Alto Xingu &#8211; Tucum\u00e3.<\/p>\n<figure id=\"attachment_861857\" aria-describedby=\"caption-attachment-861857\" style=\"width: 334px\" class=\"wp-caption alignright\"><img decoding=\"async\" loading=\"lazy\" class=\"wp-image-861857\" src=\"https:\/\/www.cnbb.org.br\/wp-content\/uploads\/2022\/01\/WhatsApp-Image-2022-01-07-at-21.37.20.jpeg\" alt=\"\" width=\"334\" height=\"250\" srcset=\"https:\/\/www.cnbb.org.br\/wp-content\/uploads\/2022\/01\/WhatsApp-Image-2022-01-07-at-21.37.20.jpeg 1500w, https:\/\/www.cnbb.org.br\/wp-content\/uploads\/2022\/01\/WhatsApp-Image-2022-01-07-at-21.37.20-300x225.jpeg 300w, https:\/\/www.cnbb.org.br\/wp-content\/uploads\/2022\/01\/WhatsApp-Image-2022-01-07-at-21.37.20-1024x768.jpeg 1024w, https:\/\/www.cnbb.org.br\/wp-content\/uploads\/2022\/01\/WhatsApp-Image-2022-01-07-at-21.37.20-768x576.jpeg 768w, https:\/\/www.cnbb.org.br\/wp-content\/uploads\/2022\/01\/WhatsApp-Image-2022-01-07-at-21.37.20-500x375.jpeg 500w, https:\/\/www.cnbb.org.br\/wp-content\/uploads\/2022\/01\/WhatsApp-Image-2022-01-07-at-21.37.20-800x600.jpeg 800w\" sizes=\"(max-width: 334px) 100vw, 334px\" \/><figcaption id=\"caption-attachment-861857\" class=\"wp-caption-text\">Visita da Comiss\u00e3o a Alto Xingu &#8211; Tucum\u00e3<\/figcaption><\/figure>\n<p class=\"x_MsoNormal\" style=\"text-align: justify;\">A Comiss\u00e3o explica que o projeto miss\u00e3o jovem \u00e9 fruto da experi\u00eancia da Jornada Mundial da Juventude de 2013. &#8220;Aperfei\u00e7oando-se ao longo do tempo, est\u00e1 na sua 5\u00aa edi\u00e7\u00e3o. Ap\u00f3s 2 anos de cancelamento devido \u00e0 pandemia, ser\u00e1 retomado neste ano. Jovens de todo o Brasil, que participam dos mais diversos grupos de jovens, s\u00e3o convocados pelos respons\u00e1veis dos regionais da CNBB e enviados para esta linda experi\u00eancia de f\u00e9 e de servi\u00e7o&#8221;.<\/p>\n<div id=\"fb-root\"><\/div>\n<p><script async=\"1\" defer=\"1\" crossorigin=\"anonymous\" src=\"https:\/\/connect.facebook.net\/en_US\/sdk.js#xfbml=1&amp;version=v12.0\" nonce=\"9LQaJGat\"><\/script><\/p>\n<div class=\"fb-post\" data-href=\"https:\/\/www.facebook.com\/story.php?story_fbid=10223915020516688&amp;id=1031855114&amp;scmts=scwspsdd\" data-width=\"500\">\n<blockquote cite=\"https:\/\/graph.facebook.com\/1031855114\/posts\/10223915020516688\/\" class=\"fb-xfbml-parse-ignore\">\n<p>Momentos marcantes da presen\u00e7a da Comiss\u00e3o Episcopal da CNBB &#8211; Pastoral Juvenil, preparando a miss\u00e3o jovem, na Prelazia&#8230;<\/p>\n<p>Posted by <a href=\"#\" role=\"button\">Amilton Manoel da Silva<\/a> on&nbsp;<a href=\"https:\/\/graph.facebook.com\/1031855114\/posts\/10223915020516688\/\" target=\"_blank\" rel=\"noopener\">Saturday, January 8, 2022<\/a><\/p><\/blockquote>\n<\/div>\n<p class=\"x_MsoNormal\" style=\"text-align: justify;\">Durante a visita, os membros da Comiss\u00e3o realizaram encontros de planejamento com as lideran\u00e7as locais para planejamento e anima\u00e7\u00e3o mission\u00e1ria.<\/p>\n<p class=\"x_MsoNormal\" style=\"text-align: justify;\">A regi\u00e3o a receber os jovens mission\u00e1rios \u00e9 marcada pela injusti\u00e7a social e a necessidade urgente do an\u00fancio querigm\u00e1tico. H\u00e1 presen\u00e7a de fazendeiros, trabalhadores rurais, povos ind\u00edgenas, migrantes de v\u00e1rias regi\u00f5es do Brasil e de outros pa\u00edses formando um contexto complexo.<\/p>\n<blockquote>\n<p class=\"x_MsoNormal\" style=\"text-align: justify;\">Foi importante para os membros da Comiss\u00e3o Episcopal para Juventude, conhecer melhor a realidade juvenil dos que l\u00e1 vivem&#8221;.<\/p>\n<p class=\"x_MsoNormal\" style=\"text-align: justify;\">\u00a0&#8220;Jovens, preparem-se! Procurem seus referenciais regionais e disponham-se a doar um pouco de seu tempo pelo Reino de Deus&#8221;, exorta a Comiss\u00e3o.<\/p>\n<\/blockquote>\n<h4><strong>Visita a Marab\u00e1 (PA)<\/strong><\/h4>\n<div style=\"text-align: justify;\">\n<p>No s\u00e1bado, 8 de janeiro, a diocese de Marab\u00e1 recebeu a Comiss\u00e3o Episcopal para Juventude da CNBB. Na oportunidade aconteceu uma missa com a presen\u00e7a das diversas express\u00f5es juvenis da diocese, as pastorais, os movimentos e grupos paroquiais. Houve uma boa participa\u00e7\u00e3o de jovens das comunidades e das par\u00f3quias.<\/p>\n<\/div>\n<div><\/div>\n<div style=\"text-align: justify;\">A juventude de Marab\u00e1, no per\u00eddo da pandemia manifestou muita solidariedade estando atenta \u00e0s necessidades dos mais fragilizados atuando com gestos concretos de solidariedade. Tamb\u00e9m destacaram-se no servi\u00e7o \u00e0s Pastorais da Comunica\u00e7\u00e3o paroquiais.<\/div>\n<div><\/div>\n<div style=\"text-align: justify;\"><\/div>\n<div style=\"text-align: justify;\"><br aria-hidden=\"true\" \/>A presen\u00e7a da Comiss\u00e3o e a missa jovem animou toda a juventude presente. A Eucaristia foi presidida por dom Nelson Francelino, presidente da Comiss\u00e3o e concelebrada pelos outros bispos da comiss\u00e3o, dom Ant\u00f4nio Assis, dom Amilton e o bispo diocesano de Marab\u00e1, dom Vital Corbellini.<\/div>\n<div><\/div>\n<div><\/div>\n<div><\/div>\n<div style=\"text-align: justify;\">Estava presente tamb\u00e9m a irm\u00e3 Valeria Andrade Leal, assessora nacional da Comiss\u00e3o e uma grande quantidade de jovens.<\/div>\n<blockquote>\n<div style=\"text-align: justify;\">&#8220;Louvemos a Deus Uno e Trino pela juventude da diocese de Marab\u00e1 e de todo o mundo. N\u00f3s somos chamados a fazer como pastores e povo de Deus a fazer a op\u00e7\u00e3o afetiva e efetiva pela juventude. Nossa Senhora do Perp\u00e9tuo Socorro leve os pedidos de todos os jovens ao seu Filho Jesus Cristo. O Senhor aben\u00e7oe a toda a juventude&#8221;, estimou dom Nelson.<\/div>\n<\/blockquote>\n<div><\/div>\n<pre>Com informa\u00e7\u00f5es e fotos da Comiss\u00e3o para a Juventude da CNBB<\/pre>\n","protected":false},"excerpt":{"rendered":"<p>Ap\u00f3s 2 anos de cancelamento devido \u00e0 pandemia, o projeto &#8220;Miss\u00e3o Jovem&#8221; ser\u00e1 retomado em 2022. Jovens de todo o Brasil, que participam dos mais diversos grupos de jovens, s\u00e3o convocados pelos respons\u00e1veis dos regionais da CNBB e enviados para terem uma experi\u00eancia de f\u00e9 e de servi\u00e7o<\/p>\n","protected":false},"author":83,"featured_media":861858,"comment_status":"open","ping_status":"open","sticky":false,"template":"","format":"standard","meta":{"site-sidebar-layout":"default","site-content-layout":"default","ast-global-header-display":"","ast-banner-title-visibility":"","ast-main-header-display":"","ast-hfb-above-header-display":"","ast-hfb-below-header-display":"","ast-hfb-mobile-header-display":"","site-post-title":"","ast-breadcrumbs-content":"","ast-featured-img":"","footer-sml-layout":"","theme-transparent-header-meta":"default","adv-header-id-meta":"","stick-header-meta":"","header-above-stick-meta":"","header-main-stick-meta":"","header-below-stick-meta":""},"categories":[50,775],"tags":[1185,4182],"acf":[],"_links":{"self":[{"href":"https:\/\/www.cnbb.org.br\/cnbb-app\/wp\/v2\/posts\/861854"}],"collection":[{"href":"https:\/\/www.cnbb.org.br\/cnbb-app\/wp\/v2\/posts"}],"about":[{"href":"https:\/\/www.cnbb.org.br\/cnbb-app\/wp\/v2\/types\/post"}],"author":[{"embeddable":true,"href":"https:\/\/www.cnbb.org.br\/cnbb-app\/wp\/v2\/users\/83"}],"replies":[{"embeddable":true,"href":"https:\/\/www.cnbb.org.br\/cnbb-app\/wp\/v2\/comments?post=861854"}],"version-history":[{"count":0,"href":"https:\/\/www.cnbb.org.br\/cnbb-app\/wp\/v2\/posts\/861854\/revisions"}],"wp:featuredmedia":[{"embeddable":true,"href":"https:\/\/www.cnbb.org.br\/cnbb-app\/wp\/v2\/media\/861858"}],"wp:attachment":[{"href":"https:\/\/www.cnbb.org.br\/cnbb-app\/wp\/v2\/media?parent=861854"}],"wp:term":[{"taxonomy":"category","embeddable":true,"href":"https:\/\/www.cnbb.org.br\/cnbb-app\/wp\/v2\/categories?post=861854"},{"taxonomy":"post_tag","embeddable":true,"href":"https:\/\/www.cnbb.org.br\/cnbb-app\/wp\/v2\/tags?post=861854"}],"curies":[{"name":"wp","href":"https:\/\/api.w.org\/{rel}","templated":true}]}}