{"id":861952,"date":"2022-01-13T13:07:27","date_gmt":"2022-01-13T16:07:27","guid":{"rendered":"https:\/\/www.cnbb.org.br\/?p=861952"},"modified":"2022-01-13T13:08:46","modified_gmt":"2022-01-13T16:08:46","slug":"comissao-para-a-juventude-lanca-caminho-pedagogico","status":"publish","type":"post","link":"https:\/\/www.cnbb.org.br\/comissao-para-a-juventude-lanca-caminho-pedagogico\/","title":{"rendered":"Comiss\u00e3o para a Juventude lan\u00e7a caminho pedag\u00f3gico para guiar a juventude ao longo do ano"},"content":{"rendered":"<p style=\"text-align: justify;\">A Comiss\u00e3o Episcopal Pastoral para a Juventude da Confer\u00eancia Nacional dos Bispos do Brasil (CNBB) lan\u00e7ou orienta\u00e7\u00f5es importantes aos jovens: <strong>O Caminho Pedag\u00f3gico \u201cNos Rastros\u201d<\/strong>, que tem como objetivo guiar as express\u00f5es juvenis ao longo do ano, como um percurso que leve a juventude ao amadurecimento da f\u00e9 na voca\u00e7\u00e3o de disc\u00edpulos e mission\u00e1rios de Jesus Cristo.<\/p>\n<p style=\"text-align: justify;\">O Caminho Pedag\u00f3gico inicia com a Campanha da Fraternidade, no tempo da Quaresma, passa pela prepara\u00e7\u00e3o do Dia Nacional da Juventude (DNJ), e \u00e9 conclu\u00eddo com a Jornada Diocesana da Juventude (JDJ), na Festa de Cristo Rei.<\/p>\n<h3 style=\"text-align: justify;\"><strong>Busca e Crescimento<\/strong><\/h3>\n<p style=\"text-align: justify;\">Na <a href=\"https:\/\/www.vatican.va\/content\/francesco\/pt\/apost_exhortations\/documents\/papa-francesco_esortazione-ap_20190325_christus-vivit.html\" target=\"_blank\" rel=\"noopener\">Exorta\u00e7\u00e3o Apost\u00f3lica\u00a0<em>Christus Vivit<\/em><\/a>, o Papa Francisco fala sobre a import\u00e2ncia do processo de busca e crescimento. A assessora da Comiss\u00e3o Episcopal Pastoral para a Juventude da CNBB, irm\u00e3 Val\u00e9ria Andrade Leal, explica que o Caminho Pedag\u00f3gico \u00e9 uma a\u00e7\u00e3o pr\u00e1tica da proposta do Santo Padre, apresentando passos para que os eventos n\u00e3o sejam momentos isolados.<\/p>\n<blockquote><p><em>\u201cOs eventos s\u00e3o momentos de busca, mas n\u00f3s precisamos entrar numa din\u00e2mica de crescimento, acompanhamento constante, educa\u00e7\u00e3o da f\u00e9, forma\u00e7\u00e3o integral. A proposta \u2018Nos Rastros\u2019 nos coloca na din\u00e2mica de continuidade, aprofundamento e acompanhamento da juventude do nosso Brasil.\u201d<\/em><\/p><\/blockquote>\n<h3 style=\"text-align: justify;\"><strong>Caminho de Ema\u00fas<\/strong><\/h3>\n<p style=\"text-align: justify;\">O padre Ant\u00f4nio Ramos, assessor externo da Comiss\u00e3o, recorda que o Caminho Pedag\u00f3gico est\u00e1 relacionado com o trecho b\u00edblico dos Disc\u00edpulos de Ema\u00fas. Assim como Jesus faz caminho com os jovens disc\u00edpulos, explicando as Escrituras, resgatando a dignidade, partindo o p\u00e3o e retomando a miss\u00e3o, o Caminho Pedag\u00f3gico quer ajudar os jovens no amadurecimento da f\u00e9. \u201cN\u00f3s queremos que, a cada final de ano, os jovens possam dizer: \u2018eu cresci na f\u00e9\u2019\u201d, conclui.<\/p>\n<p style=\"text-align: justify;\">A Comiss\u00e3o para a Juventude buscou andar em conformidade com <strong>as novas orienta\u00e7\u00f5es pastorais para a celebra\u00e7\u00e3o da Jornada Mundial da Juventude nas Igrejas particulares<\/strong>\u00a0elaborado pelo Dicast\u00e9rio do Vaticano para os Leigos, a Fam\u00edlia e a Vida (DLFV). Uma das novidades prende-se com a celebra\u00e7\u00e3o diocesana que passa a acontecer na solenidade de Cristo-Rei, em vez do Domingo de Ramos por decis\u00e3o do Papa Francisco. \u201cSem o Reino de Cristo, toda verdadeira fraternidade e toda aut\u00eantica proximidade com aqueles que sofrem desaparecem\u201d, l\u00ea-se no documento.<\/p>\n<p>&nbsp;<\/p>\n<p style=\"text-align: justify;\"><strong>Fa\u00e7a o Download do Caminho Pedag\u00f3gico \u201cNos Rastros\u201d \u2013\u00a0<a href=\"https:\/\/jovensconectados.org.br\/wp-content\/uploads\/2021\/11\/JovensConectados_nosrastros_NOVO.pdf\" target=\"_blank\" rel=\"noopener\">Clique aqui<\/a>!<\/strong><\/p>\n<p>&nbsp;<\/p>\n<p>&nbsp;<\/p>\n<p>&nbsp;<\/p>\n<div class=\"_3d-flip-book fb3d-fullscreen-mode full-size\" style=\"text-align: justify;\" data-id=\"0\" data-mode=\"fullscreen\" data-title=\"false\" data-template=\"short-white-book-view\" data-lightbox=\"dark\" data-urlparam=\"fb3d-page\" data-page-n=\"0\" data-pdf=\"https:\/\/jovensconectados.org.br\/wp-content\/uploads\/2021\/11\/JovensConectados_nosrastros_NOVO.pdf\" data-tax=\"null\" data-thumbnail=\"\" data-cols=\"3\" data-query=\"\" data-rendered=\"true\">\n<div><\/div>\n<\/div>\n<pre>Por Pedro Colatusso, da Reda\u00e7\u00e3o Jovens Conectados<\/pre>\n","protected":false},"excerpt":{"rendered":"<p>A Comiss\u00e3o Episcopal Pastoral para a Juventude da Confer\u00eancia Nacional dos Bispos do Brasil (CNBB) lan\u00e7ou orienta\u00e7\u00f5es importantes aos jovens: O Caminho Pedag\u00f3gico \u201cNos Rastros\u201d, que tem como objetivo guiar as express\u00f5es juvenis ao longo do ano, como um percurso que leve a juventude ao amadurecimento da f\u00e9 na voca\u00e7\u00e3o de disc\u00edpulos e mission\u00e1rios de &hellip;<\/p>\n<p class=\"read-more\"> <a class=\"\" href=\"https:\/\/www.cnbb.org.br\/comissao-para-a-juventude-lanca-caminho-pedagogico\/\"> <span class=\"screen-reader-text\">Comiss\u00e3o para a Juventude lan\u00e7a caminho pedag\u00f3gico para guiar a juventude ao longo do ano<\/span> Leia mais &raquo;<\/a><\/p>\n","protected":false},"author":83,"featured_media":861955,"comment_status":"open","ping_status":"open","sticky":false,"template":"","format":"standard","meta":{"site-sidebar-layout":"default","site-content-layout":"default","ast-global-header-display":"","ast-banner-title-visibility":"","ast-main-header-display":"","ast-hfb-above-header-display":"","ast-hfb-below-header-display":"","ast-hfb-mobile-header-display":"","site-post-title":"","ast-breadcrumbs-content":"","ast-featured-img":"","footer-sml-layout":"","theme-transparent-header-meta":"","adv-header-id-meta":"","stick-header-meta":"","header-above-stick-meta":"","header-main-stick-meta":"","header-below-stick-meta":""},"categories":[1841,775],"tags":[4193,1185],"acf":[],"_links":{"self":[{"href":"https:\/\/www.cnbb.org.br\/cnbb-app\/wp\/v2\/posts\/861952"}],"collection":[{"href":"https:\/\/www.cnbb.org.br\/cnbb-app\/wp\/v2\/posts"}],"about":[{"href":"https:\/\/www.cnbb.org.br\/cnbb-app\/wp\/v2\/types\/post"}],"author":[{"embeddable":true,"href":"https:\/\/www.cnbb.org.br\/cnbb-app\/wp\/v2\/users\/83"}],"replies":[{"embeddable":true,"href":"https:\/\/www.cnbb.org.br\/cnbb-app\/wp\/v2\/comments?post=861952"}],"version-history":[{"count":0,"href":"https:\/\/www.cnbb.org.br\/cnbb-app\/wp\/v2\/posts\/861952\/revisions"}],"wp:featuredmedia":[{"embeddable":true,"href":"https:\/\/www.cnbb.org.br\/cnbb-app\/wp\/v2\/media\/861955"}],"wp:attachment":[{"href":"https:\/\/www.cnbb.org.br\/cnbb-app\/wp\/v2\/media?parent=861952"}],"wp:term":[{"taxonomy":"category","embeddable":true,"href":"https:\/\/www.cnbb.org.br\/cnbb-app\/wp\/v2\/categories?post=861952"},{"taxonomy":"post_tag","embeddable":true,"href":"https:\/\/www.cnbb.org.br\/cnbb-app\/wp\/v2\/tags?post=861952"}],"curies":[{"name":"wp","href":"https:\/\/api.w.org\/{rel}","templated":true}]}}