{"id":861989,"date":"2022-01-14T12:18:54","date_gmt":"2022-01-14T15:18:54","guid":{"rendered":"https:\/\/www.cnbb.org.br\/?p=861989"},"modified":"2022-01-14T12:18:54","modified_gmt":"2022-01-14T15:18:54","slug":"chuvas-castigam-ainda-mais-o-estado-de-minas-gerais-e-igreja-organiza-a-solidariedade-as-familias-desabrigadas","status":"publish","type":"post","link":"https:\/\/www.cnbb.org.br\/chuvas-castigam-ainda-mais-o-estado-de-minas-gerais-e-igreja-organiza-a-solidariedade-as-familias-desabrigadas\/","title":{"rendered":"Chuvas castigam ainda mais o Estado de Minas Gerais e Igreja organiza a solidariedade \u00e0s fam\u00edlias desabrigadas"},"content":{"rendered":"<p style=\"text-align: justify;\">Apenas nas \u00faltimas 24 horas, 9740 pessoas tiveram que deixar suas casas em raz\u00e3o das chuvas que atingem o Estado de Minas Gerais. Subiu para 376 o n\u00famero de cidades em situa\u00e7\u00e3o de emerg\u00eancia devido aos temporais nas \u00faltimas semanas. O n\u00famero corresponde a 44% de todo o Estado, que possui 853 munic\u00edpios.<\/p>\n<p style=\"text-align: justify;\">De acordo com a defesa civil de MG, 25 pessoas morreram, sem contar as 10 que morreram no desabamento do pared\u00e3o de rocha no Capit\u00f3lio. O \u00f3rg\u00e3o aponta que 9.323 pessoas ficaram desalojadas at\u00e9 este dia, 14 de janeiro. Agora, 35.815 pessoas precisaram sair de suas casas, mas n\u00e3o tiveram a resid\u00eancia destru\u00edda a e est\u00e3o abrigadas com a ajuda de parentes ou amigos. Em Brumadinho, regi\u00e3o metropolitana da Belo Horizonte, regi\u00e3o j\u00e1 afetadas por desastres, a cheia do rio Paraopebas provocou muitos estragos e deixou centenas de fam\u00edlias desabrigadas.<\/p>\n<p style=\"text-align: justify;\">A campanha\u00a0<a href=\"https:\/\/www.cnbb.org.br\/tag\/sos-bahia-e-minas-gerais\/\"><strong>#SOS Bahia e Minas Gerais: Solidariedade que transborda<\/strong><\/a>,\u00a0 realizada pela C\u00e1ritas Brasileira e pela Confer\u00eancia Nacional dos Bispos do Brasil (CNBB), desde 11 de dezembro, vem \u00a0se mobilizando a doa\u00e7\u00e3o de recursos para os desabrigados e desalojados.<\/p>\n<p style=\"text-align: justify;\">As comunidades de f\u00e9 da arquidiocese de Belo Horizonte, com a articula\u00e7\u00e3o do Vicariato Episcopal para A\u00e7\u00e3o Social, Pol\u00edtica e Ambiental (Veaspam), est\u00e3o unidas para ajudar as v\u00edtimas e os desabrigados pelas chuvas na regi\u00e3o metropolitana de Belo Horizonte, por meio da\u00a0<a href=\"https:\/\/www.cnbb.org.br\/arquidiocese-de-bh-mobiliza-a-solidariedade-em-rede-para-apoiar-pessoas-afetadas-por-enchentes\/\"><strong>Solidariedade em Rede<\/strong><\/a>, que re\u00fane par\u00f3quias da arquidiocese de BH.<\/p>\n<p style=\"text-align: justify;\">Diversos pontos de acolhimento aos desalojados e desabrigados est\u00e3o funcionando na arquidiocese de Belo Horizonte, assim como locais para recebimento de donativos. At\u00e9 o momento, somente na regi\u00e3o de Brumadinho, cerca de 200 pessoas desabrigadas ou desalojadas foram acolhidas nas estruturas das Igrejas da arquidiocese de BH onde est\u00e3o recebendo as tr\u00eas refei\u00e7\u00f5es di\u00e1rias. As doa\u00e7\u00f5es em valores podem ser feitas por meio de duas contas banc\u00e1rias ou PIX.<\/p>\n<p style=\"text-align: justify;\">O bispo auxiliar de Belo Horizionte, dom Vicente Pereira, refor\u00e7a que a arquidiocese est\u00e1 acompanhando de perto das comunidades, com especial aten\u00e7\u00e3o para os desalojados. Ele conta que a arquidiocese organizou pontos estrat\u00e9gicos para recebimento das ofertas e acolhida dos atingidos.<\/p>\n<h3>Um novo ciclo de cuidado com a Casa Comum<\/h3>\n<p style=\"text-align: justify;\">Na tarde desta quinta-feira, 13 de janeiro, o arcebispo de Belo Horizonte e presidente da CNBB se reuniu virtualmente<img decoding=\"async\" loading=\"lazy\" class=\"wp-image-149810 img-responsive alignright\" src=\"https:\/\/arquidiocesebh.org.br\/wp-content\/uploads\/2022\/01\/img-20220113-wa0035.jpg\" sizes=\"(max-width: 281px) 100vw, 281px\" srcset=\"https:\/\/arquidiocesebh.org.br\/wp-content\/uploads\/2022\/01\/img-20220113-wa0035.jpg 674w, https:\/\/arquidiocesebh.org.br\/wp-content\/uploads\/2022\/01\/img-20220113-wa0035-300x204.jpg 300w, https:\/\/arquidiocesebh.org.br\/wp-content\/uploads\/2022\/01\/img-20220113-wa0035-150x102.jpg 150w, https:\/\/arquidiocesebh.org.br\/wp-content\/uploads\/2022\/01\/img-20220113-wa0035-474x321.jpg 474w, https:\/\/arquidiocesebh.org.br\/wp-content\/uploads\/2022\/01\/img-20220113-wa0035-259x176.jpg 259w, https:\/\/arquidiocesebh.org.br\/wp-content\/uploads\/2022\/01\/img-20220113-wa0035-224x153.jpg 224w\" alt=\"\" width=\"281\" height=\"191\" \/> com o governador do Estado de MG, Romeu Zema, para tratar da situa\u00e7\u00e3o das comunidades e oferecer ajuda da Igreja na elabora\u00e7\u00e3o de iniciativas para amparar as v\u00edtimas das enchentes.<\/p>\n<p style=\"text-align: justify;\">\u00a0O arcebispo pontuou que \u00e9 necess\u00e1ria uma grande mobiliza\u00e7\u00e3o para lidar com as causas das trag\u00e9dias, alertando que o problema n\u00e3o s\u00e3o as chuvas, mas o modo inadequado de tratar o meio ambiente, um problema hist\u00f3rico.<\/p>\n<p style=\"text-align: justify;\">Nas visitas \u00e0s comunidades, o presidente da CNBB ressaltou ter visto muito sofrimento e muita decep\u00e7\u00e3o mas ao mesmo tempo a solidariedade das pessoas e da Igreja. Dom Walmor defende ser necess\u00e1rio fechar um ciclo e abrir um novo ciclo com legisla\u00e7\u00f5es mais rigorosas sobre o meio ambiente.<\/p>\n<p>Saiba onde doar (<a href=\"https:\/\/arquidiocesebh.org.br\/noticias\/solidariedade-em-rede-acolhe-doacoes-para-amparar-os-desabrigados-pelas-chuvas-em-brumadinho-e-santa-luzia\/\" target=\"_blank\" rel=\"noopener\">aqui<\/a>).<\/p>\n<p><img decoding=\"async\" loading=\"lazy\" class=\"aligncenter wp-image-861910 size-full\" src=\"https:\/\/www.cnbb.org.br\/wp-content\/uploads\/2022\/01\/banner-chuvas-300x300-1.jpeg\" alt=\"\" width=\"300\" height=\"300\" srcset=\"https:\/\/www.cnbb.org.br\/wp-content\/uploads\/2022\/01\/banner-chuvas-300x300-1.jpeg 300w, https:\/\/www.cnbb.org.br\/wp-content\/uploads\/2022\/01\/banner-chuvas-300x300-1-150x150.jpeg 150w\" sizes=\"(max-width: 300px) 100vw, 300px\" \/><\/p>\n<p>&nbsp;<\/p>\n<p>&nbsp;<\/p>\n<p>&nbsp;<\/p>\n<p>&nbsp;<\/p>\n","protected":false},"excerpt":{"rendered":"<p>Na tarde da quinta-feira, 13, o arcebispo de Belo Horizonte e presidente da CNBB se reuniu \u00e0 dist\u00e2ncia com o governador de Minas, Romeu Zema, para tratar da situa\u00e7\u00e3o das comunidades e oferecer ajuda da Igreja na elabora\u00e7\u00e3o de iniciativas para amparar as v\u00edtimas das enchentes. Dom Walmor cobrou um novo ciclo de legisla\u00e7\u00f5es e cuidado com o meio ambiente<\/p>\n","protected":false},"author":83,"featured_media":862006,"comment_status":"open","ping_status":"open","sticky":false,"template":"","format":"standard","meta":{"site-sidebar-layout":"default","site-content-layout":"default","ast-global-header-display":"","ast-banner-title-visibility":"","ast-main-header-display":"","ast-hfb-above-header-display":"","ast-hfb-below-header-display":"","ast-hfb-mobile-header-display":"","site-post-title":"","ast-breadcrumbs-content":"","ast-featured-img":"","footer-sml-layout":"","theme-transparent-header-meta":"","adv-header-id-meta":"","stick-header-meta":"","header-above-stick-meta":"","header-main-stick-meta":"","header-below-stick-meta":""},"categories":[829,50],"tags":[4124,4194],"acf":[],"_links":{"self":[{"href":"https:\/\/www.cnbb.org.br\/cnbb-app\/wp\/v2\/posts\/861989"}],"collection":[{"href":"https:\/\/www.cnbb.org.br\/cnbb-app\/wp\/v2\/posts"}],"about":[{"href":"https:\/\/www.cnbb.org.br\/cnbb-app\/wp\/v2\/types\/post"}],"author":[{"embeddable":true,"href":"https:\/\/www.cnbb.org.br\/cnbb-app\/wp\/v2\/users\/83"}],"replies":[{"embeddable":true,"href":"https:\/\/www.cnbb.org.br\/cnbb-app\/wp\/v2\/comments?post=861989"}],"version-history":[{"count":0,"href":"https:\/\/www.cnbb.org.br\/cnbb-app\/wp\/v2\/posts\/861989\/revisions"}],"wp:featuredmedia":[{"embeddable":true,"href":"https:\/\/www.cnbb.org.br\/cnbb-app\/wp\/v2\/media\/862006"}],"wp:attachment":[{"href":"https:\/\/www.cnbb.org.br\/cnbb-app\/wp\/v2\/media?parent=861989"}],"wp:term":[{"taxonomy":"category","embeddable":true,"href":"https:\/\/www.cnbb.org.br\/cnbb-app\/wp\/v2\/categories?post=861989"},{"taxonomy":"post_tag","embeddable":true,"href":"https:\/\/www.cnbb.org.br\/cnbb-app\/wp\/v2\/tags?post=861989"}],"curies":[{"name":"wp","href":"https:\/\/api.w.org\/{rel}","templated":true}]}}