{"id":862054,"date":"2022-01-17T11:49:24","date_gmt":"2022-01-17T14:49:24","guid":{"rendered":"https:\/\/www.cnbb.org.br\/?p=862054"},"modified":"2022-01-17T11:50:15","modified_gmt":"2022-01-17T14:50:15","slug":"mansao-da-misericordia","status":"publish","type":"post","link":"https:\/\/www.cnbb.org.br\/mansao-da-misericordia\/","title":{"rendered":"Mans\u00e3o da miseric\u00f3rdia"},"content":{"rendered":"<p style=\"text-align: right;\"><strong>Cardeal Sergio da Rocha<\/strong><br \/>\n<strong>Arcebispo de Salvador (BA)<\/strong><\/p>\n<p>&nbsp;<\/p>\n<p style=\"text-align: justify;\">\u201cDesta sagrada colina, mans\u00e3o da miseric\u00f3rdia, dai-nos a gra\u00e7a divina, da justi\u00e7a e da conc\u00f3rdia\u201d. Assim cantam os devotos do Senhor Bom Jesus do Bonfim, conforme a letra do seu hino mais popular, reconhecendo a Bas\u00edlica Santu\u00e1rio, situada no alto da colina da pen\u00ednsula de Itapagipe, em Salvador, como a \u201cmans\u00e3o da miseric\u00f3rdia\u201d.<\/p>\n<p style=\"text-align: justify;\">A palavra \u201cmiseric\u00f3rdia\u201d, conforme a sua raiz etimol\u00f3gica latina, expressa o cora\u00e7\u00e3o voltado para quem est\u00e1 sofrendo, atrav\u00e9s da compaix\u00e3o, da solidariedade e do perd\u00e3o. Os sentimentos representados pelo \u201ccora\u00e7\u00e3o\u201d s\u00e3o muito importantes. Por isso, a \u201ccompaix\u00e3o\u201d consiste em sofrer junto de quem mais sofre, em sentir a dor do outro. Mas a verdadeira miseric\u00f3rdia n\u00e3o se restringe aos sentimentos ou boas inten\u00e7\u00f5es, traduzindo-se em a\u00e7\u00f5es concretas. Um cora\u00e7\u00e3o misericordioso n\u00e3o somente se \u201ccomove\u201d diante de quem sofre, mas, acima de tudo, \u201cse move\u201d em dire\u00e7\u00e3o aos sofredores, com iniciativas concretas de solidariedade. A miseric\u00f3rdia se manifesta pela partilha com os necessitados, pelo servi\u00e7o aos doentes e pelo perd\u00e3o aos que erram, dentre outras atitudes e iniciativas.<\/p>\n<p style=\"text-align: justify;\">A peregrina\u00e7\u00e3o ao Santu\u00e1rio do Bonfim, \u201cmans\u00e3o da miseric\u00f3rdia\u201d, em busca da \u201cjusti\u00e7a e da conc\u00f3rdia\u201d, \u00e9 sinal e recorda\u00e7\u00e3o da longa peregrina\u00e7\u00e3o que acontece no dia a dia da vida dos in\u00fameros devotos e peregrinos do Senhor do Bonfim. Num mundo marcado por tanta agressividade e viol\u00eancia, a miseric\u00f3rdia torna-se ainda mais necess\u00e1ria. Neste tempo de pandemia, marcado pela enfermidade e luto, os que mais sofrem necessitam de compaix\u00e3o e solidariedade. As m\u00e3os que se elevam para o Senhor Bom Jesus, suplicando miseric\u00f3rdia, s\u00e3o m\u00e3os a serem estendidas ao pr\u00f3ximo para expressar proximidade fraterna, solidariedade, perd\u00e3o e paz. Necessitamos de compaix\u00e3o e solidariedade, de cuidado e responsabilidade pela vida e a sa\u00fade, neste tempo sofrido da pandemia. \u00c9 preciso elevar as m\u00e3os em ora\u00e7\u00e3o e estender as m\u00e3os aos irm\u00e3os, pois h\u00e1 muita gente necessitada de m\u00e3os que rezam e s\u00e3o solid\u00e1rias.<\/p>\n<p style=\"text-align: justify;\">O Senhor do Bonfim nos ensinou as par\u00e1bolas da miseric\u00f3rdia, referindo-se \u00e0 Ovelha Perdida, ao Pai Misericordioso (\u201cFilho Pr\u00f3digo\u201d) e ao Bom Samaritano. Ele nos ensina a sermos \u201cmisericordiosos como o Pai\u201d e proclama que \u201cfelizes s\u00e3o os misericordiosos, porque alcan\u00e7ar\u00e3o miseric\u00f3rdia\u201d. Neste ano em que, mais uma vez, a grande festa religiosa n\u00e3o pode ser realizada como tradicionalmente ocorre, com a multid\u00e3o de peregrinos subindo a colina do Santu\u00e1rio, a melhor homenagem ao Senhor do Bonfim, juntamente com os louvores e a\u00e7\u00e3o de gra\u00e7as, \u00e9 tornar-se um peregrino da miseric\u00f3rdia na vida cotidiana, de tal modo que cada casa possa tornar-se tamb\u00e9m \u201cmans\u00e3o da miseric\u00f3rdia\u201d, lugar de perd\u00e3o, de justi\u00e7a e de conc\u00f3rdia.<\/p>\n<p style=\"text-align: justify;\">\n","protected":false},"excerpt":{"rendered":"<p>Cardeal Sergio da Rocha Arcebispo de Salvador (BA) &nbsp; \u201cDesta sagrada colina, mans\u00e3o da miseric\u00f3rdia, dai-nos a gra\u00e7a divina, da justi\u00e7a e da conc\u00f3rdia\u201d. Assim cantam os devotos do Senhor Bom Jesus do Bonfim, conforme a letra do seu hino mais popular, reconhecendo a Bas\u00edlica Santu\u00e1rio, situada no alto da colina da pen\u00ednsula de Itapagipe, &hellip;<\/p>\n<p class=\"read-more\"> <a class=\"\" href=\"https:\/\/www.cnbb.org.br\/mansao-da-misericordia\/\"> <span class=\"screen-reader-text\">Mans\u00e3o da miseric\u00f3rdia<\/span> Leia mais &raquo;<\/a><\/p>\n","protected":false},"author":78,"featured_media":0,"comment_status":"open","ping_status":"open","sticky":false,"template":"","format":"standard","meta":{"site-sidebar-layout":"default","site-content-layout":"default","ast-global-header-display":"","ast-banner-title-visibility":"","ast-main-header-display":"","ast-hfb-above-header-display":"","ast-hfb-below-header-display":"","ast-hfb-mobile-header-display":"","site-post-title":"","ast-breadcrumbs-content":"","ast-featured-img":"","footer-sml-layout":"","theme-transparent-header-meta":"","adv-header-id-meta":"","stick-header-meta":"","header-above-stick-meta":"","header-main-stick-meta":"","header-below-stick-meta":""},"categories":[758],"tags":[],"acf":[],"_links":{"self":[{"href":"https:\/\/www.cnbb.org.br\/cnbb-app\/wp\/v2\/posts\/862054"}],"collection":[{"href":"https:\/\/www.cnbb.org.br\/cnbb-app\/wp\/v2\/posts"}],"about":[{"href":"https:\/\/www.cnbb.org.br\/cnbb-app\/wp\/v2\/types\/post"}],"author":[{"embeddable":true,"href":"https:\/\/www.cnbb.org.br\/cnbb-app\/wp\/v2\/users\/78"}],"replies":[{"embeddable":true,"href":"https:\/\/www.cnbb.org.br\/cnbb-app\/wp\/v2\/comments?post=862054"}],"version-history":[{"count":0,"href":"https:\/\/www.cnbb.org.br\/cnbb-app\/wp\/v2\/posts\/862054\/revisions"}],"wp:attachment":[{"href":"https:\/\/www.cnbb.org.br\/cnbb-app\/wp\/v2\/media?parent=862054"}],"wp:term":[{"taxonomy":"category","embeddable":true,"href":"https:\/\/www.cnbb.org.br\/cnbb-app\/wp\/v2\/categories?post=862054"},{"taxonomy":"post_tag","embeddable":true,"href":"https:\/\/www.cnbb.org.br\/cnbb-app\/wp\/v2\/tags?post=862054"}],"curies":[{"name":"wp","href":"https:\/\/api.w.org\/{rel}","templated":true}]}}