{"id":862173,"date":"2022-01-19T12:29:18","date_gmt":"2022-01-19T15:29:18","guid":{"rendered":"https:\/\/www.cnbb.org.br\/?p=862173"},"modified":"2022-01-19T12:30:17","modified_gmt":"2022-01-19T15:30:17","slug":"sao-sebastiao-martir","status":"publish","type":"post","link":"https:\/\/www.cnbb.org.br\/sao-sebastiao-martir\/","title":{"rendered":"S\u00e3o Sebasti\u00e3o, m\u00e1rtir"},"content":{"rendered":"<p style=\"text-align: right;\"><strong>Dom Eurico dos Santos Veloso<br \/>\n<\/strong><strong>Arcebispo Em\u00e9rito de Juiz de Fora (MG)<\/strong><\/p>\n<p style=\"text-align: justify;\"><strong>\u00a0<\/strong><\/p>\n<p style=\"text-align: justify;\"><em>\u201cGlorioso m\u00e1rtir S\u00e3o Sebasti\u00e3o, soldado de Cristo e exemplo de crist\u00e3o\u201d<\/em><\/p>\n<p style=\"text-align: justify;\">\u00a0\u00a0\u00a0\u00a0\u00a0\u00a0\u00a0\u00a0 Hoje, 20 de janeiro, celebramos a mem\u00f3ria facultativa de S\u00e3o Sebasti\u00e3o M\u00e1rtir, protetor da humanidade contra fome, a peste e a guerra. Exemplo de crist\u00e3o que doou, sem medidas, sua vida para a evangeliza\u00e7\u00e3o e para o amor do irm\u00e3o.<\/p>\n<p style=\"text-align: justify;\">\u00a0\u00a0\u00a0\u00a0\u00a0\u00a0\u00a0\u00a0 Nascido em Narbonne, na G\u00e1lia, atual Fran\u00e7a, foi ainda pequeno para Mil\u00e3o, na It\u00e1lia, data por volta do s\u00e9culo terceiro. Desde cedo, sempre generoso ao servi\u00e7o do pr\u00f3ximo. <em>\u201cAo entrar para o servi\u00e7o no Imp\u00e9rio, como soldado, tinha muita sa\u00fade no f\u00edsico, na mente e, principalmente, na alma. N\u00e3o demorou muito, tornou-se o primeiro capit\u00e3o da guarda do Imp\u00e9rio. Esse grande homem de Deus ficou conhecido por muitos crist\u00e3os, pois, sem que as autoridades soubessem \u2013 nesse tempo, no Imp\u00e9rio de Diocleciano, a Igreja e os crist\u00e3os eram duramente perseguidos \u2013, porque o imperador adorava os deuses. Enquanto os crist\u00e3os n\u00e3o adoravam as coisas, mas as tr\u00eas Pessoas da Sant\u00edssima Trindade.<\/em> <em>Esse mist\u00e9rio o levava a consolar os crist\u00e3os que eram presos de maneira secreta, mas muito s\u00e1bia; uma evangeliza\u00e7\u00e3o eficaz pelo testemunho que n\u00e3o podia ser expl\u00edcito.\u201d<\/em> (cf. <a href=\"https:\/\/santo.cancaonova.com\/santo\/sao-sebastiao-defensor-da-igreja\/\" target=\"_blank\" rel=\"noopener\">https:\/\/santo.cancaonova.com\/santo\/sao-sebastiao-defensor-da-igreja\/<\/a> &#8211; acesso em 17 de jan de 2022).<\/p>\n<p style=\"text-align: justify;\">\u00a0\u00a0\u00a0\u00a0\u00a0\u00a0\u00a0\u00a0 S\u00e3o Sebasti\u00e3o foi preso a um tronco e levou v\u00e1rias flechadas a mando do imperador, dado as den\u00fancias que o santo deu a paganismo e a injusti\u00e7a pelo imp\u00e9rio de Diocleciano. S\u00e3o Sebasti\u00e3o foi dado como um morto, mas ele foi curado e continuou sua miss\u00e3o de evangeliza\u00e7\u00e3o e testemunho. E em 288 foi duramente martirizado.<\/p>\n<p style=\"text-align: justify;\">\u00a0\u00a0\u00a0\u00a0\u00a0\u00a0\u00a0\u00a0 Que S\u00e3o Sebasti\u00e3o, exemplo de crist\u00e3o que doou a vida sem medida e entregou-se para mart\u00edrio, possa interceder a n\u00f3s para que vivamos fielmente o Evangelho de Jesus Cristo, bem como \u00e0 miss\u00e3o que nos foi dada.<\/p>\n<p style=\"text-align: justify;\"><em>\u00a0\u00a0\u00a0\u00a0\u00a0\u00a0\u00a0\u00a0 \u00d3 glorioso m\u00e1rtir S\u00e3o Sebasti\u00e3o, protegei com a Vossa intercess\u00e3o, livrai-nos de todo o mal, de toda a epidemia corporal, moral e espiritual. Fazei que se convertam para Jesus aqueles que se perderam na f\u00e9, ajudai que o justo persevere at\u00e9 o fim na f\u00e9<\/em><\/p>\n<p style=\"text-align: justify;\">\n<p style=\"text-align: justify;\"><em>Sauda\u00e7\u00f5es em Cristo!<\/em><\/p>\n<p style=\"text-align: justify;\">\n","protected":false},"excerpt":{"rendered":"<p>Dom Eurico dos Santos Veloso Arcebispo Em\u00e9rito de Juiz de Fora (MG) \u00a0 \u201cGlorioso m\u00e1rtir S\u00e3o Sebasti\u00e3o, soldado de Cristo e exemplo de crist\u00e3o\u201d \u00a0\u00a0\u00a0\u00a0\u00a0\u00a0\u00a0\u00a0 Hoje, 20 de janeiro, celebramos a mem\u00f3ria facultativa de S\u00e3o Sebasti\u00e3o M\u00e1rtir, protetor da humanidade contra fome, a peste e a guerra. Exemplo de crist\u00e3o que doou, sem medidas, sua &hellip;<\/p>\n<p class=\"read-more\"> <a class=\"\" href=\"https:\/\/www.cnbb.org.br\/sao-sebastiao-martir\/\"> <span class=\"screen-reader-text\">S\u00e3o Sebasti\u00e3o, m\u00e1rtir<\/span> Leia mais &raquo;<\/a><\/p>\n","protected":false},"author":31,"featured_media":0,"comment_status":"open","ping_status":"open","sticky":false,"template":"","format":"standard","meta":{"site-sidebar-layout":"default","site-content-layout":"default","ast-global-header-display":"","ast-banner-title-visibility":"","ast-main-header-display":"","ast-hfb-above-header-display":"","ast-hfb-below-header-display":"","ast-hfb-mobile-header-display":"","site-post-title":"","ast-breadcrumbs-content":"","ast-featured-img":"","footer-sml-layout":"","theme-transparent-header-meta":"","adv-header-id-meta":"","stick-header-meta":"","header-above-stick-meta":"","header-main-stick-meta":"","header-below-stick-meta":""},"categories":[758],"tags":[],"acf":[],"_links":{"self":[{"href":"https:\/\/www.cnbb.org.br\/cnbb-app\/wp\/v2\/posts\/862173"}],"collection":[{"href":"https:\/\/www.cnbb.org.br\/cnbb-app\/wp\/v2\/posts"}],"about":[{"href":"https:\/\/www.cnbb.org.br\/cnbb-app\/wp\/v2\/types\/post"}],"author":[{"embeddable":true,"href":"https:\/\/www.cnbb.org.br\/cnbb-app\/wp\/v2\/users\/31"}],"replies":[{"embeddable":true,"href":"https:\/\/www.cnbb.org.br\/cnbb-app\/wp\/v2\/comments?post=862173"}],"version-history":[{"count":0,"href":"https:\/\/www.cnbb.org.br\/cnbb-app\/wp\/v2\/posts\/862173\/revisions"}],"wp:attachment":[{"href":"https:\/\/www.cnbb.org.br\/cnbb-app\/wp\/v2\/media?parent=862173"}],"wp:term":[{"taxonomy":"category","embeddable":true,"href":"https:\/\/www.cnbb.org.br\/cnbb-app\/wp\/v2\/categories?post=862173"},{"taxonomy":"post_tag","embeddable":true,"href":"https:\/\/www.cnbb.org.br\/cnbb-app\/wp\/v2\/tags?post=862173"}],"curies":[{"name":"wp","href":"https:\/\/api.w.org\/{rel}","templated":true}]}}