{"id":862203,"date":"2022-01-20T11:37:00","date_gmt":"2022-01-20T14:37:00","guid":{"rendered":"https:\/\/www.cnbb.org.br\/?p=862203"},"modified":"2022-01-20T11:38:04","modified_gmt":"2022-01-20T14:38:04","slug":"hoje-se-cumpriu-esta-passagem-da-escritura","status":"publish","type":"post","link":"https:\/\/www.cnbb.org.br\/hoje-se-cumpriu-esta-passagem-da-escritura\/","title":{"rendered":"Hoje se cumpriu esta passagem da Escritura"},"content":{"rendered":"<p style=\"text-align: right;\"><strong>Cardeal Orani Jo\u00e3o Tempesta<br \/>\n<\/strong><strong>Arcebispo do Rio de Janeiro (RJ)<\/strong><\/p>\n<p style=\"text-align: justify;\">\n<p style=\"text-align: justify;\">Celebramos neste domingo, o terceiro do Tempo Comum. Estamos acompanhando Jesus em sua vida p\u00fablica anunciando o Reino de Deus. Durante o Tempo Comum, acompanhamos a trajet\u00f3ria de Jesus at\u00e9 subir para Jerusal\u00e9m e sofrer a paix\u00e3o, morte e ressurrei\u00e7\u00e3o. O tempo comum \u00e9 simbolizado pela cor verde, que representa a cor da esperan\u00e7a, a esperan\u00e7a em dias melhores para todos n\u00f3s.<\/p>\n<p style=\"text-align: justify;\">No evangelho deste domingo, Lucas come\u00e7a dizendo tudo aquilo que ele ouviu e estudou a respeito de Jesus e p\u00f4de colocar no livro de seu evangelho, para que todos pudessem ouvir o ensinamento transmitido por Jesus. E ainda apresenta a miss\u00e3o de Jesus aqui na terra, que era anunciar a palavra de Deus, sobretudo aos pequeninos do Reino.<\/p>\n<p style=\"text-align: justify;\">Nesse domingo, recordamos da Palavra de Deus. Pelo terceiro ano consecutivo, o Papa Francisco decretou o terceiro domingo do Tempo Comum como o Domingo da Palavra de Deus. Que possamos ouvir, ler e meditar a palavra de Deus todos os dias desse ano. Que a Palavra de Deus se fa\u00e7a verdade em nossa vida.<\/p>\n<p style=\"text-align: justify;\">Na primeira leitura da missa <em>(Ne 8, 2-4a. 5-6.8\u201310) <\/em>lemos que o sacerdote Esdras, diante de uma multid\u00e3o de homens e mulheres, abre o livro e faz a leitura. Ele come\u00e7ou a ler ao amanhecer e terminou ao meio-dia. Esdras leu o livro da lei, ou seja, as leis que todo o povo de Deus tinha que seguir. No antigo Israel, o povo tinha 613 leis e decretos para p\u00f4r em pr\u00e1tica. A Torah, que \u00e9 a \u201cB\u00edblia\u201d dos judeus, \u00e9 o livro da lei de Deus. Esdras n\u00e3o somente l\u00ea, mas explica o livro da lei para todo o povo. O mesmo acontece quando vamos a celebra\u00e7\u00e3o Eucar\u00edstica nos dias de hoje. Ficamos em p\u00e9 para ouvir a Palavra e depois o sacerdote durante a homilia nos explica aquilo que ouvimos. Que a Palavra de Deus penetre o nosso \u00edntimo e possamos colocar em pr\u00e1tica no dia a dia.<\/p>\n<p style=\"text-align: justify;\">O salmo responsorial \u00e9 o 18 (19). O refr\u00e3o desse salmo nos diz que a Palavra de Deus \u00e9 esp\u00edrito e vida, a Palavra de Deus deve alegrar o nosso cora\u00e7\u00e3o e n\u00e3o nos entristecer, a Palavra de Deus n\u00e3o deve ser um fardo e nem pesada demais, ela deve ser leve e alegre para os nossos ouvidos. Coloc\u00e1-la em pr\u00e1tica no nosso dia a dia.<\/p>\n<p style=\"text-align: justify;\">Diz a segunda leitura <em>(1Cor 12, 12 -30) <\/em>que todos n\u00f3s pertencemos a um \u00fanico corpo que \u00e9 Cristo. S\u00e3o diversos membros ligados a cabe\u00e7a que \u00e9 Cristo. Todo o nosso servi\u00e7o na comunidade deve ser orientado para Ele, deve ser feito de maneira gratuita. Por isso, na nossa comunidade, n\u00e3o devemos excluir ningu\u00e9m de prestar um servi\u00e7o a Deus, mas todos t\u00eam os membros do corpo, t\u00eam o direito de servir a Cristo, que \u00e9 a cabe\u00e7a. N\u00f3s tornamos membros do Corpo de Cristo por meio do nosso batismo, a partir do batismo fazemos parte do corpo de Cristo. Da mesma forma, Ele nos envia para anunciar o seu reino ao redor do mundo. Se um membro estiver doente, um deve cuidar do outro, devem estar em sintonia e ligados a Cristo que \u00e9 a cabe\u00e7a. Assim, deve ser na nossa vida de f\u00e9, em nossa comunidade, trabalho e em casa.<\/p>\n<p style=\"text-align: justify;\">\u00a0O evangelho <em>(Lc 1,1 \u2013 4;4, 14 -21)<\/em> \u00a0Lucas explica o in\u00edcio do evangelho de Jesus Cristo e suas pesquisas e convic\u00e7\u00f5es. Seguindo o calend\u00e1rio lit\u00fargico da Igreja, estamos no ano C, e para cada ano lit\u00fargico que s\u00e3o: A, B e C, escutamos aos domingos um evangelista. Nesse ano C, o evangelista \u00e9 Lucas. Por isso, hoje acompanhamos o in\u00edcio de seu evangelho. Lucas inicia dizendo que muitos j\u00e1 tentaram descrever os acontecimentos que se realizaram entre n\u00f3s. Lucas compila tudo aquilo que ele ouviu e leu e escreve para n\u00f3s, para que pud\u00e9ssemos acompanhar toda a vida de Jesus, desde o nascimento at\u00e9 a sua morte.<\/p>\n<p style=\"text-align: justify;\">Lucas era m\u00e9dico, contempor\u00e2neo de Jesus, e conta-se que ele teria convivido com o ap\u00f3stolo Paulo, com certeza ele ouviu tamb\u00e9m do ap\u00f3stolo, muito a respeito de Jesus. Lucas relata no evangelho de hoje que ap\u00f3s um estudo cuidadoso, ele descreve os momentos da vida de Jesus.<\/p>\n<p style=\"text-align: justify;\">Ap\u00f3s Jesus ser batizado, ele volta para a Galileia, cheio do Esp\u00edrito Santo e sua fama espalhou-se por toda a redondeza. Ele ensinava na sinagoga e todos o elogiavam. Jesus ensinava com autoridade, pois vivia aquilo que pregava. Jesus volta a Nazar\u00e9 onde se tinha criado e como de costume entra na sinagoga, pois ele era fiel aos preceitos de sua religi\u00e3o. Jesus levanta-se para fazer a leitura e lhe d\u00e3o o livro do profeta Isa\u00edas, Jesus l\u00ea a passagem que diz: \u201c<em>O Esp\u00edrito do Senhor est\u00e1 sobre mim, porque ele me consagrou com a un\u00e7\u00e3o para anunciar a Boa nova aos pobres; enviou-me para proclamar a liberta\u00e7\u00e3o aos cativos e aos cegos a recupera\u00e7\u00e3o da vista; para libertar os oprimidos e para proclamar o ano da gra\u00e7a do Senhor\u201d (Lc 4,18). <\/em><\/p>\n<p style=\"text-align: justify;\">Esse \u00e9 o \u201cprograma de vida de Jesus\u201d, \u00e9 a passagem de Isa\u00edas que se cumpre em sua vida, aquilo que Isaias disse anos atras se cumpre em Jesus, pois ele fazia e faria tudo aquilo que est\u00e1 escrito. Jesus ao terminar de fazer a leitura, entrega o livro ao ajudante e diz que hoje se cumpriu a passagem da escritura que acabastes de ouvir.<\/p>\n<p style=\"text-align: justify;\">Que neste domingo dedicado \u00e0 Palavra de Deus, possamos colocar em pr\u00e1tica a Palavra e anunciar o Reino de Deus a todas as pessoas. Que possamos estar \u201ccheios do Esp\u00edrito Santo\u201d e levar a mensagem de f\u00e9 e esperan\u00e7a que nos adv\u00e9m da Palavra de Deus. Nos dias de hoje, se faz mais do que necess\u00e1rio colocar a palavra de Deus em pr\u00e1tica, ou seja, viver aquilo que ouvimos da palavra de Deus. Ao sairmos da missa, come\u00e7a a nossa miss\u00e3o, a miss\u00e3o de sermos sal na terra e luz no mundo e sermos profetas nos dias de hoje, anunciando com alegria aquilo que est\u00e1 contido na palavra de Deus.<\/p>\n<p style=\"text-align: justify;\">Celebremos com alegria este terceiro domingo do Tempo Comum e nos coloquemos \u00e0 disposi\u00e7\u00e3o do outro e, principalmente, levar uma palavra de \u00e2nimo e encorajamento para quem necessita. Somos membros do corpo de Cristo, por isso, um deve estender a m\u00e3o ao outro.<\/p>\n<p style=\"text-align: justify;\"><strong>\u00a0<\/strong><\/p>\n<p>&nbsp;<\/p>\n<p>&nbsp;<\/p>\n<p>&nbsp;<\/p>\n","protected":false},"excerpt":{"rendered":"<p>Cardeal Orani Jo\u00e3o Tempesta Arcebispo do Rio de Janeiro (RJ) Celebramos neste domingo, o terceiro do Tempo Comum. Estamos acompanhando Jesus em sua vida p\u00fablica anunciando o Reino de Deus. Durante o Tempo Comum, acompanhamos a trajet\u00f3ria de Jesus at\u00e9 subir para Jerusal\u00e9m e sofrer a paix\u00e3o, morte e ressurrei\u00e7\u00e3o. O tempo comum \u00e9 simbolizado &hellip;<\/p>\n<p class=\"read-more\"> <a class=\"\" href=\"https:\/\/www.cnbb.org.br\/hoje-se-cumpriu-esta-passagem-da-escritura\/\"> <span class=\"screen-reader-text\">Hoje se cumpriu esta passagem da Escritura<\/span> Leia mais &raquo;<\/a><\/p>\n","protected":false},"author":31,"featured_media":0,"comment_status":"open","ping_status":"open","sticky":false,"template":"","format":"standard","meta":{"site-sidebar-layout":"default","site-content-layout":"default","ast-global-header-display":"","ast-banner-title-visibility":"","ast-main-header-display":"","ast-hfb-above-header-display":"","ast-hfb-below-header-display":"","ast-hfb-mobile-header-display":"","site-post-title":"","ast-breadcrumbs-content":"","ast-featured-img":"","footer-sml-layout":"","theme-transparent-header-meta":"","adv-header-id-meta":"","stick-header-meta":"","header-above-stick-meta":"","header-main-stick-meta":"","header-below-stick-meta":""},"categories":[758],"tags":[],"acf":[],"_links":{"self":[{"href":"https:\/\/www.cnbb.org.br\/cnbb-app\/wp\/v2\/posts\/862203"}],"collection":[{"href":"https:\/\/www.cnbb.org.br\/cnbb-app\/wp\/v2\/posts"}],"about":[{"href":"https:\/\/www.cnbb.org.br\/cnbb-app\/wp\/v2\/types\/post"}],"author":[{"embeddable":true,"href":"https:\/\/www.cnbb.org.br\/cnbb-app\/wp\/v2\/users\/31"}],"replies":[{"embeddable":true,"href":"https:\/\/www.cnbb.org.br\/cnbb-app\/wp\/v2\/comments?post=862203"}],"version-history":[{"count":0,"href":"https:\/\/www.cnbb.org.br\/cnbb-app\/wp\/v2\/posts\/862203\/revisions"}],"wp:attachment":[{"href":"https:\/\/www.cnbb.org.br\/cnbb-app\/wp\/v2\/media?parent=862203"}],"wp:term":[{"taxonomy":"category","embeddable":true,"href":"https:\/\/www.cnbb.org.br\/cnbb-app\/wp\/v2\/categories?post=862203"},{"taxonomy":"post_tag","embeddable":true,"href":"https:\/\/www.cnbb.org.br\/cnbb-app\/wp\/v2\/tags?post=862203"}],"curies":[{"name":"wp","href":"https:\/\/api.w.org\/{rel}","templated":true}]}}