{"id":862405,"date":"2022-01-24T12:18:02","date_gmt":"2022-01-24T15:18:02","guid":{"rendered":"https:\/\/www.cnbb.org.br\/?p=862405"},"modified":"2022-01-24T12:18:02","modified_gmt":"2022-01-24T15:18:02","slug":"perspectivas-pastorais-2022-pastoral-da-crianca-vai-focar-em-sua-missao-fundacional-e-inovacao","status":"publish","type":"post","link":"https:\/\/www.cnbb.org.br\/perspectivas-pastorais-2022-pastoral-da-crianca-vai-focar-em-sua-missao-fundacional-e-inovacao\/","title":{"rendered":"Perspectivas pastorais 2022: Pastoral da Crian\u00e7a vai focar em sua miss\u00e3o fundacional e inova\u00e7\u00e3o"},"content":{"rendered":"<p style=\"text-align: justify;\">A inspira\u00e7\u00e3o b\u00edblica da miss\u00e3o da Pastoral da Crian\u00e7a \u00e9 tamb\u00e9m uma frase que a doutora Zilda Arns sempre repetia: \u201ceu vim para que todas as crian\u00e7as tenham vida e vida em abund\u00e2ncia\u201d, Jo 10, 10. Quem teve a feliz oportunidade de conviver com ela ouviu muitas vezes tamb\u00e9m sobre a import\u00e2ncia da linda miss\u00e3o pela promo\u00e7\u00e3o e o desenvolvimento das crian\u00e7as, gestantes e suas fam\u00edlias.<\/p>\n<p style=\"text-align: justify;\">O bispo de Pinheiro (MA) e presidente da Pastoral da Crian\u00e7a, dom Elio Rama, ao final da 27\u00aa Assembleia Geral da Pastoral da Crian\u00e7a, realizada nos dias 18 e 19 de janeiro de 2021, refor\u00e7ou que o foco da miss\u00e3o em 2022 deve ser o \u201cretorno e o refor\u00e7o ao carisma fundacional da doutora Zilda e a inova\u00e7\u00e3o\u201d.<\/p>\n<p style=\"text-align: justify;\">Para nortear o seus eixos de atua\u00e7\u00e3o em 2022, a Pastoral da Crian\u00e7a tamb\u00e9m realizou pesquisa qualitativa em tr\u00eas dioceses de distintas regi\u00f5es brasileiras com foco de reflex\u00e3o sobre o momento atual e a atua\u00e7\u00e3o da Pastoral da Crian\u00e7a com as fam\u00edlias acompanhadas e l\u00edderes.<\/p>\n<p style=\"text-align: justify;\">Intitulada \u201cM\u00e3es, L\u00edderes e a Pastoral da Crian\u00e7a em Tempos de Pandemia: Um Estudo Qualitativo em Tr\u00eas Munic\u00edpios Brasileiros\u201d, a pesquisa, coordenada pelo professor e doutor Juraci Cesar, p\u00f3s-doutor em Sa\u00fade P\u00fablica e pesquisador da Universidade de Rio Grande do Sul, apontou diversas quest\u00f5es importantes:<\/p>\n<ul>\n<li style=\"text-align: justify;\"><em><span style=\"font-size: 16px;\">Muitos l\u00edderes definiram a Pastoral da Crian\u00e7a com o mesmo significado, por exemplo: \u201cFam\u00edlia\u201d, \u201cAmor ao pr\u00f3ximo\u201d, demonstrando a intera\u00e7\u00e3o entre os l\u00edderes da Pastoral da Crian\u00e7a e as m\u00e3es;<\/span><\/em><\/li>\n<li style=\"text-align: justify;\"><em>Foram ouvidas frases tais como: \u201cA l\u00edder \u00e9 como se fosse uma outra m\u00e3e pra gente\u201d, \u201c\u00c9 a fam\u00edlia que eu n\u00e3o tenho&#8230; que eu nunca tive!\u201d;<\/em><\/li>\n<li style=\"text-align: justify;\"><em>Foi percebido que, durante a pandemia, o principal motivo de procura pela l\u00edder foi por doen\u00e7a [quase sempre da crian\u00e7a] e, depois, ajuda com alimenta\u00e7\u00e3o.<\/em><\/li>\n<\/ul>\n<p style=\"text-align: justify;\">Essas necessidades relatadas pelas m\u00e3es mostraram que o\/a l\u00edder da Pastoral da Crian\u00e7a \u00e9 a pessoa de maior resolutividade que a m\u00e3e tem acesso e a que vive o mais pr\u00f3ximo dela, por isso fica dif\u00edcil n\u00e3o ajudar \u2013 sendo ou n\u00e3o sua fun\u00e7\u00e3o dentro da miss\u00e3o. A m\u00e3e pede o que precisa e a l\u00edder, de um jeito ou de outro, ajuda como pode. E isso claramente refor\u00e7a a rela\u00e7\u00e3o entre elas (l\u00edderes e m\u00e3es).\u00a0A pesquisa aponta ainda que o significado da Pastoral da Crian\u00e7a varia entre as m\u00e3es e l\u00edderes, mas ele \u00e9 sempre muito preciso: a Pastoral \u00e9 \u201csuporte\u201d, \u201csolidariedade\u201d, \u201cm\u00e3o amiga\u201d.<\/p>\n<p style=\"text-align: justify;\">Dentre todos os relatos feitos pelas m\u00e3es sobre a Pastoral da Crian\u00e7a, dois deles merecem destaque pela import\u00e2ncia da fala, pela for\u00e7a com que disseram e pela gratid\u00e3o manifestada: \u201cN\u00e3o fosse ela [a Pastoral], teria dado os meus filhos\u201d ou \u201cA Pastoral me ensinou a gostar de crian\u00e7a&#8230; a gostar dos meus pr\u00f3prios filhos\u201d.\u00a0Para m\u00e3es e l\u00edderes, a Pastoral \u00e9 muito mais do que a oferta de cuidados, \u00e9 um rumo na vida delas e na de suas fam\u00edlias.<\/p>\n<p style=\"text-align: justify;\">Segundo a pesquisa, que ainda n\u00e3o tem dados consolidados e por isso n\u00e3o foi divulgada em sua plenitude, \u201cas l\u00edderes n\u00e3o se deram conta que, ao assumir os mais pobres por abandono deste governo, atuam em uma outra seara e atendem as fam\u00edlias nas necessidades apresentadas. Daquilo que n\u00e3o resolvem, encaminham. E parecem n\u00e3o se dar conta de que est\u00e3o mudando a Pastoral da Crian\u00e7a\u201d, ressalta o professor Juraci.<\/p>\n<p style=\"text-align: justify;\">Para o doutor em s\u00e1ude, em 2022, entidades que lidam com desigualdade, ci\u00eancia, pol\u00edticas p\u00fablicas, educa\u00e7\u00e3o, sa\u00fade etc., assim como \u00e9 a Pastoral da Crian\u00e7a, precisam se reinventar. A Pastoral da Crian\u00e7a, no entanto, deve ter a certeza que as solu\u00e7\u00f5es est\u00e3o aonde a entidade atua. Afinal, quem acabou com a desnutri\u00e7\u00e3o e reduziu a mortalidade infantil? O momento \u00e9 de buscar solu\u00e7\u00f5es para passar por este momento e redefinir sua atua\u00e7\u00e3o. Afinal, s\u00f3 faz bem feito quem tem o nome e a atua\u00e7\u00e3o que a Pastoral da Crian\u00e7a tem h\u00e1 quase 40 anos.<\/p>\n<h3>Prioridades 2022<\/h3>\n<p>Frente a estes desafios, a Pastoral da Crian\u00e7a assumiu como prioridades para 2022:<\/p>\n<ul>\n<li style=\"text-align: justify;\"><em>Aumentar a cobertura da Pastoral da Crian\u00e7a. S\u00e3o muito poucas as crian\u00e7as e gestantes acompanhadas (400.000) perto dos milh\u00f5es de crian\u00e7as e gestantes que poderiam ser beneficiadas por esta a\u00e7\u00e3o da Igreja.<\/em><\/li>\n<li style=\"text-align: justify;\"><em>Aumentar a articula\u00e7\u00e3o com as diversas redes, servi\u00e7os p\u00fablicos ou n\u00e3o, que podem ajudar as fam\u00edlias mais necessitadas e que, por vezes, n\u00e3o direcionam suas a\u00e7\u00f5es a quem realmente mais precisa, no momento mais adequado.<\/em><\/li>\n<li style=\"text-align: justify;\"><em>Capacitar ainda mais nossos l\u00edderes nas a\u00e7\u00f5es preventivas.<\/em><\/li>\n<li style=\"text-align: justify;\"><em>Disponibilizar nossos materiais para as m\u00e3es, pais, av\u00f3s, padrinhos e outros respons\u00e1veis pelas crian\u00e7as criando autonomia das fam\u00edlias e empoderando-as para que se tornem agentes de sua pr\u00f3pria transforma\u00e7\u00e3o. <\/em><\/li>\n<li style=\"text-align: justify;\"><em>Inovar e aumentar o uso das tecnologias j\u00e1 dispon\u00edveis, em especial o Aplicativo da Pastoral da Crian\u00e7a<\/em><br \/>\n<em>praticar o controle social das pol\u00edticas p\u00fablicas especialmente nos servi\u00e7os mais b\u00e1sicos, que s\u00e3o os que mais tem capacidade de diminuir a desigualdade social.<\/em><\/li>\n<\/ul>\n<p style=\"text-align: justify;\">Para melhorar ainda mais este trabalho, a Pastoral da Crian\u00e7a tamb\u00e9m desenvolveu o aplicativo Visita Domiciliar e Nutri\u00e7\u00e3o, que, al\u00e9m de auxiliar nosso voluntariado no acompanhamento \u00e0s fam\u00edlias, tamb\u00e9m possui um m\u00f3dulo de comunica\u00e7\u00e3o entre os volunt\u00e1rios, as fam\u00edlias acompanhadas, coordenadores e capacitadores. Com isso, s\u00e3o mais pessoas recebendo a melhor e mais relevante informa\u00e7\u00e3o poss\u00edvel e com celeridade.<\/p>\n<p style=\"text-align: justify;\">A dedica\u00e7\u00e3o dos volunt\u00e1rios da Pastoral da Crian\u00e7a ajuda a produzir no Brasil uma mudan\u00e7a de mentalidade sobre os cuidados com a crian\u00e7a. As comunidades descobriram a sua for\u00e7a transformadora. Milhares de pessoas se sentem valorizadas onde vivem, sabem dialogar, assumem compromissos para melhorar a realidade em que vivem, fazem hist\u00f3ria e contribuem para a continuidade da hist\u00f3ria e a constru\u00e7\u00e3o de uma sociedade de paz e solidariedade.<\/p>\n<h3>A Pastoral da Crian\u00e7a<\/h3>\n<p style=\"text-align: justify;\"><img decoding=\"async\" loading=\"lazy\" class=\"wp-image-862408 size-medium alignright\" src=\"https:\/\/www.cnbb.org.br\/wp-content\/uploads\/2022\/01\/comunidade-e-volunatarios-da-pastoral-da-crianca-300x300.jpg\" alt=\"\" width=\"300\" height=\"300\" srcset=\"https:\/\/www.cnbb.org.br\/wp-content\/uploads\/2022\/01\/comunidade-e-volunatarios-da-pastoral-da-crianca-300x300.jpg 300w, https:\/\/www.cnbb.org.br\/wp-content\/uploads\/2022\/01\/comunidade-e-volunatarios-da-pastoral-da-crianca-150x150.jpg 150w, https:\/\/www.cnbb.org.br\/wp-content\/uploads\/2022\/01\/comunidade-e-volunatarios-da-pastoral-da-crianca.jpg 400w\" sizes=\"(max-width: 300px) 100vw, 300px\" \/>A Pastoral da Crian\u00e7a atua em todo o Brasil, acompanhando mais 360 mil crian\u00e7as, mais de 18 mil gestantes e suas fam\u00edlias, zelando pelo cuidado desde o nascimento e durante toda a primeira inf\u00e2ncia. Para que isso aconte\u00e7a, mais de 42 mil volunt\u00e1rios est\u00e3o mobilizados, sendo 33 mil l\u00edderes. Juntos, eles levam a miss\u00e3o Pastoral da Crian\u00e7a para mais de 2.600 munic\u00edpios ,em mais de 16 mil comunidades.*meninas juntas em comunidade no brasil<\/p>\n<p style=\"text-align: justify;\">Al\u00e9m disso, est\u00e1 presente em outros 11 pa\u00edses da Am\u00e9rica Latina, \u00c1frica e \u00c1sia: Guin\u00e9-Bissau, Haiti, Peru, Filipinas, Mo\u00e7ambique, Bol\u00edvia, Rep\u00fablica Dominicana, Guatemala, Benin, Col\u00f4mbia e Venezuela.<\/p>\n<p style=\"text-align: justify;\">Nossa miss\u00e3o, desde 1983, \u00e9 continuar sendo a presen\u00e7a do amor solid\u00e1rio de Deus neste mundo. Cada um de n\u00f3s deve continuar o caminho de solidariedade, da partilha fraterna, da miss\u00e3o que nasce da f\u00e9 em favor da vida, e que tem se multiplicado de comunidade em comunidade.<\/p>\n<p style=\"text-align: justify;\">A presen\u00e7a dos l\u00edderes na casa e na vida das fam\u00edlias mais pobres \u00e9 a manifesta\u00e7\u00e3o viva do amor de Deus para com os mais fragilizados, para com aqueles que mais necessitam da bondade e do carinho de Deus. Por isso, eles s\u00e3o a grande for\u00e7a que move a Pastoral da Crian\u00e7a.<\/p>\n<p style=\"text-align: justify;\">Juntos, os l\u00edderes e volunt\u00e1rios realizam muito mais do que as importantes a\u00e7\u00f5es b\u00e1sicas e complementares. S\u00e3o, na pr\u00e1tica, o exerc\u00edcio di\u00e1rio da solidariedade, da amizade e do amor ao pr\u00f3ximo. Na conviv\u00eancia com a comunidade, al\u00e9m da partilha de conhecimento sobre sa\u00fade, nutri\u00e7\u00e3o, educa\u00e7\u00e3o e cidadania, h\u00e1 doa\u00e7\u00e3o de tempo, de escuta e a compreens\u00e3o dos saberes dos outros, das diferen\u00e7as e particularidades de cada local. Por vezes, os l\u00edderes e volunt\u00e1rios da Pastoral da Crian\u00e7a s\u00e3o os \u00fanicos que entram em casas de dif\u00edcil acesso e constroem com as fam\u00edlias uma rela\u00e7\u00e3o de confian\u00e7a que \u00e9 levada para a vida toda. Em outros casos, chamam aten\u00e7\u00e3o das autoridades e fazem valer, junto com seus vizinhos, os direitos das crian\u00e7as e gestantes daquela comunidade, ou para resolver uma situa\u00e7\u00e3o de dificuldade.<\/p>\n<pre>Com informa\u00e7\u00f5es e fotos da Pastoral da Crian\u00e7a: <a href=\"https:\/\/www.pastoraldacrianca.org.br\/\" target=\"_blank\" rel=\"noopener\">www.pastoraldacrianca.org.br\u00a0<\/a><\/pre>\n<p>&nbsp;<\/p>\n","protected":false},"excerpt":{"rendered":"<p>Para nortear o seus eixos de atua\u00e7\u00e3o em 2022, a Pastoral da Crian\u00e7a tamb\u00e9m realizou pesquisa qualitativa em tr\u00eas dioceses de distintas regi\u00f5es brasileiras com foco de reflex\u00e3o sobre o momento atual e a atua\u00e7\u00e3o da Pastoral da Crian\u00e7a com as fam\u00edlias acompanhadas e l\u00edderes<\/p>\n","protected":false},"author":83,"featured_media":862407,"comment_status":"open","ping_status":"open","sticky":false,"template":"","format":"standard","meta":{"site-sidebar-layout":"default","site-content-layout":"default","ast-global-header-display":"","ast-banner-title-visibility":"","ast-main-header-display":"","ast-hfb-above-header-display":"","ast-hfb-below-header-display":"","ast-hfb-mobile-header-display":"","site-post-title":"","ast-breadcrumbs-content":"","ast-featured-img":"","footer-sml-layout":"","theme-transparent-header-meta":"","adv-header-id-meta":"","stick-header-meta":"","header-above-stick-meta":"","header-main-stick-meta":"","header-below-stick-meta":""},"categories":[779,50],"tags":[1356,4219],"acf":[],"_links":{"self":[{"href":"https:\/\/www.cnbb.org.br\/cnbb-app\/wp\/v2\/posts\/862405"}],"collection":[{"href":"https:\/\/www.cnbb.org.br\/cnbb-app\/wp\/v2\/posts"}],"about":[{"href":"https:\/\/www.cnbb.org.br\/cnbb-app\/wp\/v2\/types\/post"}],"author":[{"embeddable":true,"href":"https:\/\/www.cnbb.org.br\/cnbb-app\/wp\/v2\/users\/83"}],"replies":[{"embeddable":true,"href":"https:\/\/www.cnbb.org.br\/cnbb-app\/wp\/v2\/comments?post=862405"}],"version-history":[{"count":0,"href":"https:\/\/www.cnbb.org.br\/cnbb-app\/wp\/v2\/posts\/862405\/revisions"}],"wp:featuredmedia":[{"embeddable":true,"href":"https:\/\/www.cnbb.org.br\/cnbb-app\/wp\/v2\/media\/862407"}],"wp:attachment":[{"href":"https:\/\/www.cnbb.org.br\/cnbb-app\/wp\/v2\/media?parent=862405"}],"wp:term":[{"taxonomy":"category","embeddable":true,"href":"https:\/\/www.cnbb.org.br\/cnbb-app\/wp\/v2\/categories?post=862405"},{"taxonomy":"post_tag","embeddable":true,"href":"https:\/\/www.cnbb.org.br\/cnbb-app\/wp\/v2\/tags?post=862405"}],"curies":[{"name":"wp","href":"https:\/\/api.w.org\/{rel}","templated":true}]}}