{"id":862420,"date":"2022-01-25T10:25:46","date_gmt":"2022-01-25T13:25:46","guid":{"rendered":"https:\/\/www.cnbb.org.br\/?p=862420"},"modified":"2022-01-25T12:45:16","modified_gmt":"2022-01-25T15:45:16","slug":"conversao-sao-paulo-testemunhas-evangelho","status":"publish","type":"post","link":"https:\/\/www.cnbb.org.br\/conversao-sao-paulo-testemunhas-evangelho\/","title":{"rendered":"Ao celebrar a convers\u00e3o de S\u00e3o Paulo, Igreja convida a ser testemunhas do Evangelho"},"content":{"rendered":"<div class=\"div-secao-liturgia\">\n<p>A Igreja celebra nesta ter\u00e7a-feira, 25 de janeiro, a Festa da Convers\u00e3o de S\u00e3o Paulo. Aquele que perseguia os crist\u00e3os tornou-se, pela gra\u00e7a de Deus, o Ap\u00f3stolo dos Gentios, sinal de missionariedade para a Igreja. Ao celebrar esta data na liturgia, o pedido \u00e9 que cada crist\u00e3o siga seus exemplos e seja, &#8220;no mundo, testemunhas do Evangelho&#8221;.<\/p>\n<blockquote><p>&#8220;\u00d3 Deus, que instru\u00edstes o mundo inteiro pela prega\u00e7\u00e3o do ap\u00f3stolo s\u00e3o Paulo, dai-nos, ao celebrar hoje a sua convers\u00e3o, caminhar para v\u00f3s seguindo seus exemplos e ser, no mundo, testemunhas do Evangelho&#8221;, l\u00ea-se na ora\u00e7\u00e3o do dia.<\/p><\/blockquote>\n<\/div>\n<p>O Evangelho tamb\u00e9m apresenta um trecho com o mandato mission\u00e1rio feito por Jesus. De Marcos 16, 15-18, o envio feito pelo Senhor:<\/p>\n<p>&nbsp;<\/p>\n<blockquote><p><span class=\"tabulacao\">&#8220;Ide pelo mundo inteiro <\/span><span class=\"tabulacao\">e anunciai o Evangelho a toda criatura!<br \/>\n<\/span>16<span class=\"tab_num2\">Quem crer e for batizado ser\u00e1 salvo. <\/span><span class=\"tabulacao\">Quem n\u00e3o crer ser\u00e1 condenado.<br \/>\n<\/span>17<span class=\"tab_num2\">Os sinais que acompanhar\u00e3o <\/span><span class=\"tabulacao\">aqueles que crerem ser\u00e3o estes:<br \/>\n<\/span><span class=\"tabulacao\">expulsar\u00e3o dem\u00f4nios em meu nome, falar\u00e3o novas l\u00ednguas;<br \/>\n<\/span>18<span class=\"tab_num2\">se pegarem em serpentes ou beberem algum veneno mortal<br \/>\n<\/span><span class=\"tabulacao\">n\u00e3o lhes far\u00e1 mal algum; <\/span><span class=\"tabulacao\">quando impuserem as m\u00e3os sobre os doentes,<br \/>\n<\/span><span class=\"tabulacao\">eles ficar\u00e3o curados&#8221;.<\/span><\/p><\/blockquote>\n<p>&nbsp;<\/p>\n<h3>Hist\u00f3ria e convers\u00e3o de S\u00e3o Paulo<\/h3>\n<p>A Igreja reserva uma data espec\u00edfica para celebrar a convers\u00e3o de S\u00e3o Paulo, cuja solenidade lit\u00fargica ocorre junto com S\u00e3o Pedro, em 29 de junho (no domingo seguinte, aqui no Brasil). Nesta data, tamb\u00e9m \u00e9 celebrada a funda\u00e7\u00e3o da cidade de S\u00e3o Paulo (confira trechos da reflex\u00e3o do cardeal Odilo Scherer abaixo).<\/p>\n<p>Saulo, seu nome original, nasceu no ano 10 na cidade de Tarso, na Cil\u00edcia, atual Turquia. \u00c0 \u00e9poca era um polo de desenvolvimento financeiro e comercial, um populoso centro de cultura e divers\u00f5es mundanas, pouco comum nas prov\u00edncias romanas do Oriente. Seu pai Eliasar era fariseu e judeu descendente da tribo de Benjamim, e, tamb\u00e9m, um homem forte, instru\u00eddo, tecel\u00e3o, comerciante e legion\u00e1rio do imperador Augusto. Pelo m\u00e9rito de seus servi\u00e7os, recebeu o t\u00edtulo de Cidad\u00e3o Romano, que por tradi\u00e7\u00e3o era legado aos filhos. Sua m\u00e3e uma dona de casa muito ocupada com a forma\u00e7\u00e3o e educa\u00e7\u00e3o do filho. Portanto, Saulo era um cidad\u00e3o romano, fariseu de linhagem nobre, bem situado financeiramente, religioso, inteligente, estudioso e culto.<\/p>\n<p>Aos quinze anos foi para Jerusal\u00e9m dar continuidade aos estudos de latim, grego e hebraico, na conhecida Escola de Gamaliel, onde recebia s\u00e9ria educa\u00e7\u00e3o religiosa fundamentada na doutrina dos fariseus, pois seus pais o queriam um grande Rabi, no futuro. Parece que era mesmo esse o anseio daquele jovem baixo, magro, de nariz aquilino, fei\u00e7\u00f5es morenas de olhos negros, vivos e expressivos. Saulo j\u00e1 nessa idade se destacava pela orat\u00f3ria fluente e cativante marcada pela voz forte e agrad\u00e1vel, ganhando as aten\u00e7\u00f5es dos colegas e n\u00e3o passando despercebido ao exigente professor Gamaliel.<\/p>\n<p>Saulo era totalmente contr\u00e1rio ao cristianismo, combatia-o ferozmente, por isso tinha muitos advers\u00e1rios. Foi com ele que Est\u00eav\u00e3o travou acirrado debate no templo judeu, chamado Sin\u00e9drio. Ele tanto clamou contra Estev\u00e3o que este acabou apedrejado e morto, iniciando-se ent\u00e3o uma incans\u00e1vel persegui\u00e7\u00e3o aos crist\u00e3os, com Saulo \u00e0 frente com total apoio dos sacerdotes do Sin\u00e9drio.<\/p>\n<p>Um dia, \u00e0s portas da cidade de Damasco, uma luz, descrita nas Sagradas Escrituras como &#8220;mais forte e mais brilhante que a luz do Sol&#8221;, desceu dos c\u00e9us, assustando o cavalo e lan\u00e7ando ao ch\u00e3o Saulo , ao mesmo tempo em que ouviu a voz de Jesus pedindo para que parasse de persegui-Lo e aos seus e, ao contr\u00e1rio, se juntasse aos ap\u00f3stolos que pregavam as revela\u00e7\u00f5es de Sua vinda \u00e0 Terra. Os acompanhantes que tamb\u00e9m tudo ouviram, mas n\u00e3o viram quem falava, quando a luz desapareceu ajudaram Saulo a levantar pois n\u00e3o conseguia mais enxergar.<\/p>\n<p>Saulo foi levado pela m\u00e3o at\u00e9 a cidade de Damasco, onde recebeu outra &#8220;visita&#8221; de Jesus que lhe disse que nessa cidade deveria ficar alguns dias pois receberia uma revela\u00e7\u00e3o importante. A experi\u00eancia o transformou profundamente e ele permaneceu em Damasco por tr\u00eas dias sem enxergar, e \u00e0 seu pedido tamb\u00e9m sem comer e sem beber. Depois Saulo teve uma vis\u00e3o com Ananias, um velho e respeitado crist\u00e3o da cidade, na qual ele o curava. Enquanto no mesmo instante Ananias tinha a mesma vis\u00e3o em sua casa. Compreendendo sua miss\u00e3o, o velho crist\u00e3o foi ao seu encontro colocando as m\u00e3os sobre sua cabe\u00e7a fez Saulo voltar a enxergar, curando-o. A convers\u00e3o se deu no mesmo instante, pois ele pediu para ser Batizado por Ananias.<\/p>\n<p>De Damasco saiu a pregar a Palavra de Deus, j\u00e1 com o nome de Paulo, como lhe ordenara Jesus, tornando-se Seu grande ap\u00f3stolo. Sua convers\u00e3o chamou a aten\u00e7\u00e3o de v\u00e1rios c\u00edrculos de cidad\u00e3os importantes e Paulo passou a viajar pelo mundo, evangelizando e realizando centenas de convers\u00f5es.<\/p>\n<p>Perseguido incansavelmente, foi preso v\u00e1rias vezes e sofreu muito, sendo martirizado no ano 67, em Roma. Suas rel\u00edquias se encontram na Bas\u00edlica de S\u00e3o Paulo Fora dos Muros, na It\u00e1lia. O Senhor fez de Paulo seu grande ap\u00f3stolo, o ap\u00f3stolo dos gentios, isto \u00e9, o evangelizador dos pag\u00e3os. Ele escreveu 14 cartas, expondo a mensagem de Jesus, que se transformaram numa verdadeira &#8220;Teologia do Novo Testamento&#8221;. Tamb\u00e9m \u00e9 o patrono das Congrega\u00e7\u00f5es Paulinas que continuam a sua obra de ap\u00f3stolo, levando a mensagem do Cristianismo a todas as partes do mundo, atrav\u00e9s dos meios de comunica\u00e7\u00e3o.<\/p>\n<p>&nbsp;<\/p>\n<p>Padroeiro da cidade e da arquidiocese de S\u00e3o Paulo (SP)<\/p>\n<p>O arcebispo de S\u00e3o Paulo (SP), cardeal Odilo Pedro Scherer, recordou em artigo publicado h\u00e1 alguns dias a data celebrada hoje. &#8220;N\u00f3s nos alegramos por ter nele um exemplo que inspira nossa a\u00e7\u00e3o eclesial e evangelizadora nesta metr\u00f3pole&#8221;, afirmou referindo-se ao Santo Ap\u00f3stolo cuja convers\u00e3o \u00e9 comemorada pela Igreja. Neste dia, \u00e9 celebrada tamb\u00e9m a funda\u00e7\u00e3o da cidade de S\u00e3o Paulo, em 25 de janeiro de 1554. &#8220;A data est\u00e1 relacionada com a celebra\u00e7\u00e3o da primeira missa festiva na miss\u00e3o &#8216;S\u00e3o Paulo Ap\u00f3stolo&#8217;, dos Jesu\u00edtas, justamente na festa lit\u00fargica da Convers\u00e3o de S\u00e3o Paulo&#8221;, contou dom Odilo.<\/p>\n<blockquote><p>&#8220;\u00c9 importante lembrar que nossa &#8216;cidade imensa&#8217; nasceu de uma missa e do an\u00fancio do Evangelho &#8216;entre as na\u00e7\u00f5es&#8217;. An\u00fancio da Palavra de Deus, Liturgia e promo\u00e7\u00e3o humana, nas mais diversas formas, estiveram unidos desde o princ\u00edpio da Igreja em S\u00e3o Paulo. Isso mant\u00e9m toda a sua atualidade ainda hoje&#8221;, ressaltou o arcebispo.<\/p><\/blockquote>\n<p>Em seu artigo &#8211;<a href=\"https:\/\/osaopaulo.org.br\/colunas\/sao-paulo-e-a-verdadeira-igreja\/\" target=\"_blank\" rel=\"noopener\"> S\u00e3o Paulo e a verdadeira Igreja<\/a> &#8211; o cardeal reflete sobre os escritos de s\u00e3o Paulo sobre a Igreja e a evolu\u00e7\u00e3o que se seguiu especialmente na Doutrina sobre a Sant\u00edssima Trindade. Dom Odilo busca &#8220;afirmar a verdade sobre a Igreja e seus fundamentos irrenunci\u00e1veis&#8221; a partir da atua\u00e7\u00e3o apost\u00f3lica do padroeiro da arquidiocese.<\/p>\n<blockquote><p>S\u00e3o Paulo tinha clara compreens\u00e3o de que a Igreja era a comunidade das pessoas, que haviam aceitado o Evangelho e aderido \u00e0 vida nova, em conformidade com o Esp\u00edrito Santo. Por isso, ele bate com frequ\u00eancia nessa tecla: quem \u00e9 membro da Igreja deve acolher com alegria o dom da f\u00e9, recebido de Deus, viver em conformidade com o Evangelho e ser testemunha fiel de Jesus Cristo. Ao mesmo tempo, viver sintonizado com o Esp\u00edrito Santo, fazendo frutificar os dons recebidos do mesmo Esp\u00edrito Santo.<\/p><\/blockquote>\n<p>&nbsp;<\/p>\n<p>&nbsp;<\/p>\n<pre>Com informa\u00e7\u00f5es de Cat\u00f3lico Orante\r\nCom imagem de Cathopic<\/pre>\n","protected":false},"excerpt":{"rendered":"<p>&#8220;\u00d3 Deus, que instru\u00edstes o mundo inteiro pela prega\u00e7\u00e3o do ap\u00f3stolo s\u00e3o Paulo, dai-nos, ao celebrar hoje a sua convers\u00e3o, caminhar para v\u00f3s seguindo seus exemplos e ser, no mundo, testemunhas do Evangelho&#8221;, l\u00ea-se na ora\u00e7\u00e3o do dia<\/p>\n","protected":false},"author":83,"featured_media":862421,"comment_status":"open","ping_status":"open","sticky":false,"template":"","format":"standard","meta":{"site-sidebar-layout":"default","site-content-layout":"default","ast-global-header-display":"","ast-banner-title-visibility":"","ast-main-header-display":"","ast-hfb-above-header-display":"","ast-hfb-below-header-display":"","ast-hfb-mobile-header-display":"","site-post-title":"","ast-breadcrumbs-content":"","ast-featured-img":"","footer-sml-layout":"","theme-transparent-header-meta":"","adv-header-id-meta":"","stick-header-meta":"","header-above-stick-meta":"","header-main-stick-meta":"","header-below-stick-meta":""},"categories":[50,865],"tags":[2254],"acf":[],"_links":{"self":[{"href":"https:\/\/www.cnbb.org.br\/cnbb-app\/wp\/v2\/posts\/862420"}],"collection":[{"href":"https:\/\/www.cnbb.org.br\/cnbb-app\/wp\/v2\/posts"}],"about":[{"href":"https:\/\/www.cnbb.org.br\/cnbb-app\/wp\/v2\/types\/post"}],"author":[{"embeddable":true,"href":"https:\/\/www.cnbb.org.br\/cnbb-app\/wp\/v2\/users\/83"}],"replies":[{"embeddable":true,"href":"https:\/\/www.cnbb.org.br\/cnbb-app\/wp\/v2\/comments?post=862420"}],"version-history":[{"count":0,"href":"https:\/\/www.cnbb.org.br\/cnbb-app\/wp\/v2\/posts\/862420\/revisions"}],"wp:featuredmedia":[{"embeddable":true,"href":"https:\/\/www.cnbb.org.br\/cnbb-app\/wp\/v2\/media\/862421"}],"wp:attachment":[{"href":"https:\/\/www.cnbb.org.br\/cnbb-app\/wp\/v2\/media?parent=862420"}],"wp:term":[{"taxonomy":"category","embeddable":true,"href":"https:\/\/www.cnbb.org.br\/cnbb-app\/wp\/v2\/categories?post=862420"},{"taxonomy":"post_tag","embeddable":true,"href":"https:\/\/www.cnbb.org.br\/cnbb-app\/wp\/v2\/tags?post=862420"}],"curies":[{"name":"wp","href":"https:\/\/api.w.org\/{rel}","templated":true}]}}