{"id":862713,"date":"2022-01-28T15:14:15","date_gmt":"2022-01-28T18:14:15","guid":{"rendered":"https:\/\/www.cnbb.org.br\/?p=862713"},"modified":"2022-01-28T15:14:15","modified_gmt":"2022-01-28T18:14:15","slug":"visita-do-embaixador-da-uniao-europeia-no-brasil-ignacio-ybanez-as-comunidades-atingidas-pelas-inundacoes-em-ilheus-e-itabuna-bahia","status":"publish","type":"post","link":"https:\/\/www.cnbb.org.br\/visita-do-embaixador-da-uniao-europeia-no-brasil-ignacio-ybanez-as-comunidades-atingidas-pelas-inundacoes-em-ilheus-e-itabuna-bahia\/","title":{"rendered":"C\u00e1ritas articula visita do Embaixador da Uni\u00e3o Europeia no Brasil \u00e0s comunidades atingidas pelas inunda\u00e7\u00f5es em Ilh\u00e9us e Itabuna, Bahia"},"content":{"rendered":"<p dir=\"ltr\" style=\"text-align: justify;\">O Embaixador da Uni\u00e3o Europeia no Brasil, Ignacio Yb\u00e1\u00f1ez, realiza nos dias 31 de janeiro e 1\u00ba de fevereiro (segunda-feira e ter\u00e7a-feira), visitas \u00e0s comunidades de Ilh\u00e9us e Itabuna, na Bahia, por ocasi\u00e3o dos fundos emergenciais mobilizados pela Comiss\u00e3o Europeia, com apoio da Rede C\u00e1ritas, para aux\u00edlio na resposta \u00e0s consequ\u00eancias das inunda\u00e7\u00f5es no Brasil em dezembro de 2021.<\/p>\n<p dir=\"ltr\" style=\"text-align: justify;\">Esta agenda marca o in\u00edcio do programa <a href=\"https:\/\/caritas.org.br\/noticias\/cnbb-e-caritas-brasileira-firmam-parceria-com-uniao-europeia-para-apoio-as-familias-da-bahia-e-minas\" target=\"_blank\" rel=\"noopener\">Resposta Emergencial Para Pessoas Vulner\u00e1veis Afetadas Pelas Enchentes<\/a>, que tem por objetivo apoiar as fam\u00edlias impactadas pelas chuvas nos estados da Bahia e de Minas Gerais. Ser\u00e1 executado pela C\u00e1ritas Brasileira e tem como financiadores a Dire\u00e7\u00e3o-Geral da Prote\u00e7\u00e3o Civil e das Opera\u00e7\u00f5es de Ajuda Humanit\u00e1ria da Uni\u00e3o Europeia (DG ECHO), a C\u00e1ritas B\u00e9lgica e a C\u00e1ritas Su\u00ed\u00e7a.<\/p>\n<p dir=\"ltr\" style=\"text-align: justify;\">O recurso de R$ 6.3 milh\u00f5es (1 milh\u00e3o de euros) beneficiar\u00e1 fam\u00edlias dos munic\u00edpios de Itabuna, Ilh\u00e9us, Itaju\u00edpe, Itamaraju (Nova Alegria), Jucuru\u00e7u e D\u00e1rio Meira, na Bahia, Palm\u00f3polis e Rio do Prado, em Minas Gerais.<\/p>\n<p dir=\"ltr\" style=\"text-align: justify;\">Com o objetivo de atender \u00e0s necessidades urgentes de aproximadamente 24.000 pessoas, o programa trabalhar\u00e1 com 03 eixos de a\u00e7\u00e3o humanit\u00e1ria: 1) aux\u00edlio monet\u00e1rio; 2) entrega de kits de higiene e limpeza; e 3) apoio para estrutura\u00e7\u00e3o\/fortalecimento de abrigos. Com base em crit\u00e9rios de vulnerabilidade, ser\u00e3o selecionadas 1.000 fam\u00edlias para receber o aux\u00edlio monet\u00e1rio e 5.000 para receber os kits de higiene e limpeza.<\/p>\n<p dir=\"ltr\" style=\"text-align: justify;\">Em soma a isso, o programa tamb\u00e9m prev\u00ea um valor de at\u00e9 R$ 30.000 para fortalecimento e aprimoramento das capacidades de pelo menos 03 abrigos das regi\u00f5es atingidas, totalizando R$ 90.000 de apoio nesta \u00e1rea. Com base nas avalia\u00e7\u00f5es de necessidades realizadas, os munic\u00edpios selecionados para tal suporte foram Itabuna e Itamaraju.<\/p>\n<h3 dir=\"ltr\" style=\"text-align: justify;\"><strong>Agenda na Bahia<\/strong><\/h3>\n<p dir=\"ltr\" style=\"text-align: justify;\">A miss\u00e3o \u00e0 Bahia \u00e9 coordenada em parceria com a Dire\u00e7\u00e3o-Geral da Prote\u00e7\u00e3o Civil e das Opera\u00e7\u00f5es de Ajuda Humanit\u00e1ria da Uni\u00e3o Europeia (DG ECHO), Programa Brasil da C\u00e1ritas Su\u00ed\u00e7a e Delega\u00e7\u00e3o da Uni\u00e3o Europeia no Brasil.<\/p>\n<p dir=\"ltr\" style=\"text-align: justify;\">Al\u00e9m de Ignacio Yb\u00e1\u00f1ez, Embaixador da Uni\u00e3o Europeia no Brasil, participam das visitas Christoph Oversohl, Oficial de Comunica\u00e7\u00e3o da Uni\u00e3o Europeia, Valqu\u00edria Lima, Coordenadora Nacional da C\u00e1ritas Brasileira, Rebekka Reischmann, Gerente de Programas da C\u00e1ritas Su\u00ed\u00e7a no Brasil, e Dom Giovanni Crippa, bispo da Diocese de Ilh\u00e9us.<\/p>\n<p dir=\"ltr\" style=\"text-align: justify;\">No dia 31 de janeiro, a comitiva ter\u00e1 encontros institucionais com o Estado da Bahia e autoridades municipais. No mesmo dia, na parte da tarde, ir\u00e1 visitar duas comunidades afetadas pelas enchentes em Ilh\u00e9us: Banco da Vit\u00f3ria e Vila Cachoeira.<\/p>\n<p dir=\"ltr\" style=\"text-align: justify;\">No dia 1\u00ba de fevereiro, o dia se inicia com viagem \u00e0 cidade de Itabuna, para reuni\u00e3o com o poder p\u00fablico municipal de Itabuna e Itaju\u00edpe, bem como demais entidades envolvidas na resposta emergencial. Na oportunidade, a comitiva realizar\u00e1 visitas \u00e0s comunidades afetadas (Nova Itabuna, Rua da Palha\/Ferradas e Mangabinha) e abrigos emergenciais em Itabuna. Ao t\u00e9rmino da miss\u00e3o, ser\u00e1 reservado um momento para entrevistas \u00e0 imprensa local.<\/p>\n<h3 dir=\"ltr\" style=\"text-align: justify;\"><strong>Sobre a C\u00e1ritas Brasileira<\/strong><\/h3>\n<p dir=\"ltr\" style=\"text-align: justify;\">A C\u00e1ritas Brasileira \u00e9 um organismo da Confer\u00eancia Nacional dos Bispos do Brasil (CNBB) com atua\u00e7\u00e3o em Direitos Humanos e desenvolvimento sustent\u00e1vel, formada por uma rede de 187 entidades-membro, 12 regionais e 5 articula\u00e7\u00f5es presentes em todos os estados do pa\u00eds.<\/p>\n<p dir=\"ltr\" style=\"text-align: justify;\">A diversidade de atividades realizadas se organiza em <a href=\"https:\/\/caritas.org.br\/area-de-atuacao\" target=\"_blank\" rel=\"noopener\">13 \u00e1reas<\/a>, sendo cinco priorit\u00e1rias: Meio Ambiente, Gest\u00e3o de Riscos e Emerg\u00eancias (MAGRE), Migra\u00e7\u00e3o e Ref\u00fagio, Economia Popular Solid\u00e1ria (EPS), Conviv\u00eancia com Biomas, Programa de Inf\u00e2ncia, Adolesc\u00eancia e Juventude (PIAJ).<\/p>\n<p dir=\"ltr\" style=\"text-align: justify;\">As a\u00e7\u00f5es de resposta \u00e0 emerg\u00eancia e de assist\u00eancia \u00e0s fam\u00edlias atingidas pelas enchentes nos estados da Bahia e de Minas Gerais fazem parte da \u00e1rea de atua\u00e7\u00e3o em MAGRE da C\u00e1ritas Brasileira. Esta \u00e1rea de atua\u00e7\u00e3o se articula nacionalmente a partir da Comiss\u00e3o para o MAGRE (COMAGRE), na qual se fazem presentes as refer\u00eancias regionais e nacionais para o tema.<\/p>\n<pre dir=\"ltr\">Com informa\u00e7\u00f5es da Assessoria de Comunica\u00e7\u00e3o da <a href=\"https:\/\/caritas.org.br\/noticias\/caritas-brasileira-articula-visita-do-embaixador-da-uniao-europeia-no-brasil-a-bahia\" target=\"_blank\" rel=\"noopener\">C\u00e1ritas Brasileira<\/a><\/pre>\n","protected":false},"excerpt":{"rendered":"<p>O Embaixador da Uni\u00e3o Europeia no Brasil, Ignacio Yb\u00e1\u00f1ez, realiza nos dias 31 de janeiro e 1\u00ba de fevereiro (segunda-feira e ter\u00e7a-feira), visitas \u00e0s comunidades de Ilh\u00e9us e Itabuna, na Bahia, por ocasi\u00e3o dos fundos emergenciais mobilizados pela Comiss\u00e3o Europeia, com apoio da Rede C\u00e1ritas, para aux\u00edlio na resposta \u00e0s consequ\u00eancias das inunda\u00e7\u00f5es no Brasil em dezembro de 2021<\/p>\n","protected":false},"author":83,"featured_media":862715,"comment_status":"open","ping_status":"open","sticky":false,"template":"","format":"standard","meta":{"site-sidebar-layout":"default","site-content-layout":"default","ast-global-header-display":"","ast-banner-title-visibility":"","ast-main-header-display":"","ast-hfb-above-header-display":"","ast-hfb-below-header-display":"","ast-hfb-mobile-header-display":"","site-post-title":"","ast-breadcrumbs-content":"","ast-featured-img":"","footer-sml-layout":"","theme-transparent-header-meta":"","adv-header-id-meta":"","stick-header-meta":"","header-above-stick-meta":"","header-main-stick-meta":"","header-below-stick-meta":""},"categories":[816,1840],"tags":[4124,1870],"acf":[],"_links":{"self":[{"href":"https:\/\/www.cnbb.org.br\/cnbb-app\/wp\/v2\/posts\/862713"}],"collection":[{"href":"https:\/\/www.cnbb.org.br\/cnbb-app\/wp\/v2\/posts"}],"about":[{"href":"https:\/\/www.cnbb.org.br\/cnbb-app\/wp\/v2\/types\/post"}],"author":[{"embeddable":true,"href":"https:\/\/www.cnbb.org.br\/cnbb-app\/wp\/v2\/users\/83"}],"replies":[{"embeddable":true,"href":"https:\/\/www.cnbb.org.br\/cnbb-app\/wp\/v2\/comments?post=862713"}],"version-history":[{"count":0,"href":"https:\/\/www.cnbb.org.br\/cnbb-app\/wp\/v2\/posts\/862713\/revisions"}],"wp:featuredmedia":[{"embeddable":true,"href":"https:\/\/www.cnbb.org.br\/cnbb-app\/wp\/v2\/media\/862715"}],"wp:attachment":[{"href":"https:\/\/www.cnbb.org.br\/cnbb-app\/wp\/v2\/media?parent=862713"}],"wp:term":[{"taxonomy":"category","embeddable":true,"href":"https:\/\/www.cnbb.org.br\/cnbb-app\/wp\/v2\/categories?post=862713"},{"taxonomy":"post_tag","embeddable":true,"href":"https:\/\/www.cnbb.org.br\/cnbb-app\/wp\/v2\/tags?post=862713"}],"curies":[{"name":"wp","href":"https:\/\/api.w.org\/{rel}","templated":true}]}}