{"id":862874,"date":"2022-02-01T14:26:47","date_gmt":"2022-02-01T17:26:47","guid":{"rendered":"https:\/\/www.cnbb.org.br\/?p=862874"},"modified":"2022-02-01T14:32:02","modified_gmt":"2022-02-01T17:32:02","slug":"pascom-brasil-promove-podcasts-sobre-a-campanha-da-fraternidade","status":"publish","type":"post","link":"https:\/\/www.cnbb.org.br\/pascom-brasil-promove-podcasts-sobre-a-campanha-da-fraternidade\/","title":{"rendered":"Pascom Brasil promove s\u00e9rie de podcasts sobre a Campanha da Fraternidade de 2022"},"content":{"rendered":"<p style=\"text-align: justify;\">Para ajudar a forma\u00e7\u00e3o dos agentes da Pascom sobre a Campanha da Fraternidade, o GT Produ\u00e7\u00e3o da Pascom Brasil desenvolve uma s\u00e9rie, em podcast, de 4 epis\u00f3dios durante o m\u00eas de fevereiro. Os epis\u00f3dios ser\u00e3o lan\u00e7ados sempre \u00e0s ter\u00e7as-feiras, a partir do dia 1\u00ba, no Spotify e em outros agregadores de podcast. Para 2022, o tema escolhido \u00e9\u00a0<em>Fraternidade e Educa\u00e7\u00e3o<\/em>\u00a0e o lema,\u00a0<em>\u201cFala com sabedoria, ensina com amor\u201d (cf. Pr 31,26).\u00a0<\/em><\/p>\n<p style=\"text-align: justify;\">Para o coordenador-geral da Pascom Brasil, Marcus Tullius, \u00e9 uma oportunidade de forma\u00e7\u00e3o atencipada e assim uma melhor viv\u00eancia da Campanha da Fraternidade. \u201cO objetivo do GT ao propor esta s\u00e9rie \u00e9 dar a oportunidade para os agentes conhecerem um pouco mais da CF e assim pensar nos conte\u00fados que v\u00e3o oferecer nas plataformas de suas par\u00f3quias e comunidades. Como a campanha \u00e9 celebrada durante o tempo da Quaresma, achamos melhor oferecer este conte\u00fado antecipadamente\u201d, ressalta.<\/p>\n<h3 style=\"text-align: justify;\"><strong>Epis\u00f3dios da s\u00e9rie \u201cCF 2022\u201d<\/strong><\/h3>\n<p style=\"text-align: justify;\">Em cada epis\u00f3dio, Marcus Tullius recebe dois convidados para refletir um determinado aspecto proposto pelo\u00a0<a href=\"https:\/\/www.edicoescnbb.com.br\/produto\/cf-2022-texto-base-71649\" target=\"_blank\" rel=\"noopener\">texto-base da Campanha da Fraternidade<\/a>, com o objetivo de ampliar a reflex\u00e3o. \u00c9 importante destacar que a leitura e aprofundamento do texto \u00e9 fundamental para o melhor desenvolvimento da tem\u00e1tica.<\/p>\n<p style=\"text-align: justify;\">No primeiro epis\u00f3dio, que ser\u00e1 lan\u00e7ado em 1\u00ba de fevereiro, o tema proposto \u00e9\u00a0<strong>CF e Disc\u00edpulos da Palavra<\/strong>. O assessor da Comiss\u00e3o Episcopal Pastoral para Educa\u00e7\u00e3o da CNBB, Pe. J\u00falio Evangelista, e o doutor em Ci\u00eancias da Religi\u00e3o, Edebrande Cavalieri, fazem uma contextualiza\u00e7\u00e3o hist\u00f3rica da CF, bem como das campanhas anteriores sobre Educa\u00e7\u00e3o. \u00c9 um epis\u00f3dio introdut\u00f3rio, que tamb\u00e9m destaca elementos para a viv\u00eancia do tempo quaresmal.<\/p>\n<p style=\"text-align: justify;\"><strong>Escutar\u00a0<\/strong>\u00e9 o tema do epis\u00f3dio que ser\u00e1 divulgado em 08 de fevereiro. Segundo a pr\u00f3pria estrutura do texto base, o objetivo \u00e9 pensar\u00a0a pedagogia da escuta no processo educativo e sinodal, a escuta da realidade, a partir de elementos de interpela\u00e7\u00e3o, bem como o papel da educa\u00e7\u00e3o e desafios da educa\u00e7\u00e3o formal no Brasil.<\/p>\n<p style=\"text-align: justify;\">O terceiro epis\u00f3dio \u00e9 o\u00a0<strong>Discernir<\/strong>. A conversa que estar\u00e1 dispon\u00edvel em 15 de fevereiro traz reflex\u00f5es sobre educar na f\u00e9 e para o di\u00e1logo, disc\u00edpulos-mission\u00e1rios educadores e horizontes da educa\u00e7\u00e3o crist\u00e3 integral. Este epis\u00f3dio \u00e9 uma interface com a Catequese, a partir da inspira\u00e7\u00e3o do texto-base.<\/p>\n<p style=\"text-align: justify;\">O encerramento das forma\u00e7\u00f5es em podcast ser\u00e1 no dia 22 de fevereiro. O \u00faltimo epis\u00f3dio \u00e9 o\u00a0<strong>Agir<\/strong>. Nele, os convidados abordam a educa\u00e7\u00e3o para uma nova sociedade e para um novo humanismo, o pacto educativo global e pistas para a a\u00e7\u00e3o pastoral no tempo quaresmal.<\/p>\n<h3 style=\"text-align: justify;\"><strong>Hist\u00f3ria e objetivo da Campanha da Fraternidade<\/strong><\/h3>\n<p style=\"text-align: justify;\">Segundo o\u00a0<a href=\"https:\/\/campanhas.cnbb.org.br\/campanha\/campanha-da-fraternidade-2022\" target=\"_blank\" rel=\"noopener\">site institucional da CF<\/a>, a Campanha da Fraternidade nasceu por iniciativa de Dom Eug\u00eanio de Ara\u00fajo Sales, em N\u00edsia Floresta, Arquidiocese de Natal, RN, como express\u00e3o da caridade e da solidariedade em favor da dignidade da pessoa humana, dos filhos e filhas de Deus.<\/p>\n<p style=\"text-align: justify;\">Assumida pelas Igrejas Particulares da Igreja no Brasil, a Campanha da Fraternidade tornou-se express\u00e3o de comunh\u00e3o, convers\u00e3o e partilha. Comunh\u00e3o na busca de construir uma verdadeira fraternidade; convers\u00e3o na tentativa de deixar-se transformar pela vida fecundada pelo Evangelho; partilha como visibiliza\u00e7\u00e3o do Reino de Deus que recorda a a\u00e7\u00e3o da f\u00e9, o esfor\u00e7o do amor, a const\u00e2ncia na esperan\u00e7a em Cristo Jesus (Cf. 1Ts 1,3).<\/p>\n<blockquote>\n<p style=\"text-align: justify;\">A Campanha da Fraternidade tem hoje os seguintes objetivos permanentes:<br \/>\n1 \u2013 Despertar o esp\u00edrito comunit\u00e1rio e crist\u00e3o no povo de Deus, comprometendo, em particular, os crist\u00e3os na busca do bem comum;<br \/>\n2 \u2013 Educar para a vida em fraternidade, a partir da justi\u00e7a e do amor, exig\u00eancia central do Evangelho;<br \/>\n3 \u2013 Renovar a consci\u00eancia da responsabilidade de todos pela a\u00e7\u00e3o da Igreja na evangeliza\u00e7\u00e3o, na promo\u00e7\u00e3o humana, em vista de uma sociedade justa e solid\u00e1ria (todos devem evangelizar e todos devem sustentar a a\u00e7\u00e3o evangelizadora e libertadora da Igreja)\u201d.<\/p>\n<\/blockquote>\n<pre>Com informa\u00e7\u00f5es da Pascom Brasil<\/pre>\n","protected":false},"excerpt":{"rendered":"<p>Para ajudar a forma\u00e7\u00e3o dos agentes da Pascom sobre a Campanha da Fraternidade, o GT Produ\u00e7\u00e3o da Pascom Brasil desenvolve uma s\u00e9rie, em podcast, de 4 epis\u00f3dios durante o m\u00eas de fevereiro. Os epis\u00f3dios ser\u00e3o lan\u00e7ados sempre \u00e0s ter\u00e7as-feiras, a partir do dia 1\u00ba, no Spotify e em outros agregadores de podcast<\/p>\n","protected":false},"author":83,"featured_media":862875,"comment_status":"open","ping_status":"open","sticky":false,"template":"","format":"standard","meta":{"site-sidebar-layout":"default","site-content-layout":"default","ast-global-header-display":"","ast-banner-title-visibility":"","ast-main-header-display":"","ast-hfb-above-header-display":"","ast-hfb-below-header-display":"","ast-hfb-mobile-header-display":"","site-post-title":"","ast-breadcrumbs-content":"","ast-featured-img":"","footer-sml-layout":"","theme-transparent-header-meta":"","adv-header-id-meta":"","stick-header-meta":"","header-above-stick-meta":"","header-main-stick-meta":"","header-below-stick-meta":""},"categories":[50,3943],"tags":[3496,2742,4247],"acf":[],"_links":{"self":[{"href":"https:\/\/www.cnbb.org.br\/cnbb-app\/wp\/v2\/posts\/862874"}],"collection":[{"href":"https:\/\/www.cnbb.org.br\/cnbb-app\/wp\/v2\/posts"}],"about":[{"href":"https:\/\/www.cnbb.org.br\/cnbb-app\/wp\/v2\/types\/post"}],"author":[{"embeddable":true,"href":"https:\/\/www.cnbb.org.br\/cnbb-app\/wp\/v2\/users\/83"}],"replies":[{"embeddable":true,"href":"https:\/\/www.cnbb.org.br\/cnbb-app\/wp\/v2\/comments?post=862874"}],"version-history":[{"count":0,"href":"https:\/\/www.cnbb.org.br\/cnbb-app\/wp\/v2\/posts\/862874\/revisions"}],"wp:featuredmedia":[{"embeddable":true,"href":"https:\/\/www.cnbb.org.br\/cnbb-app\/wp\/v2\/media\/862875"}],"wp:attachment":[{"href":"https:\/\/www.cnbb.org.br\/cnbb-app\/wp\/v2\/media?parent=862874"}],"wp:term":[{"taxonomy":"category","embeddable":true,"href":"https:\/\/www.cnbb.org.br\/cnbb-app\/wp\/v2\/categories?post=862874"},{"taxonomy":"post_tag","embeddable":true,"href":"https:\/\/www.cnbb.org.br\/cnbb-app\/wp\/v2\/tags?post=862874"}],"curies":[{"name":"wp","href":"https:\/\/api.w.org\/{rel}","templated":true}]}}