{"id":862915,"date":"2022-02-02T11:04:06","date_gmt":"2022-02-02T14:04:06","guid":{"rendered":"https:\/\/www.cnbb.org.br\/?p=862915"},"modified":"2022-02-02T11:04:44","modified_gmt":"2022-02-02T14:04:44","slug":"festa-da-apresentacao-do-senhor-2","status":"publish","type":"post","link":"https:\/\/www.cnbb.org.br\/festa-da-apresentacao-do-senhor-2\/","title":{"rendered":"Festa da Apresenta\u00e7\u00e3o do Senhor"},"content":{"rendered":"<p style=\"text-align: right;\"><strong>Dom Eurico dos Santos Veloso<br \/>\n<\/strong><strong>Arcebispo Em\u00e9rito de Juiz de Fora (MG)<\/strong><\/p>\n<p style=\"text-align: justify;\"><strong>\u00a0<\/strong><\/p>\n<p style=\"text-align: justify;\"><em>\u201cEste menino vai ser causa tanto de queda como de reerguimento para muitos em Israel. Ele ser\u00e1 um sinal de contradi\u00e7\u00e3o\u201d (cf. Lc 2,34bc)<\/em><\/p>\n<p style=\"text-align: justify;\"><em>\u00a0\u00a0\u00a0\u00a0\u00a0\u00a0\u00a0\u00a0 <\/em>Celebramos, jubilosos, a Festa da Apresenta\u00e7\u00e3o do Senhor, onde o Menino Jesus \u00e9 apresentado ao Templo de Jerusal\u00e9m, junto com a sua M\u00e3e, em sinal de purifica\u00e7\u00e3o, assim como determinava a Lei de Mois\u00e9s. A Apresenta\u00e7\u00e3o do Senhor tem sua dualidade de significado: Jesus Cristo \u00e9 reconhecido como <em>\u201cLuz para iluminar as na\u00e7\u00f5es e gl\u00f3ria do teu povo Israel\u201d (cf. Lc 2,32); <\/em>e se faz oferenda em press\u00e1gio ao Mist\u00e9rio da Salva\u00e7\u00e3o, em que se instaura no meio de n\u00f3s. Tamb\u00e9m, nesta sublime festa, s\u00e3o aben\u00e7oadas as velas para relembrarmos que Jesus Cristo \u00e9 a Verdadeira Luz que ilumina a todos os povos.<\/p>\n<p style=\"text-align: justify;\">\u00a0\u00a0\u00a0\u00a0\u00a0\u00a0\u00a0\u00a0 A Primeira Leitura, retirada da Profecia Malaquias <em>(Ml 3,1-4), <\/em>o autor sagrado anuncia a vinda do Senhor e sua chega ao Templo. Ora, ao apresentar ao Templo, o Senhor ir\u00e1 reafirmar sua Alian\u00e7a para com o seu povo e purificar\u00e1 a todos, assim como o ouro e a prata, a fim de que sejam dignos de oferecer obla\u00e7\u00f5es aceit\u00e1veis a Deus.<\/p>\n<p style=\"text-align: justify;\">\u00a0\u00a0\u00a0\u00a0\u00a0\u00a0\u00a0\u00a0 No Evangelho de Lucas <em>(Lc 2,22-40),<\/em> \u00e9 nos apresentado a concretiza\u00e7\u00e3o da Profecia de Malaquias \u2013 \u201c<em>logo chegar\u00e1 ao seu templo o Dominador\u201d (cf. Ml 3,1b) \u2013 <\/em>um Filho de Homem, uma crian\u00e7a, no colo de sua M\u00e3e, junto ao seu Pai Adotivo, submetido a vivenciar as mesmas condi\u00e7\u00f5es de seus irm\u00e3os para que fosse exemplo a todos que o esperam e, principalmente, com simplicidade e mansid\u00e3o. O Messias, Jesus Cristo, \u00e9 apresentado n\u00e3o somente para se purificar, como determinava a Lei de Mois\u00e9s, mas como aquele que ser\u00e1 oferta de obla\u00e7\u00e3o em expia\u00e7\u00e3o e salva\u00e7\u00e3o de todos. Assim que o Sime\u00e3o pegou o Menino aos seus bra\u00e7os, exclama, pela a\u00e7\u00e3o do Esp\u00edrito Santo: <em>\u201cAgora, Senhor, conforme a tua promessa, podes deixar teu servo partir em paz; porque meus olhos viram a tua salva\u00e7\u00e3o, que preparaste diante de todos os povos: luz para iluminar as na\u00e7\u00f5es e gl\u00f3ria do teu povo Israel\u201d (cf. Lc 2,29-32).<\/em> E completa profetizando sobre a vida de Jesus e sua M\u00e3e, Maria Sant\u00edssima: \u201c<em>Este menino vai ser causa tanto de queda como de reerguimento para muitos em Israel. Ele ser\u00e1 um sinal de contradi\u00e7\u00e3o. Assim ser\u00e3o revelados os pensamentos de muitos cora\u00e7\u00f5es. Quanto a ti, uma espada te traspassar\u00e1 a alma\u201d (cf. Lc 2,34b-35).<\/em><\/p>\n<p style=\"text-align: justify;\"><em>\u00a0\u00a0\u00a0\u00a0\u00a0\u00a0\u00a0\u00a0 <\/em>A Segunda Leitura extra\u00edda da Carta aos Hebreus <em>(Hb 2,14-18), <\/em>apresenta o Jesus Cristo como sacerdote por excel\u00eancia, a qual oferece a sua pr\u00f3pria carne e sangue para destruir a morte atrav\u00e9s da condi\u00e7\u00e3o de humanidade a qual se inseriu, a fim de libertar todos \u00e0queles da mesma condi\u00e7\u00e3o, ou seja, todos n\u00f3s, irm\u00e3s e irm\u00e3os por excel\u00eancia.<em> \u201cPor isso devia fazer-se em tudo semelhante aos irm\u00e3os, para se tornar um sumo sacerdote misericordioso e digno de confian\u00e7a nas coisas referentes a Deus, a fim de expiar os pecados do povo. Pois, tendo ele pr\u00f3prio sofrido ao ser tentado, \u00e9 capaz de socorrer os que agora sofrem a tenta\u00e7\u00e3o\u201d (cf. Hb 2,17-18)<\/em><\/p>\n<p style=\"text-align: justify;\"><em>\u00a0\u00a0\u00a0\u00a0\u00a0\u00a0\u00a0\u00a0 <\/em>Imersos na gra\u00e7a da Liturgia da Festa da Apresenta\u00e7\u00e3o do Senhor, que a Verdadeira Luz que ilumina nossos passos, Jesus Cristo, possa nos inspirar, atrav\u00e9s da a\u00e7\u00e3o do Esp\u00edrito Santo, a buscar a seguir o Caminho da Luz e sermos restaurados pelo amor dado atrav\u00e9s de Sua entrega para nossa salva\u00e7\u00e3o. E, assim, em uma s\u00f3 voz possamos proclamar: <em>\u201c\u00d3 portas, levantai vossos front\u00f5es! Elevai-vos bem mais alto, antigas portas, a fim de que o Rei da gl\u00f3ria possa entrar!\u201d (cf. Sl 23(24),7).<\/em><\/p>\n<p style=\"text-align: justify;\">\n<p style=\"text-align: justify;\"><em>Nossa Senhora das Candeias, rogai por n\u00f3s!<\/em><\/p>\n<p style=\"text-align: justify;\"><em>Nossa Senhora da Luz, rogai por n\u00f3s!<\/em><\/p>\n<p style=\"text-align: justify;\"><em>\u00a0<\/em><\/p>\n<p style=\"text-align: justify;\"><em>Sauda\u00e7\u00f5es em Cristo!<\/em><\/p>\n<p><em>\u00a0<\/em><\/p>\n<p>&nbsp;<\/p>\n","protected":false},"excerpt":{"rendered":"<p>Dom Eurico dos Santos Veloso Arcebispo Em\u00e9rito de Juiz de Fora (MG) \u00a0 \u201cEste menino vai ser causa tanto de queda como de reerguimento para muitos em Israel. Ele ser\u00e1 um sinal de contradi\u00e7\u00e3o\u201d (cf. Lc 2,34bc) \u00a0\u00a0\u00a0\u00a0\u00a0\u00a0\u00a0\u00a0 Celebramos, jubilosos, a Festa da Apresenta\u00e7\u00e3o do Senhor, onde o Menino Jesus \u00e9 apresentado ao Templo de &hellip;<\/p>\n<p class=\"read-more\"> <a class=\"\" href=\"https:\/\/www.cnbb.org.br\/festa-da-apresentacao-do-senhor-2\/\"> <span class=\"screen-reader-text\">Festa da Apresenta\u00e7\u00e3o do Senhor<\/span> Leia mais &raquo;<\/a><\/p>\n","protected":false},"author":73,"featured_media":0,"comment_status":"open","ping_status":"open","sticky":false,"template":"","format":"standard","meta":{"site-sidebar-layout":"default","site-content-layout":"default","ast-global-header-display":"","ast-banner-title-visibility":"","ast-main-header-display":"","ast-hfb-above-header-display":"","ast-hfb-below-header-display":"","ast-hfb-mobile-header-display":"","site-post-title":"","ast-breadcrumbs-content":"","ast-featured-img":"","footer-sml-layout":"","theme-transparent-header-meta":"","adv-header-id-meta":"","stick-header-meta":"","header-above-stick-meta":"","header-main-stick-meta":"","header-below-stick-meta":""},"categories":[758],"tags":[],"acf":[],"_links":{"self":[{"href":"https:\/\/www.cnbb.org.br\/cnbb-app\/wp\/v2\/posts\/862915"}],"collection":[{"href":"https:\/\/www.cnbb.org.br\/cnbb-app\/wp\/v2\/posts"}],"about":[{"href":"https:\/\/www.cnbb.org.br\/cnbb-app\/wp\/v2\/types\/post"}],"author":[{"embeddable":true,"href":"https:\/\/www.cnbb.org.br\/cnbb-app\/wp\/v2\/users\/73"}],"replies":[{"embeddable":true,"href":"https:\/\/www.cnbb.org.br\/cnbb-app\/wp\/v2\/comments?post=862915"}],"version-history":[{"count":0,"href":"https:\/\/www.cnbb.org.br\/cnbb-app\/wp\/v2\/posts\/862915\/revisions"}],"wp:attachment":[{"href":"https:\/\/www.cnbb.org.br\/cnbb-app\/wp\/v2\/media?parent=862915"}],"wp:term":[{"taxonomy":"category","embeddable":true,"href":"https:\/\/www.cnbb.org.br\/cnbb-app\/wp\/v2\/categories?post=862915"},{"taxonomy":"post_tag","embeddable":true,"href":"https:\/\/www.cnbb.org.br\/cnbb-app\/wp\/v2\/tags?post=862915"}],"curies":[{"name":"wp","href":"https:\/\/api.w.org\/{rel}","templated":true}]}}