{"id":863072,"date":"2022-02-04T09:30:37","date_gmt":"2022-02-04T12:30:37","guid":{"rendered":"https:\/\/www.cnbb.org.br\/?p=863072"},"modified":"2022-02-03T16:12:30","modified_gmt":"2022-02-03T19:12:30","slug":"edicoes-cnbb-live-subsidio-fe-crista-opcao-preferencial-pelos-pobres","status":"publish","type":"post","link":"https:\/\/www.cnbb.org.br\/edicoes-cnbb-live-subsidio-fe-crista-opcao-preferencial-pelos-pobres\/","title":{"rendered":"Edi\u00e7\u00f5es CNBB promove live de apresenta\u00e7\u00e3o do subs\u00eddio sobre f\u00e9 crist\u00e3 e op\u00e7\u00e3o preferencial pelos pobres"},"content":{"rendered":"<div class=\"descricao-produto\">\n<div class=\"container-fluid\">\n<div id=\"tp1\" class=\"informacao-abas ui-slider-tabs\" data-componente-fbits-id=\"56\" data-componente-fbits-config=\"tipoExibicao: aberta\">\n<div class=\"ui-slider-tabs-content-container\">\n<div id=\"conteudo-0\" class=\"ui-slider-tab-content selected\">\n<div class=\"conteudoAbasProduto\">\n<p class=\"paddingbox\"><span style=\"font-size: 16px;\">Na pr\u00f3xima segunda-feira, 7, a Edi\u00e7\u00f5es CNBB promove uma live de apresenta\u00e7\u00e3o do subs\u00eddio doutrinal n\u00famero 12 &#8220;<\/span><span style=\"font-size: 16px;\"><a href=\"https:\/\/www.edicoescnbb.com.br\/produto\/vida-dom-e-compromisso-i-fe-crista-e-opcao-preferencial-pelos-pobres-subsidios-doutrinais-12-71702\" target=\"_blank\" rel=\"noopener\" data-schema-attribute=\"\">Vida Dom e Compromisso I &#8211; F\u00e9 crist\u00e3 e op\u00e7\u00e3o preferencial pelos pobres<\/a>&#8220;. A transmiss\u00e3o ao vivo pelas redes sociais da editora e da Confer\u00eancia Nacional dos Bispos do Brasil (CNBB) ter\u00e1 in\u00edcio \u00e0s 19h.<\/span><\/p>\n<p class=\"paddingbox\"><span style=\"font-size: 16px;\">Participam da live de apresenta\u00e7\u00e3o o bispo de Santo Andr\u00e9 (SP) e presidente da Comiss\u00e3o Episcopal Pastoral para a Doutrina da F\u00e9 da CNBB, d<\/span><span style=\"font-size: 16px;\">om Pedro Carlos Cipolini, e o padre\u00a0<\/span><span style=\"font-size: 16px;\">Luiz Henrique Brand\u00e3o de Figueiredo, assessor <\/span><span style=\"font-size: 16px;\">da Comiss\u00e3o.<\/span><\/p>\n<p><img decoding=\"async\" loading=\"lazy\" class=\"alignleft\" src=\"https:\/\/edicoescnbb.fbitsstatic.net\/img\/p\/vida-dom-e-compromisso-i-fe-crista-e-opcao-preferencial-pelos-pobres-subsidios-doutrinais-12-71702\/258203-1.jpg?w=800&amp;h=800&amp;v=202111111651&amp;qs=ignore\" alt=\"Vida Dom e Compromisso I - F\u00e9 crist\u00e3 e op\u00e7\u00e3o preferencial pelos pobres - Subs\u00eddios Doutrinais 12\" width=\"207\" height=\"207\" \/>O subs\u00eddio que ser\u00e1 apresentado foi preparado pela Comiss\u00e3o para a Doutrina da F\u00e9 da CNBB com o apoio de seu grupo de peritos. A obra tem a <span style=\"font-size: 16px;\">perspectiva da f\u00e9 cristol\u00f3gica, &#8220;no anseio de salientar a necessidade de a Igreja estar unida a Cristo e com Ele se assemelhar em tudo&#8221;. <\/span><\/p>\n<p><span style=\"font-size: 16px;\">O objetivo do documento, nesse sentido, consiste em resgatar o significado da op\u00e7\u00e3o pelos pobres em suas ra\u00edzes b\u00edblicas, patr\u00edsticas e teol\u00f3gicas, em sua resson\u00e2ncia com o Magist\u00e9rio da Igreja e a teologia latino-americana.<\/span><\/p>\n<\/div>\n<\/div>\n<\/div>\n<\/div>\n<\/div>\n<\/div>\n<p>&nbsp;<\/p>\n<h3>Como assistir<\/h3>\n<p>Acompanhe, na segunda-feira, 7 de fevereiro, a partir das 19h, pelas redes sociais da CNBB ou da Edi\u00e7\u00f5es CNBB.<\/p>\n<p>\u2705 Edi\u00e7\u00f5es CNBB<br \/>\n\u2013 Facebook:\u00a0<a href=\"https:\/\/www.facebook.com\/edicoes.cnbb\" target=\"_blank\" rel=\"noopener\">@edicoescnbb<\/a><br \/>\n\u2013 YouTube:\u00a0<a href=\"https:\/\/www.youtube.com\/CNBBEDICOES\" target=\"_blank\" rel=\"noopener\" data-rel=\"lightbox-video-0\">Edi\u00e7\u00f5es CNBB<\/a><\/p>\n<p>\u2705 CNBB<br \/>\n\u2013 Facebook:\u00a0<a href=\"https:\/\/www.facebook.com\/cnbbnacional\" target=\"_blank\" rel=\"noopener\">@cnbbnacional<\/a><br \/>\n\u2013 YouTube:\u00a0<a href=\"https:\/\/www.youtube.com\/cnbbnacional\" target=\"_blank\" rel=\"noopener\" data-rel=\"lightbox-video-1\">CNBB Oficial<\/a><\/p>\n","protected":false},"excerpt":{"rendered":"<p>Conhe\u00e7a o subs\u00eddio doutrinal n\u00famero 12 &#8220;Vida Dom e Compromisso I &#8211; F\u00e9 crist\u00e3 e op\u00e7\u00e3o preferencial pelos pobres&#8221;. Participam da live de apresenta\u00e7\u00e3o o presidente da Comiss\u00e3o Episcopal Pastoral para a Doutrina da F\u00e9 da CNBB, dom Pedro Carlos Cipolini, e o padre\u00a0Luiz Henrique Brand\u00e3o de Figueiredo, assessor da Comiss\u00e3o. Acompanhe pelas redes sociais<\/p>\n","protected":false},"author":83,"featured_media":863073,"comment_status":"open","ping_status":"open","sticky":false,"template":"","format":"standard","meta":{"site-sidebar-layout":"default","site-content-layout":"default","ast-global-header-display":"","ast-banner-title-visibility":"","ast-main-header-display":"","ast-hfb-above-header-display":"","ast-hfb-below-header-display":"","ast-hfb-mobile-header-display":"","site-post-title":"","ast-breadcrumbs-content":"","ast-featured-img":"","footer-sml-layout":"","theme-transparent-header-meta":"","adv-header-id-meta":"","stick-header-meta":"","header-above-stick-meta":"","header-main-stick-meta":"","header-below-stick-meta":""},"categories":[50,847],"tags":[2272,754,1276],"acf":[],"_links":{"self":[{"href":"https:\/\/www.cnbb.org.br\/cnbb-app\/wp\/v2\/posts\/863072"}],"collection":[{"href":"https:\/\/www.cnbb.org.br\/cnbb-app\/wp\/v2\/posts"}],"about":[{"href":"https:\/\/www.cnbb.org.br\/cnbb-app\/wp\/v2\/types\/post"}],"author":[{"embeddable":true,"href":"https:\/\/www.cnbb.org.br\/cnbb-app\/wp\/v2\/users\/83"}],"replies":[{"embeddable":true,"href":"https:\/\/www.cnbb.org.br\/cnbb-app\/wp\/v2\/comments?post=863072"}],"version-history":[{"count":0,"href":"https:\/\/www.cnbb.org.br\/cnbb-app\/wp\/v2\/posts\/863072\/revisions"}],"wp:featuredmedia":[{"embeddable":true,"href":"https:\/\/www.cnbb.org.br\/cnbb-app\/wp\/v2\/media\/863073"}],"wp:attachment":[{"href":"https:\/\/www.cnbb.org.br\/cnbb-app\/wp\/v2\/media?parent=863072"}],"wp:term":[{"taxonomy":"category","embeddable":true,"href":"https:\/\/www.cnbb.org.br\/cnbb-app\/wp\/v2\/categories?post=863072"},{"taxonomy":"post_tag","embeddable":true,"href":"https:\/\/www.cnbb.org.br\/cnbb-app\/wp\/v2\/tags?post=863072"}],"curies":[{"name":"wp","href":"https:\/\/api.w.org\/{rel}","templated":true}]}}