{"id":863157,"date":"2022-02-07T14:20:58","date_gmt":"2022-02-07T17:20:58","guid":{"rendered":"https:\/\/www.cnbb.org.br\/?p=863157"},"modified":"2022-02-07T14:27:21","modified_gmt":"2022-02-07T17:27:21","slug":"servico-de-animacao-vocacional-pastoral-vocacional-suscita-cultura-vocacional-em-2022","status":"publish","type":"post","link":"https:\/\/www.cnbb.org.br\/servico-de-animacao-vocacional-pastoral-vocacional-suscita-cultura-vocacional-em-2022\/","title":{"rendered":"Servi\u00e7o de Anima\u00e7\u00e3o Vocacional\/Pastoral Vocacional suscita cultura vocacional em 2022"},"content":{"rendered":"<p style=\"text-align: justify;\">O Servi\u00e7o de Anima\u00e7\u00e3o Vocacional\/Pastoral Vocacional (SAV\/PV) traz presente v\u00e1rias iniciativas, propostas e encaminhamentos para que se possa bem viver e se trabalhar em prol das voca\u00e7\u00f5es. Nesse sentido, o portal da CNBB conversou com o atual coordenador nacional do setor, padre Marlon Malacoski, que falou sobre as perspectivas e prioridades do SAV\/PV para 2022.<\/p>\n<p style=\"text-align: justify;\">Padre Marlon enfatizou o caminho de prepara\u00e7\u00e3o para o<a href=\"https:\/\/www.cnbb.org.br\/dom-joao-francisco-salm-fala-sobre-processo-de-escolha-do-tema-para-o-ano-vocacional-2023\/\"> 3\u00ba Ano Vocacional que acontecer\u00e1 no ano de 2023, mas que j\u00e1 em novembro de 2022 ter\u00e1 o seu in\u00edcio<\/a>. \u201cMuitas iniciativas, muitas coisas j\u00e1 est\u00e3o sendo preparadas, organizadas. Temos uma equipe muito ampla que faz um trabalho junto \u00e0 Comiss\u00e3o para os Minist\u00e9rios Ordenados e a Vida Consagrada da CNBB e tamb\u00e9m junto a outras Comiss\u00f5es da entidade\u201d, disse.<\/p>\n<p style=\"text-align: justify;\">O Ano Vocacional come\u00e7a no dia 20 de novembro de 2022, na Solenidade de Nosso Senhor Jesus Cristo, Rei do Universo, Dia dos Crist\u00e3os Leigos e Leigas e Jornada Diocesana da Juventude. A Comiss\u00e3o Central do Ano Vocacional de 2023 escolheu o tema\u00a0\u201cVoca\u00e7\u00e3o: Gra\u00e7a e Miss\u00e3o\u201de o lema\u00a0\u201cCora\u00e7\u00f5es ardentes, p\u00e9s a caminho\u201d (<em>cf. Lc 24, 32-33<\/em>)<strong>.\u00a0<\/strong><\/p>\n<p style=\"text-align: justify;\">S\u00e3o quatro as comiss\u00f5es de trabalho para o Ano Vocacional, al\u00e9m da Comiss\u00e3o Central. A Comiss\u00e3o para os Minist\u00e9rios Ordenados e a Vida Consagrada da CNBB, \u00e9 a coordenadora geral. Das quatro comiss\u00f5es de trabalho, uma \u00e9 a respons\u00e1vel pela produ\u00e7\u00e3o de subs\u00eddios. <a href=\"https:\/\/www.cnbb.org.br\/comissao-responsavel-pela-indicacao-de-subsidios-para-celebrar-o-ano-vocacional-no-brasil-em-2023-reuniu-se-pela-primeira-vez\/\">As demais est\u00e3o respons\u00e1veis pelo Texto-base (comiss\u00e3o teol\u00f3gica), Liturgia e Comunica\u00e7\u00e3o.<\/a><\/p>\n<figure id=\"attachment_863170\" aria-describedby=\"caption-attachment-863170\" style=\"width: 502px\" class=\"wp-caption alignright\"><a href=\"https:\/\/www.cnbb.org.br\/comissao-responsavel-pela-indicacao-de-subsidios-para-celebrar-o-ano-vocacional-no-brasil-em-2023-reuniu-se-pela-primeira-vez\/\"><img decoding=\"async\" loading=\"lazy\" class=\"wp-image-863170\" src=\"https:\/\/www.cnbb.org.br\/wp-content\/uploads\/2022\/02\/Cartaz-do-Mes-Vocacional-1.jpeg\" alt=\"\" width=\"502\" height=\"284\" srcset=\"https:\/\/www.cnbb.org.br\/wp-content\/uploads\/2022\/02\/Cartaz-do-Mes-Vocacional-1.jpeg 848w, https:\/\/www.cnbb.org.br\/wp-content\/uploads\/2022\/02\/Cartaz-do-Mes-Vocacional-1-300x170.jpeg 300w, https:\/\/www.cnbb.org.br\/wp-content\/uploads\/2022\/02\/Cartaz-do-Mes-Vocacional-1-768x435.jpeg 768w, https:\/\/www.cnbb.org.br\/wp-content\/uploads\/2022\/02\/Cartaz-do-Mes-Vocacional-1-500x283.jpeg 500w\" sizes=\"(max-width: 502px) 100vw, 502px\" \/><\/a><figcaption id=\"caption-attachment-863170\" class=\"wp-caption-text\">Cartaz do M\u00eas Vocacional 2022<\/figcaption><\/figure>\n<p style=\"text-align: justify;\"><strong>M\u00eas Vocacional &#8211;<\/strong>\u00a0 Padre Marlon tamb\u00e9m apontou a prepara\u00e7\u00e3o para a celebra\u00e7\u00e3o do m\u00eas vocacional, em agosto de 2022. Ele contou que est\u00e1 sendo elaborado um subs\u00eddio, o Hora Vocacional, e que em breve estar\u00e1 dispon\u00edvel.<\/p>\n<p style=\"text-align: justify;\">O M\u00eas Vocacional de 2022 ter\u00e1 como tema \u201cCristo Vive! Somos suas testemunhas\u201d e lema \u201cEu vi o Senhor!\u201d (Jo 20,18). Saiba mais em: <a href=\"https:\/\/www.cnbb.org.br\/cartaz-para-o-mes-vocacional-de-2022\/.\">https:\/\/www.cnbb.org.br\/cartaz-para-o-mes-vocacional-de-2022\/.<\/a><\/p>\n<p>&nbsp;<\/p>\n<blockquote>\n<p style=\"text-align: justify;\">&#8220;E tamb\u00e9m j\u00e1 estamos nos preparando para o Dia Mundial de Ora\u00e7\u00e3o pelas Voca\u00e7\u00f5es, que ser\u00e1 celebrado no quarto domingo de maio, dia da P\u00e1scoa&#8221;, contou.<\/p>\n<\/blockquote>\n<p style=\"text-align: justify;\">Al\u00e9m disso, o Servi\u00e7o de Anima\u00e7\u00e3o Vocacional tem desenvolvido v\u00e1rios trabalhos e iniciativas em parcerias\u00a0 com v\u00e1rias outras institui\u00e7\u00f5es, algumas delas s\u00e3o a Confer\u00eancia dos Religiosos do Brasil (CRB); o Instituto de Pastoral Vocacional (IPV); a Revista Rogate e, principalmente, junto \u00e0s escolas vocacionais. O objetivo das parcerias, segundo padre Marlon, \u00e9 pensar em um trabalho mais amplo, mais din\u00e2mico, com um EAD, que ser\u00e1 desenvolvido a partir do final deste ano, onde o foco ser\u00e1 o estudo na \u00e1rea vocacional.<\/p>\n<blockquote>\n<p style=\"text-align: justify;\">&#8220;Diante disso tamb\u00e9m h\u00e1 o fortalecimento das equipes vocacionais paroquiais, que tamb\u00e9m tem sido uma grande preocupa\u00e7\u00e3o nossa&#8221;, disse.<\/p>\n<\/blockquote>\n<p style=\"text-align: justify;\">Outro ponto lembrado por ele foram as Diretrizes do Servi\u00e7o de Anima\u00e7\u00e3o Vocacional\/Pastoral Vocacional. \u201cAs Diretrizes est\u00e3o sendo pensadas e desenvolvidas para que possam abranger todo esse aspecto da cultura vocacional\u201d, revelou.<\/p>\n<p style=\"text-align: justify;\">Em linhas gerais, padre Marlon enfatizou que o Servi\u00e7o de Anima\u00e7\u00e3o Vocacional continuar\u00e1 sua caminhada em 2022 sempre recordando a import\u00e2ncia de rezar pelas voca\u00e7\u00f5es e de divulgar nas redes sociais, nos meios de comunica\u00e7\u00e3o a cultura vocacional.<\/p>\n<blockquote>\n<p style=\"text-align: justify;\">&#8220;Por isso nosso trabalho tem sido desenvolvido nesse sentido de fortalecer cada regional; a equipe regional de anima\u00e7\u00e3o vocacional que est\u00e1 sempre em sintonia com as outras pastorais, organiza\u00e7\u00f5es e movimentos para que juntos possamos construir a cultura vocacional&#8221;, finalizou.<\/p>\n<\/blockquote>\n<p style=\"text-align: justify;\">\n","protected":false},"excerpt":{"rendered":"<p>O Servi\u00e7o de Anima\u00e7\u00e3o Vocacional\/Pastoral Vocacional (SAV\/PV) traz presente v\u00e1rias iniciativas, propostas e encaminhamentos para que se possa bem viver e se trabalhar em prol das voca\u00e7\u00f5es. Nesse sentido, o portal da CNBB conversou com o atual coordenador nacional do setor, padre Marlon Malacoski, que falou sobre as perspectivas e prioridades do SAV\/PV para 2022. &hellip;<\/p>\n<p class=\"read-more\"> <a class=\"\" href=\"https:\/\/www.cnbb.org.br\/servico-de-animacao-vocacional-pastoral-vocacional-suscita-cultura-vocacional-em-2022\/\"> <span class=\"screen-reader-text\">Servi\u00e7o de Anima\u00e7\u00e3o Vocacional\/Pastoral Vocacional suscita cultura vocacional em 2022<\/span> Leia mais &raquo;<\/a><\/p>\n","protected":false},"author":83,"featured_media":689291,"comment_status":"open","ping_status":"open","sticky":false,"template":"","format":"standard","meta":{"site-sidebar-layout":"default","site-content-layout":"default","ast-global-header-display":"","ast-banner-title-visibility":"","ast-main-header-display":"","ast-hfb-above-header-display":"","ast-hfb-below-header-display":"","ast-hfb-mobile-header-display":"","site-post-title":"","ast-breadcrumbs-content":"","ast-featured-img":"","footer-sml-layout":"","theme-transparent-header-meta":"","adv-header-id-meta":"","stick-header-meta":"","header-above-stick-meta":"","header-main-stick-meta":"","header-below-stick-meta":""},"categories":[1841,838],"tags":[2096,2810],"acf":[],"_links":{"self":[{"href":"https:\/\/www.cnbb.org.br\/cnbb-app\/wp\/v2\/posts\/863157"}],"collection":[{"href":"https:\/\/www.cnbb.org.br\/cnbb-app\/wp\/v2\/posts"}],"about":[{"href":"https:\/\/www.cnbb.org.br\/cnbb-app\/wp\/v2\/types\/post"}],"author":[{"embeddable":true,"href":"https:\/\/www.cnbb.org.br\/cnbb-app\/wp\/v2\/users\/83"}],"replies":[{"embeddable":true,"href":"https:\/\/www.cnbb.org.br\/cnbb-app\/wp\/v2\/comments?post=863157"}],"version-history":[{"count":0,"href":"https:\/\/www.cnbb.org.br\/cnbb-app\/wp\/v2\/posts\/863157\/revisions"}],"wp:featuredmedia":[{"embeddable":true,"href":"https:\/\/www.cnbb.org.br\/cnbb-app\/wp\/v2\/media\/689291"}],"wp:attachment":[{"href":"https:\/\/www.cnbb.org.br\/cnbb-app\/wp\/v2\/media?parent=863157"}],"wp:term":[{"taxonomy":"category","embeddable":true,"href":"https:\/\/www.cnbb.org.br\/cnbb-app\/wp\/v2\/categories?post=863157"},{"taxonomy":"post_tag","embeddable":true,"href":"https:\/\/www.cnbb.org.br\/cnbb-app\/wp\/v2\/tags?post=863157"}],"curies":[{"name":"wp","href":"https:\/\/api.w.org\/{rel}","templated":true}]}}