{"id":8651,"date":"2018-01-17T00:00:00","date_gmt":"2018-01-17T02:00:00","guid":{"rendered":"https:\/\/www.cnbb.org.br\/premio-clara-de-assis-mostra-que-tem-muita-gente-boa-fazendo-a-diferenca-em-varios-cantos-do-pais\/"},"modified":"2018-01-17T00:00:00","modified_gmt":"2018-01-17T02:00:00","slug":"premio-clara-de-assis-mostra-que-tem-muita-gente-boa-fazendo-a-diferenca-em-varios-cantos-do-pais","status":"publish","type":"post","link":"https:\/\/www.cnbb.org.br\/premio-clara-de-assis-mostra-que-tem-muita-gente-boa-fazendo-a-diferenca-em-varios-cantos-do-pais\/","title":{"rendered":"Pr\u00eamio &#8220;Clara de Assis&#8221; mostra que tem muita gente fazendo a diferen\u00e7a em v\u00e1rios cantos do pa\u00eds"},"content":{"rendered":"<p style=\"text-align: justify\">Criado em 2005, como forma de homenagear a padroeira da televis\u00e3o Santa Clara, o pr\u00eamio que leva seu nome, ser\u00e1 concedido na 51\u00aa edi\u00e7\u00e3o dos Pr\u00eamios da Confer\u00eancia Nacional dos Bispos do Brasil (CNBB), com inscri\u00e7\u00f5es abertas at\u00e9 o dia 31 de janeiro deste ano. Outros quatro pr\u00eamios tamb\u00e9m v\u00e3o contemplar obras e profissionais no campo do r\u00e1dio, do cinema, da imprensa e da internet.<\/p>\n<p style=\"text-align: justify\">Para a professora de jornalismo em R\u00e1dio e Tv,\u00a0 Bernadete Coelho, da PUC Goi\u00e1s &#8211;\u00a0 institui\u00e7\u00e3o que d\u00e1 \u00e0 suporte aos Pr\u00eamios da CNBB -, o pr\u00eamio Clara de Assis \u00e9 uma forma de valorizar, incentivar, de uma maneira importante, os produtores, rep\u00f3rteres, cinegrafistas, a produzirem um material que diz respeito \u00e0 uma sociedade mais humana, fraterna, \u00e9tica e com valores crist\u00e3os. O que, segundo ela, muitas vezes foge do dia a dia de uma reda\u00e7\u00e3o de TV.<\/p>\n<p style=\"text-align: justify\">Sobre a relev\u00e2ncia do pr\u00eamio, a professora destaca: \u201cNuma sociedade t\u00e3o carente de boas not\u00edcias, de mais humanidade, \u00e9 importante destacar e incentivar reportagens, document\u00e1rios e mat\u00e9rias especiais que v\u00e3o na contram\u00e3o de um mundo ca\u00f3tico e individualista, de uma sociedade ainda pouco inclusiva\u201d, disse. Para ela, n\u00e3o \u00e9 s\u00f3 do \u201cmundo c\u00e3o\u201d e not\u00edcia sanguin\u00e1ria e de crime que vive a tv. \u201c\u00c9 preciso sim valorizar este tipo de produ\u00e7\u00e3o com valores mais crist\u00e3os e mostrar que ainda \u00e9 poss\u00edvel mudar as coisas e que tem muita gente boa e de f\u00e9 fazendo a diferen\u00e7a em v\u00e1rios cantos do pa\u00eds\u201d.<\/p>\n<figure id=\"attachment_134189\" aria-describedby=\"caption-attachment-134189\" style=\"width: 300px\" class=\"wp-caption alignleft\"><a href=\"http:\/\/cnbb.net.br\/premio-clara-de-assis-mostra-que-tem-muita-gente-boa-fazendo-a-diferenca-em-varios-cantos-do-pais\/premiado\/\" rel=\"attachment wp-att-134189 noopener\" target=\"_blank\"><img decoding=\"async\" loading=\"lazy\" class=\"size-medium wp-image-134189\" src=\"http:\/\/cnbb.net.br\/wp-content\/uploads\/2018\/01\/Premiado-300x196.png\" alt=\"\" width=\"300\" height=\"196\" \/><\/a><figcaption id=\"caption-attachment-134189\" class=\"wp-caption-text\">Reportagem &#8220;Um mundo sem c\u00e1rceres&#8221;, da TV Aparecida, foi a vencedora em 2017<\/figcaption><\/figure>\n<p style=\"text-align: justify\">A reportagem \u2018Um mundo sem c\u00e1rceres\u2019 apresentada pelo jornalista Eduardo Miranda, transmitida no dia 20 de novembro de 2016 pela TV Aparecida, conquistou o Pr\u00eamio Clara de Assis para a Televis\u00e3o 2017, concedido pela CNBB. A entrega do pr\u00eamio ocorreu no \u00faltimo dia 31 de mar\u00e7o, em Trindade (GO), em evento que comemorou a 50\u00aa edi\u00e7\u00e3o dos Pr\u00eamios de Comunica\u00e7\u00e3o da CNBB.<\/p>\n<p style=\"text-align: justify\">\u2018Um mundo sem c\u00e1rceres\u2019 foi ao ar no dia em que a Igreja Cat\u00f3lica encerrava o Ano Santo da Miseric\u00f3rdia, e destaca o encarceramento feminino, as medidas em discuss\u00e3o nas tr\u00eas esferas de Poder para tentar solucionar os v\u00e1rios problemas do sistema prisional, al\u00e9m do trabalho da Pastoral Carcer\u00e1ria e o perd\u00e3o como o caminho de volta para a sociedade.<\/p>\n<p style=\"text-align: justify\">O jornalista e editor chefe da TV Aparecida, Eduardo Miranda, recebeu a premia\u00e7\u00e3o e lembrou a proposta dessa reportagem especial. &#8220;Nessa reportagem n\u00f3s tamb\u00e9m apontamos caminhos para resolver essas mazelas que perduram no sistema carcer\u00e1rio brasileiro. Acredito que essa foi uma grande conquista nossa. Primeiro a den\u00fancia em si e depois apontando caminhos para tentar solucionar esse problema&#8221;, afirmou.<\/p>\n<figure id=\"attachment_134188\" aria-describedby=\"caption-attachment-134188\" style=\"width: 180px\" class=\"wp-caption alignright\"><a href=\"http:\/\/cnbb.net.br\/premio-clara-de-assis-mostra-que-tem-muita-gente-boa-fazendo-a-diferenca-em-varios-cantos-do-pais\/imagem-premio-sc\/\" rel=\"attachment wp-att-134188 noopener\" target=\"_blank\"><img decoding=\"async\" loading=\"lazy\" class=\"size-full wp-image-134188\" src=\"http:\/\/cnbb.net.br\/wp-content\/uploads\/2018\/01\/Imagem-pr\u00eamio-SC.jpg\" alt=\"\" width=\"180\" height=\"270\" \/><\/a><figcaption id=\"caption-attachment-134188\" class=\"wp-caption-text\">Pr\u00eamio Clara de Assis<\/figcaption><\/figure>\n<p style=\"text-align: justify\"><span style=\"color: #800000\"><strong>Hist\u00f3rico do Pr\u00eamio Clara de Assis<\/strong><\/span> &#8211; O &#8220;Pr\u00eamio Clara de Assis para a Televis\u00e3o&#8221; foi institu\u00eddo, em 2005, pela CNBB. Tem como objetivo premiar programas nacionais, produzidos e exibidos pela televis\u00e3o brasileira e que trazem em seu conte\u00fado valores humanos, sociais, pol\u00edticos, crist\u00e3os e \u00e9ticos.<\/p>\n<p style=\"text-align: justify\">A Confer\u00eancia Nacional dos Bispos do Brasil, ao instituir o &#8220;Pr\u00eamio Clara de Assis para a Televis\u00e3o&#8221;, quis estabelecer um espa\u00e7o de di\u00e1logo da Igreja cat\u00f3lica no Brasil com os profissionais da televis\u00e3o brasileira e com a sociedade, bem como, a educa\u00e7\u00e3o para uma leitura cr\u00edtica televisiva. A iniciativa desta premia\u00e7\u00e3o vem ao encontro da necessidade de valorizar o trabalho de muitos diretores da televis\u00e3o brasileira e de promover novos produtores que com seu talento ajudam na constru\u00e7\u00e3o de uma sociedade fraterna e solid\u00e1ria.<\/p>\n<p style=\"text-align: justify\"><span style=\"color: #800000\"><strong>Por que o nome Santa Clara de Assis para o Pr\u00eamio Televis\u00e3o?<\/strong><\/span> &#8211; Santa Clara nasceu em Assis, It\u00e1lia, em 1193. Pertencia a uma nobre fam\u00edlia, que se distinguia pelos valores humanos e crist\u00e3os. Sua m\u00e3e, certo dia, teve uma intui\u00e7\u00e3o, que teria uma filha que iluminaria o mundo e escolheu o nome de Clara que significa luz brilhante. Clara destacou-se, desde cedo, pela caridade e respeito para com os pequenos, tanto que ao deparar-se com a pobreza evang\u00e9lica vivida por Francisco de Assis foi tomada pelo irresist\u00edvel apelo de segui-lo.<\/p>\n<p style=\"text-align: justify\">Quando decidiu responder ao chamado de Cristo para segui-lo como op\u00e7\u00e3o fundamental de vida, dedicando-se totalmente a Deus e aos irm\u00e3os, enfrentou a oposi\u00e7\u00e3o da fam\u00edlia, que pretendia arranjar-lhe um casamento que prometia uma vida abastada. Ap\u00f3s ter refletido sobre sua op\u00e7\u00e3o de vida, aos dezoito anos, Clara abandonou seus pais para seguir Jesus, radicalmente. Para isto foi ao encontro de S\u00e3o Francisco de Assis na Porci\u00fancula e fundou o ramo feminino da Ordem Franciscana, tamb\u00e9m conhecido como Damas Pobres ou Irm\u00e3s Clarissas.<\/p>\n<p style=\"text-align: justify\">Clara de Assis viveu na pr\u00e1tica e no amor da mais estrita pobreza. Quando aconteceu a invas\u00e3o na cidade de Assis pelos sarracenos, Santa Clara apanhou o c\u00e1lice com h\u00f3stias consagradas e enfrentou o chefe deles, dizendo que Jesus Cristo era mais forte do que eles. Os agressores, tomados por inexplic\u00e1vel p\u00e2nico, fugiram. Por este milagre \u00e9 que Santa Clara aparece nas imagens segurando o c\u00e1lice na m\u00e3o. Um ano antes de sua morte, em 1253, impossibilitada de participar de forma presencial da Celebra\u00e7\u00e3o Eucar\u00edstica, sem sair do seu leito e sem interven\u00e7\u00e3o t\u00e9cnica, essa Celebra\u00e7\u00e3o foi projetada na parede do seu quarto. Por esse sinal miraculoso foi aclamada protetora da televis\u00e3o. O papa Pio XII, atrav\u00e9s de uma Carta apost\u00f3lica, de 21 de agosto de 1958, proclamou a \u201cSanta Clara Padroeira da Televis\u00e3o\u201d.<\/p>\n<p style=\"text-align: justify\"><span style=\"color: #800000\"><strong>Inscri\u00e7\u00f5es \u00e0 51\u00aa dos Pr\u00eamios de Comunica\u00e7\u00e3o da CNBB<\/strong><\/span> &#8211; Segundo Padre Rafael Vieira, membro da assessoria da Comiss\u00e3o e coordenador da Assessoria de Imprensa da CNBB, nesta edi\u00e7\u00e3o, a 51\u00aa da hist\u00f3ria dos Pr\u00eamios, a grande novidade \u00e9 que o candidato vai fazer todo o processo online, isto \u00e9, n\u00e3o ter\u00e1 mais a necessidade de enviar material por vias postais. Em qualquer dia, hora e lugar, o interessado poder\u00e1 acessar o hotsite dos pr\u00eamios que ter\u00e1 um banner fixo no site oficial da CNBB (www.cnbb.org.br) e realizar sua inscri\u00e7\u00e3o preenchendo todos os requisitos do formul\u00e1rio proposto.<\/p>\n<p style=\"text-align: justify\">\u00c9 importante que cada fase do processo seja respeitada para o \u00eaxito da Inscri\u00e7\u00e3o: leitura e a aceita\u00e7\u00e3o das normas apresentadas no Regulamento\/Edital; apresenta\u00e7\u00e3o do trabalho que ir\u00e1 concorrer aos pr\u00eamios com resumo da obra e informa\u00e7\u00f5es sobre o autor; e, finalmente, o upload ou apresenta\u00e7\u00e3o de link do trabalho. Para quem quiser se dirigir diretamente ao hotsite, o endere\u00e7o \u00e9 o seguinte: http:\/\/<a href=\"http:\/\/premioscomunicacao.cnbb.org.br\/\" target=\"_blank\" rel=\"noopener\">premioscomunicacao.cnbb.org.br.<\/a><\/p>\n<p>&nbsp;<\/p>\n","protected":false},"excerpt":{"rendered":"<p>&#8220;Numa sociedade carente de boas not\u00edcias, \u00e9 importante destacar reportagens que v\u00e3o na contram\u00e3o de um mundo ca\u00f3tico&#8221;, avalia Bernadete Coelho<\/p>\n","protected":false},"author":83,"featured_media":0,"comment_status":"closed","ping_status":"open","sticky":false,"template":"","format":"standard","meta":{"site-sidebar-layout":"default","site-content-layout":"default","ast-global-header-display":"","ast-banner-title-visibility":"","ast-main-header-display":"","ast-hfb-above-header-display":"","ast-hfb-below-header-display":"","ast-hfb-mobile-header-display":"","site-post-title":"","ast-breadcrumbs-content":"","ast-featured-img":"","footer-sml-layout":"","theme-transparent-header-meta":"","adv-header-id-meta":"","stick-header-meta":"","header-above-stick-meta":"","header-main-stick-meta":"","header-below-stick-meta":""},"categories":[1],"tags":[],"acf":[],"_links":{"self":[{"href":"https:\/\/www.cnbb.org.br\/cnbb-app\/wp\/v2\/posts\/8651"}],"collection":[{"href":"https:\/\/www.cnbb.org.br\/cnbb-app\/wp\/v2\/posts"}],"about":[{"href":"https:\/\/www.cnbb.org.br\/cnbb-app\/wp\/v2\/types\/post"}],"author":[{"embeddable":true,"href":"https:\/\/www.cnbb.org.br\/cnbb-app\/wp\/v2\/users\/83"}],"replies":[{"embeddable":true,"href":"https:\/\/www.cnbb.org.br\/cnbb-app\/wp\/v2\/comments?post=8651"}],"version-history":[{"count":0,"href":"https:\/\/www.cnbb.org.br\/cnbb-app\/wp\/v2\/posts\/8651\/revisions"}],"wp:attachment":[{"href":"https:\/\/www.cnbb.org.br\/cnbb-app\/wp\/v2\/media?parent=8651"}],"wp:term":[{"taxonomy":"category","embeddable":true,"href":"https:\/\/www.cnbb.org.br\/cnbb-app\/wp\/v2\/categories?post=8651"},{"taxonomy":"post_tag","embeddable":true,"href":"https:\/\/www.cnbb.org.br\/cnbb-app\/wp\/v2\/tags?post=8651"}],"curies":[{"name":"wp","href":"https:\/\/api.w.org\/{rel}","templated":true}]}}