{"id":865119,"date":"2022-03-11T11:46:37","date_gmt":"2022-03-11T14:46:37","guid":{"rendered":"https:\/\/www.cnbb.org.br\/?p=865119"},"modified":"2022-03-11T11:46:55","modified_gmt":"2022-03-11T14:46:55","slug":"educar-para-a-fraternidade","status":"publish","type":"post","link":"https:\/\/www.cnbb.org.br\/educar-para-a-fraternidade\/","title":{"rendered":"Educar para a fraternidade"},"content":{"rendered":"<p style=\"text-align: right;\"><strong>Dom Jos\u00e9 Gislon<br \/>\nBispo de Caxias do Sul (RS)<\/strong><\/p>\n<p>&nbsp;<\/p>\n<p style=\"text-align: justify;\">Estimados irm\u00e3os e irm\u00e3s em Cristo Jesus! O tempo da Quaresma nos convida a olhar o caminho da vida, feito muitas vezes atrav\u00e9s de pequenos passos nas prova\u00e7\u00f5es e alegrias de cada dia. Podemos come\u00e7ar o dia tendo na mente um grande projeto, e conclu\u00ed-lo sem ter conseguido dar um passo para a realiza\u00e7\u00e3o do mesmo. Mas isso n\u00e3o deve ser o motivo para desistirmos, porque mesmo os pequenos projetos da nossa vida precisam de perseveran\u00e7a e persist\u00eancia para que possam se tornar realidade.<span data-ccp-props=\"{&quot;201341983&quot;:0,&quot;335551550&quot;:6,&quot;335551620&quot;:6,&quot;335559739&quot;:0,&quot;335559740&quot;:240}\">\u00a0<\/span><\/p>\n<p style=\"text-align: justify;\"><span data-contrast=\"auto\">A Campanha da Fraternidade deste ano, com o tema: Fraternidade e Educa\u00e7\u00e3o, e o lema: \u201cFala com sabedoria, ensina com amor\u201d (cf. Pr 31,26), nos convida a refletirmos sobre a realidade da educa\u00e7\u00e3o em nosso pa\u00eds, que toca a vida de cada um de n\u00f3s, porque fazemos parte desta realidade social, econ\u00f4mica e cultural.\u00a0<\/span><span data-ccp-props=\"{&quot;201341983&quot;:0,&quot;335551550&quot;:6,&quot;335551620&quot;:6,&quot;335559739&quot;:0,&quot;335559740&quot;:240}\">\u00a0<\/span><\/p>\n<p style=\"text-align: justify;\"><span data-contrast=\"auto\">Podemos cair na tenta\u00e7\u00e3o de pensar ou \u201crotular\u201d como educa\u00e7\u00e3o apenas a instru\u00e7\u00e3o acad\u00eamica, que deve ser sempre uma preocupa\u00e7\u00e3o fundamental do Estado, com a participa\u00e7\u00e3o respons\u00e1vel da sociedade. Mas a educa\u00e7\u00e3o vai muito al\u00e9m da \u201cinstru\u00e7\u00e3o\u201d acad\u00eamica. \u201cO processo de educar \u00e9 algo que come\u00e7a desde muito cedo, e em v\u00e1rios \u00e2mbitos da vida de uma pessoa\u201d. Podemos dizer que come\u00e7a no ber\u00e7o, dentro da fam\u00edlia, mas \u00e9 muito importante que todas as crian\u00e7as, adolescentes, jovens e adultos, tenham oportunidades de ter mais acesso ao conhecimento. N\u00e3o podemos pensar em educa\u00e7\u00e3o como algo limitado ao tempo da \u201cescola\u201d, num mundo em cont\u00ednua transforma\u00e7\u00e3o, gra\u00e7as \u00e0s novas tecnologias.\u00a0<\/span><span data-ccp-props=\"{&quot;201341983&quot;:0,&quot;335551550&quot;:6,&quot;335551620&quot;:6,&quot;335559739&quot;:0,&quot;335559740&quot;:240}\">\u00a0<\/span><\/p>\n<p style=\"text-align: justify;\"><span data-contrast=\"auto\">Numa sociedade onde a rela\u00e7\u00e3o entre as pessoas passa pelos modernos meios de comunica\u00e7\u00e3o, e estes est\u00e3o ao alcance da maioria, podemos achar que tudo est\u00e1 funcionando bem. Dever\u00edamos tamb\u00e9m nos perguntar: como est\u00e1 a educa\u00e7\u00e3o no ambiente familiar para o uso das novas tecnologias? Sabemos que a fam\u00edlia de hoje \u00e9 bastante reduzida. A partida dos filhos do ambiente familiar, logo ap\u00f3s a adolesc\u00eancia, pode gerar nos pais tamb\u00e9m o sentido da solid\u00e3o e abandono. Os jovens, mesmo com o cora\u00e7\u00e3o apertado pela saudade, acabam encontrando outros jovens, para partilhar os sonhos e a vida. Mas os pais que permanecem podem, muitas vezes, sentir a solid\u00e3o e o vazio, e ter a sensa\u00e7\u00e3o de que os filhos j\u00e1 n\u00e3o precisam deles. Nem sempre levamos em considera\u00e7\u00e3o que as pessoas t\u00eam sentimentos e que, no peregrinar da vida, precisam da presen\u00e7a humana e fraterna dos outros. Penso que nenhum de n\u00f3s foi educado para viver isoladamente. Porque a educa\u00e7\u00e3o, \u201cem sentido amplo, abrange o pertencimento e a participa\u00e7\u00e3o dos sujeitos no mundo, de modo integral e solid\u00e1rio\u201d. Por isso, \u00e9 importante o educar para a fraternidade, onde o sentido de perten\u00e7a envolve a pessoa na fam\u00edlia e na comunidade, sem esquecer que fazemos parte de um horizonte mais amplo chamado \u201chumanidade\u201d.<\/span><span data-ccp-props=\"{&quot;201341983&quot;:0,&quot;335551550&quot;:6,&quot;335551620&quot;:6,&quot;335559739&quot;:0,&quot;335559740&quot;:240}\">\u00a0<\/span><\/p>\n<p><span data-ccp-props=\"{&quot;201341983&quot;:0,&quot;335551550&quot;:6,&quot;335551620&quot;:6,&quot;335559739&quot;:0,&quot;335559740&quot;:240}\">\u00a0<\/span><\/p>\n<p><span data-ccp-props=\"{&quot;201341983&quot;:0,&quot;335551550&quot;:6,&quot;335551620&quot;:6,&quot;335559739&quot;:0,&quot;335559740&quot;:240}\">\u00a0<\/span><\/p>\n<p>&nbsp;<\/p>\n","protected":false},"excerpt":{"rendered":"<p>Dom Jos\u00e9 Gislon Bispo de Caxias do Sul (RS) &nbsp; Estimados irm\u00e3os e irm\u00e3s em Cristo Jesus! O tempo da Quaresma nos convida a olhar o caminho da vida, feito muitas vezes atrav\u00e9s de pequenos passos nas prova\u00e7\u00f5es e alegrias de cada dia. Podemos come\u00e7ar o dia tendo na mente um grande projeto, e conclu\u00ed-lo &hellip;<\/p>\n<p class=\"read-more\"> <a class=\"\" href=\"https:\/\/www.cnbb.org.br\/educar-para-a-fraternidade\/\"> <span class=\"screen-reader-text\">Educar para a fraternidade<\/span> Leia mais &raquo;<\/a><\/p>\n","protected":false},"author":20,"featured_media":0,"comment_status":"open","ping_status":"open","sticky":false,"template":"","format":"standard","meta":{"site-sidebar-layout":"default","site-content-layout":"default","ast-global-header-display":"","ast-banner-title-visibility":"","ast-main-header-display":"","ast-hfb-above-header-display":"","ast-hfb-below-header-display":"","ast-hfb-mobile-header-display":"","site-post-title":"","ast-breadcrumbs-content":"","ast-featured-img":"","footer-sml-layout":"","theme-transparent-header-meta":"default","adv-header-id-meta":"","stick-header-meta":"","header-above-stick-meta":"","header-main-stick-meta":"","header-below-stick-meta":""},"categories":[758],"tags":[],"acf":[],"_links":{"self":[{"href":"https:\/\/www.cnbb.org.br\/cnbb-app\/wp\/v2\/posts\/865119"}],"collection":[{"href":"https:\/\/www.cnbb.org.br\/cnbb-app\/wp\/v2\/posts"}],"about":[{"href":"https:\/\/www.cnbb.org.br\/cnbb-app\/wp\/v2\/types\/post"}],"author":[{"embeddable":true,"href":"https:\/\/www.cnbb.org.br\/cnbb-app\/wp\/v2\/users\/20"}],"replies":[{"embeddable":true,"href":"https:\/\/www.cnbb.org.br\/cnbb-app\/wp\/v2\/comments?post=865119"}],"version-history":[{"count":0,"href":"https:\/\/www.cnbb.org.br\/cnbb-app\/wp\/v2\/posts\/865119\/revisions"}],"wp:attachment":[{"href":"https:\/\/www.cnbb.org.br\/cnbb-app\/wp\/v2\/media?parent=865119"}],"wp:term":[{"taxonomy":"category","embeddable":true,"href":"https:\/\/www.cnbb.org.br\/cnbb-app\/wp\/v2\/categories?post=865119"},{"taxonomy":"post_tag","embeddable":true,"href":"https:\/\/www.cnbb.org.br\/cnbb-app\/wp\/v2\/tags?post=865119"}],"curies":[{"name":"wp","href":"https:\/\/api.w.org\/{rel}","templated":true}]}}