{"id":865124,"date":"2022-03-11T11:48:16","date_gmt":"2022-03-11T14:48:16","guid":{"rendered":"https:\/\/www.cnbb.org.br\/?p=865124"},"modified":"2022-03-11T11:48:40","modified_gmt":"2022-03-11T14:48:40","slug":"transfigurados-em-cristo","status":"publish","type":"post","link":"https:\/\/www.cnbb.org.br\/transfigurados-em-cristo\/","title":{"rendered":"Transfigurados em Cristo"},"content":{"rendered":"<p style=\"text-align: right;\"><strong>Dom Adimir Antonio Mazali<\/strong><br \/>\n<strong>Bispo de Erexim (RS)<\/strong><\/p>\n<p style=\"text-align: justify;\">\n<p style=\"text-align: justify;\">Estimados Irm\u00e3os e Irm\u00e3s, ass\u00edduos ouvintes e leitores da Voz da Diocese. Em comunh\u00e3o fraterna, \u00e0 luz da f\u00e9 na Ressurrei\u00e7\u00e3o que nos move a caminhar cheios de esperan\u00e7a, vivemos nesta \u00faltima semana a perda precoce e inesperada de um sacerdote diocesano, Padre Claudino Talaska, com apenas 56 anos de vida e 28 de minist\u00e9rio presbiteral. Gostaria, aproveitando este espa\u00e7o, para manisfestar minhas condol\u00eancias \u00e0 familia Talaska, ao Clero e a todos os fi\u00e9is, que de forma direta ou indireta tiveram o privil\u00e9gio de conviver com nosso irm\u00e3o falecido. Cremos na Vida Eterna, e, por isso, para quem cr\u00ea a morte n\u00e3o \u00e9 o fim-fim, mas um fim-plenitude, cuja vida desabrocha para a eternidade, junto de Deus.<\/p>\n<p style=\"text-align: justify;\">Dando continuidade \u00e0 Quaresma, chegamos na segunda etapa de nosso caminhar rumo \u00e0 celebra\u00e7\u00e3o da festa pascal. Quaresma \u00e9 um tempo de penit\u00eancia e convers\u00e3o, tempo de renova\u00e7\u00e3o interior e da nossa pr\u00e1xis crist\u00e3. Desta forma, a Liturgia da Palavra e da Eucaristia, nesse 2\u00ba Domingo da Quaresma, convoca-nos a subir o Monte Tabor para fortalecer a nossa f\u00e9 crist\u00e3 e contemplarmos o Cristo transfigurado. A viv\u00eancia da espiritualidade quaresmal, com a pr\u00e1tica das obras corporais, ensinadas por Jesus e pela Igreja, e a perseverante escuta da Palavra de Deus, torna-se itiner\u00e1rio de nossa transfigura\u00e7\u00e3o em Cristo. Em seu caminho rumo ao Calv\u00e1rio, Jesus faz uma parada no monte Tabor. Ele quer ensinar aos seus disc\u00edpulos-seguidores a contemplar o sentido e significado \u00faltimo da Cruz. N\u00e3o existe cristianismo sem cruz. Todavia, o seguimento de Cristo n\u00e3o para na Cruz, pois depois da Cruz vem a Luz que plenifica a vida.<\/p>\n<p style=\"text-align: justify;\">O evangelista Lucas nos relata que Jesus foi ao Tabor para orar, levando consigo Pedro, Tiago e Jo\u00e3o. Envolto de gl\u00f3ria, acompanhado por Mois\u00e9s, que representa a Lei, e Elias, os Profetas, o texto sagrado centraliza sua inten\u00e7\u00e3o, nas palvras que emana da nuvem, sinal da manifesta\u00e7\u00e3o de Deus Pai: \u201cEste \u00e9 o meu Filho, o escolhido, escutai o que Ele diz! \u201d (Lc 9,35). Nosso compromisso crist\u00e3o no mundo, a partir da escuta e da viv\u00eancia das palavras, atitudes e gestos de Jesus, est\u00e1 na procura de transfigurar as realidades terrenas que n\u00e3o est\u00e3o de acordo com o Plano de Deus, com a finalidade de realizarmos a constru\u00e7\u00e3o do Reino de Deus, um Reino de paz e fraternidade universal.<\/p>\n<p style=\"text-align: justify;\">Irm\u00e3os e irm\u00e3s, a transfigura\u00e7\u00e3o deste mundo, sua adequa\u00e7\u00e3o ao Reino de Deus, fruto do an\u00fancio e da viv\u00eancia de Jesus, deve iniciar com a renova\u00e7\u00e3o de nossa Alian\u00e7a com o Deus \u00fanico e verdadeiro, seguindo o exemplo de nossos primeiros pais na f\u00e9, Abra\u00e3o e Sara, que confiaram plenamente nos planos do Senhor Deus e se colocaram como seus fi\u00e9is servidores.<\/p>\n<p style=\"text-align: justify;\">Na segunda leitura, S\u00e3o Paulo ensina que todos n\u00f3s, chamados filhos de Deus em Cristo Jesus, devemos, todos os dias, iniciar e reiniciar, n\u00e3o obstante as dificuldades e obst\u00e1culos que a vida se nos imp\u00f5em, o nosso caminho de f\u00e9 como imitadores de Cristo, e n\u00e3o como inimigos da sua Cruz, pois desta forma nosso destino ser\u00e1 a perdi\u00e7\u00e3o e n\u00e3o a transfigura\u00e7\u00e3o da vida. Como amigos da Cruz de Cristo, n\u00e3o podemos esmorecer na empresa de construirmos um mundo mais solid\u00e1rio e justo. \u00c0s vezes nos parece que em meio a tantas desgra\u00e7as sociais, conflitos e guerras motivadas t\u00e3o somente pelo poder econ\u00f4mico, pol\u00edtico e dom\u00ednio territorial, n\u00e3o existe mais perspectiva de transforma\u00e7\u00e3o, de mudan\u00e7a, de transfigura\u00e7\u00e3o. Entrentanto, n\u00e3o podemos desanimar. Ao contr\u00e1rio, assim como os disc\u00edpulos de Jesus, pela sua transfigura\u00e7\u00e3o no Tabor, puderam entrever a luz da gl\u00f3ria no fim do caminho, assim tenhamos a certeza de que a caminhada da cruz \u00e9 a caminhada da gl\u00f3ria, ainda para este mundo.<\/p>\n<p style=\"text-align: justify;\">Prezados irm\u00e3os e irm\u00e3s, como crist\u00e3os inseridos na sociedade, precisamos lan\u00e7ar sementes de esperan\u00e7a e vida, inspirados pela Campanha da Fraternidade deste ano, assumindo o nobre empenho de \u201cFalar com sabedoria e ensinar com amor\u201d (Pr 31,26). Nosso compromisso \u00e9 com uma educa\u00e7\u00e3o balizada nos princ\u00edpios da promo\u00e7\u00e3o e defesa da dignidade humana, oportunizando a todos uma experi\u00eancia vivaz com o transcendente, criando uma cultura do encontro fraterno entre os povos e no cuidado da Casa Comum, no qual todos os seres devam ser respeitados e protegidos. Assim, o mundo ser\u00e1 transfigurado num mundo de paz, de amor, de perd\u00e3o, de conc\u00f3rdia, de respeito com a rica diversidade cultural, enfim num mundo em que \u201ctodos tenham vida e vida em abund\u00e2ncia\u201d (Jo 10,10), conforme o desejo de nosso Senhor Jesus Cristo. Am\u00e9m!<\/p>\n<p style=\"text-align: justify;\">Deus aben\u00e7oe a todos!<\/p>\n<p>&nbsp;<\/p>\n<p>&nbsp;<\/p>\n","protected":false},"excerpt":{"rendered":"<p>Dom Adimir Antonio Mazali Bispo de Erexim (RS) Estimados Irm\u00e3os e Irm\u00e3s, ass\u00edduos ouvintes e leitores da Voz da Diocese. Em comunh\u00e3o fraterna, \u00e0 luz da f\u00e9 na Ressurrei\u00e7\u00e3o que nos move a caminhar cheios de esperan\u00e7a, vivemos nesta \u00faltima semana a perda precoce e inesperada de um sacerdote diocesano, Padre Claudino Talaska, com apenas &hellip;<\/p>\n<p class=\"read-more\"> <a class=\"\" href=\"https:\/\/www.cnbb.org.br\/transfigurados-em-cristo\/\"> <span class=\"screen-reader-text\">Transfigurados em Cristo<\/span> Leia mais &raquo;<\/a><\/p>\n","protected":false},"author":103,"featured_media":0,"comment_status":"open","ping_status":"open","sticky":false,"template":"","format":"standard","meta":{"site-sidebar-layout":"default","site-content-layout":"default","ast-global-header-display":"","ast-banner-title-visibility":"","ast-main-header-display":"","ast-hfb-above-header-display":"","ast-hfb-below-header-display":"","ast-hfb-mobile-header-display":"","site-post-title":"","ast-breadcrumbs-content":"","ast-featured-img":"","footer-sml-layout":"","theme-transparent-header-meta":"default","adv-header-id-meta":"","stick-header-meta":"","header-above-stick-meta":"","header-main-stick-meta":"","header-below-stick-meta":""},"categories":[758],"tags":[],"acf":[],"_links":{"self":[{"href":"https:\/\/www.cnbb.org.br\/cnbb-app\/wp\/v2\/posts\/865124"}],"collection":[{"href":"https:\/\/www.cnbb.org.br\/cnbb-app\/wp\/v2\/posts"}],"about":[{"href":"https:\/\/www.cnbb.org.br\/cnbb-app\/wp\/v2\/types\/post"}],"author":[{"embeddable":true,"href":"https:\/\/www.cnbb.org.br\/cnbb-app\/wp\/v2\/users\/103"}],"replies":[{"embeddable":true,"href":"https:\/\/www.cnbb.org.br\/cnbb-app\/wp\/v2\/comments?post=865124"}],"version-history":[{"count":0,"href":"https:\/\/www.cnbb.org.br\/cnbb-app\/wp\/v2\/posts\/865124\/revisions"}],"wp:attachment":[{"href":"https:\/\/www.cnbb.org.br\/cnbb-app\/wp\/v2\/media?parent=865124"}],"wp:term":[{"taxonomy":"category","embeddable":true,"href":"https:\/\/www.cnbb.org.br\/cnbb-app\/wp\/v2\/categories?post=865124"},{"taxonomy":"post_tag","embeddable":true,"href":"https:\/\/www.cnbb.org.br\/cnbb-app\/wp\/v2\/tags?post=865124"}],"curies":[{"name":"wp","href":"https:\/\/api.w.org\/{rel}","templated":true}]}}