{"id":865398,"date":"2022-03-17T09:03:21","date_gmt":"2022-03-17T12:03:21","guid":{"rendered":"https:\/\/www.cnbb.org.br\/?p=865398"},"modified":"2022-03-17T09:03:21","modified_gmt":"2022-03-17T12:03:21","slug":"bispos-do-parana-concluem-assembleia-na-diocese-de-sao-jose-dos-pinhais","status":"publish","type":"post","link":"https:\/\/www.cnbb.org.br\/bispos-do-parana-concluem-assembleia-na-diocese-de-sao-jose-dos-pinhais\/","title":{"rendered":"Bispos do Paran\u00e1 concluem Assembleia na diocese de S\u00e3o Jos\u00e9 dos Pinhais"},"content":{"rendered":"<p>Os bispos do Regional Sul 2 da Confer\u00eancia Nacional dos Bispos do Brasil (CNBB) conclu\u00edram sua Assembleia Regional na \u00faltima ter\u00e7a-feira, 15 de mar\u00e7o. O encontro teve in\u00edcio na noite de domingo 13 de mar\u00e7o e foi realizado na Casa Nossa Senhora do Amparo, na col\u00f4nia Marcelino, pertencente \u00e0 Metropolia Cat\u00f3lica Ucraniana.<\/p>\n<p>No \u00faltimo dia do encontro, os bispos trataram da 6\u00aa Semana Social Brasileira e da atua\u00e7\u00e3o da Pastoral da Sobriedade e da Pastoral Familiar. O encontro foi conclu\u00eddo com uma missa na comunidade S\u00e3o Pedro, presidida pelo bispo de S\u00e3o Jos\u00e9 dos Pinhais, dom Celso Ant\u00f4nio Marchiori.<\/p>\n<p><a href=\"https:\/\/cnbbs2.org.br\/2022\/03\/bispos-do-parana-concluem-sua-assembleia\/\" target=\"_blank\" rel=\"noopener\">Leia a not\u00edcia na \u00edntegra.<\/a><\/p>\n<p>&nbsp;<\/p>\n","protected":false},"excerpt":{"rendered":"<p>Os bispos do Regional Sul 2 da Confer\u00eancia Nacional dos Bispos do Brasil (CNBB) conclu\u00edram sua Assembleia Regional na \u00faltima ter\u00e7a-feira, 15 de mar\u00e7o. O encontro teve in\u00edcio na noite de domingo 13 de mar\u00e7o e foi realizado na Casa Nossa Senhora do Amparo, na col\u00f4nia Marcelino, pertencente \u00e0 Metropolia Cat\u00f3lica Ucraniana. No \u00faltimo dia &hellip;<\/p>\n<p class=\"read-more\"> <a class=\"\" href=\"https:\/\/www.cnbb.org.br\/bispos-do-parana-concluem-assembleia-na-diocese-de-sao-jose-dos-pinhais\/\"> <span class=\"screen-reader-text\">Bispos do Paran\u00e1 concluem Assembleia na diocese de S\u00e3o Jos\u00e9 dos Pinhais<\/span> Leia mais &raquo;<\/a><\/p>\n","protected":false},"author":83,"featured_media":865399,"comment_status":"open","ping_status":"open","sticky":false,"template":"","format":"standard","meta":{"site-sidebar-layout":"default","site-content-layout":"default","ast-global-header-display":"","ast-banner-title-visibility":"","ast-main-header-display":"","ast-hfb-above-header-display":"","ast-hfb-below-header-display":"","ast-hfb-mobile-header-display":"","site-post-title":"","ast-breadcrumbs-content":"","ast-featured-img":"","footer-sml-layout":"","theme-transparent-header-meta":"default","adv-header-id-meta":"","stick-header-meta":"","header-above-stick-meta":"","header-main-stick-meta":"","header-below-stick-meta":""},"categories":[781],"tags":[2009,1207],"acf":[],"_links":{"self":[{"href":"https:\/\/www.cnbb.org.br\/cnbb-app\/wp\/v2\/posts\/865398"}],"collection":[{"href":"https:\/\/www.cnbb.org.br\/cnbb-app\/wp\/v2\/posts"}],"about":[{"href":"https:\/\/www.cnbb.org.br\/cnbb-app\/wp\/v2\/types\/post"}],"author":[{"embeddable":true,"href":"https:\/\/www.cnbb.org.br\/cnbb-app\/wp\/v2\/users\/83"}],"replies":[{"embeddable":true,"href":"https:\/\/www.cnbb.org.br\/cnbb-app\/wp\/v2\/comments?post=865398"}],"version-history":[{"count":0,"href":"https:\/\/www.cnbb.org.br\/cnbb-app\/wp\/v2\/posts\/865398\/revisions"}],"wp:featuredmedia":[{"embeddable":true,"href":"https:\/\/www.cnbb.org.br\/cnbb-app\/wp\/v2\/media\/865399"}],"wp:attachment":[{"href":"https:\/\/www.cnbb.org.br\/cnbb-app\/wp\/v2\/media?parent=865398"}],"wp:term":[{"taxonomy":"category","embeddable":true,"href":"https:\/\/www.cnbb.org.br\/cnbb-app\/wp\/v2\/categories?post=865398"},{"taxonomy":"post_tag","embeddable":true,"href":"https:\/\/www.cnbb.org.br\/cnbb-app\/wp\/v2\/tags?post=865398"}],"curies":[{"name":"wp","href":"https:\/\/api.w.org\/{rel}","templated":true}]}}