{"id":865401,"date":"2022-03-17T10:54:16","date_gmt":"2022-03-17T13:54:16","guid":{"rendered":"https:\/\/www.cnbb.org.br\/?p=865401"},"modified":"2022-03-17T11:06:47","modified_gmt":"2022-03-17T14:06:47","slug":"edicoes-curso-pastoral-escolar-3","status":"publish","type":"post","link":"https:\/\/www.cnbb.org.br\/edicoes-curso-pastoral-escolar-3\/","title":{"rendered":"Curso de atualiza\u00e7\u00e3o sobre a Pastoral Escolar ter\u00e1 o terceiro encontro nesta quinta-feira"},"content":{"rendered":"<p>O curso de atualiza\u00e7\u00e3o sobre a Pastoral Escolar oferecido pela Edi\u00e7\u00f5es CNBB chega ao seu terceiro encontro, nesta quinta-feira, 17 de mar\u00e7o. Ap\u00f3s a apresenta\u00e7\u00e3o do\u00a0quadro geral do comp\u00eandio e da abordagem da perspectiva pedag\u00f3gica da Pastoral Escolar, a aula de hoje vai tratar das\u00a0pr\u00e1ticas pastorais dentro do ambiente educativo.<\/p>\n<p>No primeiro dia do curso, foram abordados os seguintes t\u00f3picos: Hist\u00f3ria e Identidade Pastoral e os fundamentos. O organizador da forma\u00e7\u00e3o, professor S\u00e9rgio Junqueira, conduziu o estudo sobre os conceitos fundantes da Pastoral Escolar, como identidade confessional, legisla\u00e7\u00e3o, evangeliza\u00e7\u00e3o, Pastoral da Educa\u00e7\u00e3o, escola em pastoral, Ensino Religioso e Catequese.<\/p>\n<p>A forma\u00e7\u00e3o tem como base o <a href=\"https:\/\/www.edicoescnbb.com.br\/produto\/compendio-de-pastoral-escolar-para-a-educacao-basica-na-escola-catolica-71707\" target=\"_blank\" rel=\"noopener\">Comp\u00eandio da Pastoral Escolar<\/a>, publicado pela Edi\u00e7\u00f5es CNBB. &#8220;O comp\u00eandio \u00e9 um instrumento, nesta Campanha da Fraternidade, que ir\u00e1 colaborar no aprofundamento do papel da educa\u00e7\u00e3o cat\u00f3lica no cen\u00e1rio nacional&#8221;, situa Junqueira.<\/p>\n<h3>Perspectiva pedag\u00f3gica<\/h3>\n<p>No segundo dia, a professora Sonia Itoz tratou da Perspectiva pedag\u00f3gica da Pastoral Escolar. Ela chamou aten\u00e7\u00e3o que a escola cat\u00f3lica \u00e9 um espa\u00e7o prof\u00e9tico-mission\u00e1rio de Igreja e que na sua miss\u00e3o busca &#8220;<span style=\"font-size: 16px;\">evangelizar em e pelo seu curr\u00edculo&#8221;. Esse processo, de educa\u00e7\u00e3o integral, busca formar para as dimens\u00f5es\u00a0<\/span>afetiva, ps\u00edquica, cognitiva, f\u00edsica, espiritual.<\/p>\n<p>Ela recordou ainda o conceito de &#8220;escola em pastoral&#8221;, que \u00e9 o &#8220;cerne da identidade cat\u00f3lica e o que configura ser uma escola cat\u00f3lica&#8221;. Sonia tamb\u00e9m destacou que a Pastoral escolar \u00e9 a &#8220;guardi\u00e3 da identidade confessional&#8221;.<\/p>\n<blockquote><p>&#8220;A pastoral vai trazer presente, concretamente, toda a viv\u00eancia da f\u00e9, todos os princ\u00edpios que a gente tem como f\u00e9, mas mais do que isso, tudo o que n\u00f3s propomos para a vida para que a educa\u00e7\u00e3o seja uma educa\u00e7\u00e3o integral. \u00c9 a pastoral que na escola realiza o papel da Igreja. De certa forma, ali, a Igreja se faz presente com a pastoral acontecendo&#8221;.<\/p><\/blockquote>\n<h3>Pr\u00e1ticas Pastorais<\/h3>\n<p>Nesta quinta-feira. o professor Gregory Rial vai abordar as pr\u00e1ticas pastorais dentro do ambiente educativo, ou seja, na escola e na universidade cat\u00f3lica. &#8220;Este encontro vai falar sobre alguns pontos que n\u00f3s abordamos do comp\u00eandio, especialmente a espiritualidade, o uso da sagrada escritura, e, claro, o planejamento pastoral&#8221;, adianta.<\/p>\n<p>&nbsp;<\/p>\n<h3>Forma\u00e7\u00e3o on-line<\/h3>\n<p>O Curso sobre Pastoral Escolar busca capacitar educadores a partir da obra \u201c<em><strong><a href=\"https:\/\/www.edicoescnbb.com.br\/produto\/compendio-de-pastoral-escolar-para-a-educacao-basica-na-escola-catolica-71707\" target=\"_blank\" rel=\"noopener\">Comp\u00eandio de Pastoral Escolar para a educa\u00e7\u00e3o b\u00e1sica na escola cat\u00f3lica<\/a><\/strong><\/em>\u201d. A forma\u00e7\u00e3o acontece de forma on-line e conta com palestrantes de renome na \u00e1rea da Educa\u00e7\u00e3o. Para saber mais e se cadastrar para receber o certificado, acesse: <a title=\"Cursos Edi\u00e7\u00f5es CNBB\" href=\"https:\/\/cursos.edicoescnbb.com.br\/\" target=\"_blank\" rel=\"noopener\">cursosedicoescnbb.com.br<\/a><\/p>\n<p>&nbsp;<\/p>\n<p>Acompanhe a aula desta quinta-feira, a partir das 19h:<\/p>\n<div class=\"ast-oembed-container\" style=\"height: 100%;\"><iframe loading=\"lazy\" title=\"Curso sobre Pastoral Escolar - Pr\u00e1ticas pastorais\" width=\"500\" height=\"281\" src=\"https:\/\/www.youtube.com\/embed\/2uLvWzo6xok?feature=oembed\" frameborder=\"0\" allow=\"accelerometer; autoplay; clipboard-write; encrypted-media; gyroscope; picture-in-picture\" allowfullscreen><\/iframe><\/div>\n<p>&nbsp;<\/p>\n<p>&nbsp;<\/p>\n<p>&nbsp;<\/p>\n<p><img decoding=\"async\" src=\"https:\/\/cursosedicoescnbb.com.br\/wp-content\/uploads\/2022\/03\/ADIQUIRA05.gif\" \/><\/p>\n","protected":false},"excerpt":{"rendered":"<p>O curso de atualiza\u00e7\u00e3o sobre a Pastoral Escolar oferecido pela Edi\u00e7\u00f5es CNBB chega ao seu terceiro encontro, nesta quinta-feira, 17 de mar\u00e7o. Ap\u00f3s a apresenta\u00e7\u00e3o do\u00a0quadro geral do comp\u00eandio e da abordagem da perspectiva pedag\u00f3gica da Pastoral Escolar, a aula de hoje vai tratar das\u00a0pr\u00e1ticas pastorais dentro do ambiente educativo<\/p>\n","protected":false},"author":83,"featured_media":865403,"comment_status":"open","ping_status":"open","sticky":false,"template":"","format":"standard","meta":{"site-sidebar-layout":"default","site-content-layout":"default","ast-global-header-display":"","ast-banner-title-visibility":"","ast-main-header-display":"","ast-hfb-above-header-display":"","ast-hfb-below-header-display":"","ast-hfb-mobile-header-display":"","site-post-title":"","ast-breadcrumbs-content":"","ast-featured-img":"","footer-sml-layout":"","theme-transparent-header-meta":"default","adv-header-id-meta":"","stick-header-meta":"","header-above-stick-meta":"","header-main-stick-meta":"","header-below-stick-meta":""},"categories":[50,847],"tags":[3611,4328,1276,4327],"acf":[],"_links":{"self":[{"href":"https:\/\/www.cnbb.org.br\/cnbb-app\/wp\/v2\/posts\/865401"}],"collection":[{"href":"https:\/\/www.cnbb.org.br\/cnbb-app\/wp\/v2\/posts"}],"about":[{"href":"https:\/\/www.cnbb.org.br\/cnbb-app\/wp\/v2\/types\/post"}],"author":[{"embeddable":true,"href":"https:\/\/www.cnbb.org.br\/cnbb-app\/wp\/v2\/users\/83"}],"replies":[{"embeddable":true,"href":"https:\/\/www.cnbb.org.br\/cnbb-app\/wp\/v2\/comments?post=865401"}],"version-history":[{"count":0,"href":"https:\/\/www.cnbb.org.br\/cnbb-app\/wp\/v2\/posts\/865401\/revisions"}],"wp:featuredmedia":[{"embeddable":true,"href":"https:\/\/www.cnbb.org.br\/cnbb-app\/wp\/v2\/media\/865403"}],"wp:attachment":[{"href":"https:\/\/www.cnbb.org.br\/cnbb-app\/wp\/v2\/media?parent=865401"}],"wp:term":[{"taxonomy":"category","embeddable":true,"href":"https:\/\/www.cnbb.org.br\/cnbb-app\/wp\/v2\/categories?post=865401"},{"taxonomy":"post_tag","embeddable":true,"href":"https:\/\/www.cnbb.org.br\/cnbb-app\/wp\/v2\/tags?post=865401"}],"curies":[{"name":"wp","href":"https:\/\/api.w.org\/{rel}","templated":true}]}}