{"id":865650,"date":"2022-03-22T10:43:17","date_gmt":"2022-03-22T13:43:17","guid":{"rendered":"https:\/\/www.cnbb.org.br\/?p=865650"},"modified":"2022-03-22T10:43:47","modified_gmt":"2022-03-22T13:43:47","slug":"reflexao-sobre-o-4o-domingo-da-quaresma","status":"publish","type":"post","link":"https:\/\/www.cnbb.org.br\/reflexao-sobre-o-4o-domingo-da-quaresma\/","title":{"rendered":"Reflex\u00e3o sobre o 4\u00ba Domingo da Quaresma"},"content":{"rendered":"<p style=\"text-align: right;\"><strong>Dom Carmo Jo\u00e3o Rhoden<br \/>\n<\/strong><strong>Bispo Em\u00e9rito de Taubat\u00e9 (SP)<\/strong><\/p>\n<p style=\"text-align: justify;\">\n<p style=\"text-align: justify;\">\u00a0\u00a0\u00a0\u00a0\u00a0\u00a0\u00a0\u00a0\u00a0\u00a0\u00a0 INTRODU\u00c7\u00c3O: 1. H\u00e1 nos evangelhos, muitos relatos e par\u00e1bolas interessantes, no entanto, a mais bela e comovente \u00e9 a de S\u00e3o Lucas (15, 1-3. 11-32). Para mim, n\u00e3o deveria ser chamada, a do Filho Pr\u00f3digo, mas a do Pai Amoroso. A do Pai, que todos gostariam, ou ao menos deveriam de ter.<\/p>\n<p style=\"text-align: justify;\">\u00a0\u00a0\u00a0\u00a0\u00a0\u00a0\u00a0\u00a0\u00a0\u00a0\u00a0 Pergunto: N\u00e3o tenho raz\u00e3o?<\/p>\n<ol style=\"text-align: justify;\" start=\"2\">\n<li>No Evangelho, deu de nota-lo (os pecadores), sentem-se bem, na presen\u00e7a de Jesus, n\u00e3o certamente por causa de seus pecados, pelo acolhimento que recebiam. Ficavam tocados em seus cora\u00e7\u00f5es. No entanto os fariseus e mestres da lei achando-se juntos, se afastavam dos pecadores, criticavam a Jesus por comer com impuros. N\u00e3o se lembravam de que s\u00e3o os doentes, que mais precisam de m\u00e9dicos: neste caso, eles mudaram muito de l\u00e1 para c\u00e1? Que vos parece?<\/li>\n<li>Jesus n\u00e3o administrava aulas de teologia ou, de exegese, mas falava-lhes em par\u00e1bolas, que faziam pensar e meditar. Aos que o criticavam contou-lhes esta: Um pai tinha 2 filhos (ler o texto). Para o mais novo, ele parecia um verdadeiro carrasco: um tirano. Por isso n\u00e3o aguentava mais o \u201cvelho\u201d E se afastou da casa paterna. Para o mais velho o pai parecia um aut\u00eantico \u201cpatr\u00e3o\u201d um p\u00e3o duro. Por isso, n\u00e3o restava outra coisa que n\u00e3o trabalhar para o chefe. E hoje, como costuma sentir-se os filhos? Como os 2 da par\u00e1bola? Revoltados? Como filhos de papai? Respondei-me v\u00f3s.<\/li>\n<li>Moral da par\u00e1bola: o filho mais velho representava os fariseus e mestres da lei: n\u00e3o precisam de convers\u00e3o. Ele (o mais velho) n\u00e3o chamava o pai de \u201cpai\u201d, e nem o irm\u00e3o de \u201cirm\u00e3o\u201d, \u201c mas esse teu filho\u201d. \u00c9 autossuficiente, arrogante e acusador. N\u00e3o participou da festa do mais novo; ficou fora, at\u00e9 hoje n\u00e3o entrou&#8230;. N\u00e3o tinha cora\u00e7\u00e3o filial, nem fraternal. O mais novo percebendo que estava no fundo do po\u00e7o, gritou por socorro, caiu em si, lembrou-se das benesses da casa do pai. Iniciou, ent\u00e3o o caminho de retorno. O pai vendo-o chegar, p\u00f4s-se a correr ao seu encontro. Abra\u00e7ou-o, beijou-o e n\u00e3o acusou de nada. Ele foi no fundo, \u00e9 Deus nosso criador e melhor amigo. Est\u00e1 sempre ao nosso lado oferecendo o dom do perd\u00e3o, para que voltemos. Retornado (o pai) faz festa com muita m\u00fasica. H\u00e1 alegria novamente. Na fam\u00edlia de Deus, todos devem sentir-se em casa. Sentimo-nos assim?<\/li>\n<li>Em tempo: A Campanha da Fraternidade como vai? Cultivamos nosso auto forma\u00e7\u00e3o (educa\u00e7\u00e3o), isso \u00e9 primordial. Como a exercem os pais, professores e todos aqueles que det\u00e9m poder? Pergunto: Como vai \u00e0 educa\u00e7\u00e3o no Brasil? Cabe por isso, intercalar o conte\u00fado da CF, com o tema \u201cFraternidade e Educa\u00e7\u00e3o\u201d, e o Lema \u201cFala com sabedoria, ensina com amor\u201d, o que \u00e9 ent\u00e3o educar? Para mim, a educa\u00e7\u00e3o \u00e9 a ci\u00eancia, arte e virtude. \u00c9 fazer perceber que a vida tem sentido. \u00c9 aprender a viver, convivendo e assim realizar-se. \u00c9 aprender a amar e servir. Recordo ainda que a educa\u00e7\u00e3o n\u00e3o \u00e9 somente recebida, mas que cada qual \u00e9 o primeiro respons\u00e1vel pela sua inser\u00e7\u00e3o na comunidade, sob o olhar do maior educador: Deus.<\/li>\n<\/ol>\n<p style=\"text-align: justify;\">\u00a0\u00a0\u00a0\u00a0\u00a0\u00a0\u00a0\u00a0\u00a0\u00a0\u00a0 Pergunto: A fam\u00edlia educa? Como? Escolas, universidades e igrejas? A realizam? N\u00e3o conv\u00e9m discutir o tema? Tenho para mim que sim e muito.<\/p>\n<p>&nbsp;<\/p>\n<p>&nbsp;<\/p>\n","protected":false},"excerpt":{"rendered":"<p>Dom Carmo Jo\u00e3o Rhoden Bispo Em\u00e9rito de Taubat\u00e9 (SP) \u00a0\u00a0\u00a0\u00a0\u00a0\u00a0\u00a0\u00a0\u00a0\u00a0\u00a0 INTRODU\u00c7\u00c3O: 1. H\u00e1 nos evangelhos, muitos relatos e par\u00e1bolas interessantes, no entanto, a mais bela e comovente \u00e9 a de S\u00e3o Lucas (15, 1-3. 11-32). Para mim, n\u00e3o deveria ser chamada, a do Filho Pr\u00f3digo, mas a do Pai Amoroso. A do Pai, que todos &hellip;<\/p>\n<p class=\"read-more\"> <a class=\"\" href=\"https:\/\/www.cnbb.org.br\/reflexao-sobre-o-4o-domingo-da-quaresma\/\"> <span class=\"screen-reader-text\">Reflex\u00e3o sobre o 4\u00ba Domingo da Quaresma<\/span> Leia mais &raquo;<\/a><\/p>\n","protected":false},"author":132,"featured_media":0,"comment_status":"open","ping_status":"open","sticky":false,"template":"","format":"standard","meta":{"site-sidebar-layout":"default","site-content-layout":"default","ast-global-header-display":"","ast-banner-title-visibility":"","ast-main-header-display":"","ast-hfb-above-header-display":"","ast-hfb-below-header-display":"","ast-hfb-mobile-header-display":"","site-post-title":"","ast-breadcrumbs-content":"","ast-featured-img":"","footer-sml-layout":"","theme-transparent-header-meta":"default","adv-header-id-meta":"","stick-header-meta":"","header-above-stick-meta":"","header-main-stick-meta":"","header-below-stick-meta":""},"categories":[758],"tags":[],"acf":[],"_links":{"self":[{"href":"https:\/\/www.cnbb.org.br\/cnbb-app\/wp\/v2\/posts\/865650"}],"collection":[{"href":"https:\/\/www.cnbb.org.br\/cnbb-app\/wp\/v2\/posts"}],"about":[{"href":"https:\/\/www.cnbb.org.br\/cnbb-app\/wp\/v2\/types\/post"}],"author":[{"embeddable":true,"href":"https:\/\/www.cnbb.org.br\/cnbb-app\/wp\/v2\/users\/132"}],"replies":[{"embeddable":true,"href":"https:\/\/www.cnbb.org.br\/cnbb-app\/wp\/v2\/comments?post=865650"}],"version-history":[{"count":0,"href":"https:\/\/www.cnbb.org.br\/cnbb-app\/wp\/v2\/posts\/865650\/revisions"}],"wp:attachment":[{"href":"https:\/\/www.cnbb.org.br\/cnbb-app\/wp\/v2\/media?parent=865650"}],"wp:term":[{"taxonomy":"category","embeddable":true,"href":"https:\/\/www.cnbb.org.br\/cnbb-app\/wp\/v2\/categories?post=865650"},{"taxonomy":"post_tag","embeddable":true,"href":"https:\/\/www.cnbb.org.br\/cnbb-app\/wp\/v2\/tags?post=865650"}],"curies":[{"name":"wp","href":"https:\/\/api.w.org\/{rel}","templated":true}]}}