{"id":865826,"date":"2022-03-23T12:24:30","date_gmt":"2022-03-23T15:24:30","guid":{"rendered":"https:\/\/www.cnbb.org.br\/?p=865826"},"modified":"2022-03-23T12:24:49","modified_gmt":"2022-03-23T15:24:49","slug":"salve-o-dia-25-de-marco-solene-anunciacao-a-maria-da-encarnacao-do-verbo","status":"publish","type":"post","link":"https:\/\/www.cnbb.org.br\/salve-o-dia-25-de-marco-solene-anunciacao-a-maria-da-encarnacao-do-verbo\/","title":{"rendered":"Salve o dia 25 de mar\u00e7o: Solene Anuncia\u00e7\u00e3o \u00e0 Maria, da Encarna\u00e7\u00e3o do Verbo\u00a0"},"content":{"rendered":"<p style=\"text-align: right;\"><b><span data-contrast=\"auto\">Dom Carmo Jo\u00e3o Rhoden<\/span><\/b><span data-ccp-props=\"{&quot;201341983&quot;:0,&quot;335551550&quot;:2,&quot;335551620&quot;:2,&quot;335559739&quot;:160,&quot;335559740&quot;:259}\"><br \/>\n<\/span><b><span data-contrast=\"auto\">Bispo Em\u00e9rito de Taubat\u00e9 (SP)<\/span><\/b><span data-ccp-props=\"{&quot;201341983&quot;:0,&quot;335551550&quot;:2,&quot;335551620&quot;:2,&quot;335559739&quot;:160,&quot;335559740&quot;:259}\">\u00a0<\/span><\/p>\n<p style=\"text-align: justify;\"><span data-ccp-props=\"{&quot;201341983&quot;:0,&quot;335551550&quot;:6,&quot;335551620&quot;:6,&quot;335559739&quot;:160,&quot;335559740&quot;:259}\">\u00a0<\/span><\/p>\n<ol>\n<li style=\"text-align: justify;\"><span data-contrast=\"auto\">1. Devemos ser sempre Cristocentricamente Trinit\u00e1rios e Marianamente Cristoc\u00eantricos. Por qu\u00ea? \u00c9 b\u00edblico e teol\u00f3gico. Cristo \u00e9, de fato, o centro de tudo, porque o mediador entre Deus e os homens (1\u00ba Tim\u00f3teo 2,5). Ele \u00e9 o mesmo ontem, hoje e sempre (Hb 13,8) e porque tudo foi criado por Ele, para Ele e Nele (Cl 1, 16-18). Ademais, Ele \u00e9 o caminho, a verdade e a vida (Jo 14,6). Veio do Pai e ao Pai voltou vitorioso, pela gra\u00e7a do Esp\u00edrito Santo, por cujo Dom tamb\u00e9m havia assumido sua miss\u00e3o (Lc 1, 26-ss). Eis a raz\u00e3o pela qual somos Cristocentricamente Trinit\u00e1rios.<\/span><\/li>\n<li style=\"text-align: justify;\"><span data-contrast=\"auto\"> A Trindade \u00e9 a nossa maior gl\u00f3ria e sua vis\u00e3o futura ser\u00e1 beatificante. O Pai nos quis como filhos, no Filho, pelo Esp\u00edrito Santo. Somos, portanto, filhos amados do Pai, irm\u00e3os redimidos pelo Filho e formandos do Esp\u00edrito Santo. Por sermos Trinit\u00e1rios, devemos viver em comunh\u00e3o fraternal, com Igreja, anunciar e preparar o reino de Deus neste mundo. A Igreja passa, mas o Reino permanece para sempre.<\/span><\/li>\n<li style=\"text-align: justify;\"><span data-contrast=\"auto\"> Marianamente Cristoc\u00eantricos. O Cristocentrismo \u00e9 o n\u00facleo de nossa profiss\u00e3o de f\u00e9 e o cora\u00e7\u00e3o de Jesus \u00e9 o sacr\u00e1rio da Trindade. Atrav\u00e9s de Maria Sant\u00edssima (M\u00e3e de Jesus Cristo, da Igreja e nossa). N\u00f3s chegamos a Jesus, o Messias. Ela no-lo trouxe e por isso atrav\u00e9s dela, queremos, pela gra\u00e7a do Filho voltar ao Pai. Somos Marianamente eclesiais. Ela intercede por n\u00f3s hoje, como outrora nas bodas de Can\u00e1 o fez. Temos um \u00fanico Salvador \u2013 Jesus Cristo. Mas Ele tem uma M\u00e3e, que nos deu nos minutos finais de sua vida na cruz. Ela levou muito a s\u00e9rio essa miss\u00e3o. Os Santu\u00e1rios Marianos existentes no mundo, no-lo demonstram.\u00a0<\/span><\/li>\n<li style=\"text-align: justify;\"><span data-contrast=\"auto\"> A Solenidade da Anuncia\u00e7\u00e3o tinha no passado, uma conota\u00e7\u00e3o mais definidamente Mariana. Hoje, no entanto, \u00e9 mais Cristol\u00f3gica. De fato, o an\u00fancio foi feito \u00e0 Maria (Lc 1, 26-36), mas o conte\u00fado da mensagem foi a salva\u00e7\u00e3o em Cristo. Maria foi eternamente escolhida para isso. O Pai assim o quis. O Esp\u00edrito Santo fez sua parte e Maria ofereceu seu cora\u00e7\u00e3o, seio e vida para a encarna\u00e7\u00e3o do Messias. Por isso, Ela \u00e9 a mais sublime das M\u00e3es &#8211;\u00a0 a Imaculada \u2013 pois o Sant\u00edssimo Salvador, n\u00e3o poderia provir de m\u00e3e maculada pelo pecado. Somos felizes, porque o Pai nos deu um Salvador e uma M\u00e3e sem igual. N\u00e3o sabemos, quando foi, a anuncia\u00e7\u00e3o da encarna\u00e7\u00e3o do Senhor, mas a Igreja n\u00e3o poderia esquecer esse feliz an\u00fancio. E colocou-o no dia 25 de mar\u00e7o.<\/span><\/li>\n<\/ol>\n<p><span data-ccp-props=\"{&quot;201341983&quot;:0,&quot;335551550&quot;:2,&quot;335551620&quot;:2,&quot;335559739&quot;:160,&quot;335559740&quot;:259}\">\u00a0<\/span><\/p>\n<p>&nbsp;<\/p>\n","protected":false},"excerpt":{"rendered":"<p>Dom Carmo Jo\u00e3o Rhoden Bispo Em\u00e9rito de Taubat\u00e9 (SP)\u00a0 \u00a0 1. Devemos ser sempre Cristocentricamente Trinit\u00e1rios e Marianamente Cristoc\u00eantricos. Por qu\u00ea? \u00c9 b\u00edblico e teol\u00f3gico. Cristo \u00e9, de fato, o centro de tudo, porque o mediador entre Deus e os homens (1\u00ba Tim\u00f3teo 2,5). Ele \u00e9 o mesmo ontem, hoje e sempre (Hb 13,8) e &hellip;<\/p>\n<p class=\"read-more\"> <a class=\"\" href=\"https:\/\/www.cnbb.org.br\/salve-o-dia-25-de-marco-solene-anunciacao-a-maria-da-encarnacao-do-verbo\/\"> <span class=\"screen-reader-text\">Salve o dia 25 de mar\u00e7o: Solene Anuncia\u00e7\u00e3o \u00e0 Maria, da Encarna\u00e7\u00e3o do Verbo\u00a0<\/span> Leia mais &raquo;<\/a><\/p>\n","protected":false},"author":132,"featured_media":0,"comment_status":"open","ping_status":"open","sticky":false,"template":"","format":"standard","meta":{"site-sidebar-layout":"default","site-content-layout":"default","ast-global-header-display":"","ast-banner-title-visibility":"","ast-main-header-display":"","ast-hfb-above-header-display":"","ast-hfb-below-header-display":"","ast-hfb-mobile-header-display":"","site-post-title":"","ast-breadcrumbs-content":"","ast-featured-img":"","footer-sml-layout":"","theme-transparent-header-meta":"default","adv-header-id-meta":"","stick-header-meta":"","header-above-stick-meta":"","header-main-stick-meta":"","header-below-stick-meta":""},"categories":[758],"tags":[],"acf":[],"_links":{"self":[{"href":"https:\/\/www.cnbb.org.br\/cnbb-app\/wp\/v2\/posts\/865826"}],"collection":[{"href":"https:\/\/www.cnbb.org.br\/cnbb-app\/wp\/v2\/posts"}],"about":[{"href":"https:\/\/www.cnbb.org.br\/cnbb-app\/wp\/v2\/types\/post"}],"author":[{"embeddable":true,"href":"https:\/\/www.cnbb.org.br\/cnbb-app\/wp\/v2\/users\/132"}],"replies":[{"embeddable":true,"href":"https:\/\/www.cnbb.org.br\/cnbb-app\/wp\/v2\/comments?post=865826"}],"version-history":[{"count":0,"href":"https:\/\/www.cnbb.org.br\/cnbb-app\/wp\/v2\/posts\/865826\/revisions"}],"wp:attachment":[{"href":"https:\/\/www.cnbb.org.br\/cnbb-app\/wp\/v2\/media?parent=865826"}],"wp:term":[{"taxonomy":"category","embeddable":true,"href":"https:\/\/www.cnbb.org.br\/cnbb-app\/wp\/v2\/categories?post=865826"},{"taxonomy":"post_tag","embeddable":true,"href":"https:\/\/www.cnbb.org.br\/cnbb-app\/wp\/v2\/tags?post=865826"}],"curies":[{"name":"wp","href":"https:\/\/api.w.org\/{rel}","templated":true}]}}