{"id":865980,"date":"2022-03-24T11:37:22","date_gmt":"2022-03-24T14:37:22","guid":{"rendered":"https:\/\/www.cnbb.org.br\/?p=865980"},"modified":"2022-03-24T11:38:26","modified_gmt":"2022-03-24T14:38:26","slug":"consagracao-do-mundo-da-russia-e-da-ucrania","status":"publish","type":"post","link":"https:\/\/www.cnbb.org.br\/consagracao-do-mundo-da-russia-e-da-ucrania\/","title":{"rendered":"Consagra\u00e7\u00e3o do Mundo, da R\u00fassia e da Ucr\u00e2nia"},"content":{"rendered":"<p style=\"text-align: right;\"><strong>Dom Jaime Vieira Rocha<\/strong><br \/>\n<strong>Arcebispo de Natal (RN)<\/strong><\/p>\n<p style=\"text-align: justify;\">\u00a0\u00a0\u00a0\u00a0\u00a0\u00a0\u00a0\u00a0\u00a0\u00a0\u00a0 Neste dia 25 de mar\u00e7o, Solenidade da Anuncia\u00e7\u00e3o do Senhor, dia em que celebramos o mist\u00e9rio da Encarna\u00e7\u00e3o do Filho de Deus no seio virginal de Maria, acontecimento que d\u00e1 in\u00edcio ao caminho de Jesus Cristo, redentor da humanidade, doador do Esp\u00edrito Santo e, por isso mesmo, iniciador e fundador da Igreja, somos convidados a participar, unidos ao Santo Padre, o Papa Francisco, do Ato de Consagra\u00e7\u00e3o da humanidade, particularmente da R\u00fassia e da Ucr\u00e2nia, ao Imaculado Cora\u00e7\u00e3o de Maria. A inten\u00e7\u00e3o do Papa Francisco \u00e9 rezar pela paz, pelo fim de uma guerra que destr\u00f3i inocentes e que serve para amedrontar o mundo: \u201c<em>Quer ser um gesto da Igreja universal, que neste momento dram\u00e1tico leva a Deus, atrav\u00e9s da M\u00e3e d\u2019Ele e nossa, o grito de dor de quantos sofrem e imploram o fim da viol\u00eancia, e confia o futuro da humanidade \u00e0 Rainha da Paz<\/em>\u201d (FRANCISCO. Carta aos Bispos pelo Ato de Consagra\u00e7\u00e3o ao Imaculado Cora\u00e7\u00e3o de Maria).<\/p>\n<p style=\"text-align: justify;\">\u00a0\u00a0\u00a0\u00a0\u00a0\u00a0\u00a0\u00a0\u00a0\u00a0\u00a0 Este Ato de Consagra\u00e7\u00e3o \u00e9 um \u201csacramental\u201d que tem a finalidade de lembrar a todos n\u00f3s que, como batizados e batizadas, pertencemos ao Senhor, Ele que \u00e9 o Criador, no seu Nome fomos assinalados com o selo do Esp\u00edrito Santo, e configurados como membros do seu Povo, um povo sacerdotal e por isso, buscador, artes\u00e3o e instrumento da paz. Eis a inten\u00e7\u00e3o central do Ato de Consagra\u00e7\u00e3o: \u201c<em>Por isso n\u00f3s, \u00f3 M\u00e3e de Deus e nossa, solenemente confiamos e consagramos ao vosso Imaculado Cora\u00e7\u00e3o n\u00f3s mesmos, a Igreja e a humanidade inteira, de modo especial a R\u00fassia e a Ucr\u00e2nia. Acolhei este nosso ato que realizamos com confian\u00e7a e amor, fazei que cesse a guerra, providenciai ao mundo a paz<\/em>\u201d (FRANCISCO. Ato de Consagra\u00e7\u00e3o ao Imaculado Cora\u00e7\u00e3o de Maria). Recomendo a todos que n\u00e3o usem ou traiam o sentido do Ato de Consagra\u00e7\u00e3o por desvios de ideologias pol\u00edticas. Pelo contr\u00e1rio, estejamos cientes de que tal Ato \u00e9 um gesto da Igreja Cat\u00f3lica e motivado pela busca da paz. Infelizmente, os que defendem a guerra se dizem crist\u00e3os e isso \u00e9 um contrassenso. Quase num lamento profundo de derrota, o Papa reconhece: \u201cperdemos o caminho da paz\u201d. Eis que com o Ato de Consagra\u00e7\u00e3o a Igreja deseja apontar para todos n\u00f3s, n\u00e3o somente para a R\u00fassia e o que acontece na Ucr\u00e2nia, o caminho do perd\u00e3o, da reconcilia\u00e7\u00e3o. Esquecimento das trag\u00e9dias, descuido, gan\u00e2ncia, fechamento, indiferen\u00e7a, ego\u00edsmo, ignorar Deus, falsidades, agressividade, supress\u00e3o da vida, ac\u00famulo de armas, falta de fraternidade. Tudo isso leva \u00e0 guerra. Mas, a miseric\u00f3rdia do Senhor nunca nos abandona. Por isso, o grito do Papa Francisco deve ser o nosso grito: \u201c<em>E, com vergonha, dizemos: perdoai-nos, Senhor!<\/em>\u201d (FRANCISCO. Ato de Consagra\u00e7\u00e3o ao Imaculado Cora\u00e7\u00e3o de Maria). E, confiando na miseric\u00f3rdia divina, pedindo o aux\u00edlio da M\u00e3e do Senhor, recordando o que Ela fez em Can\u00e1 da Galileia, quando viu a afli\u00e7\u00e3o dos noivos, recorre a Jesus, para acudir, para socorrer, tornando-se assim, n\u00e3o somente a M\u00e3e suplicante, mas o modelo para todos os crist\u00e3os e crist\u00e3s, sinal de que somente acudindo, socorrendo e suplicando em favor dos homens e mulheres \u00e9 que podemos, verdadeiramente, manifestar que somos de Jesus, o Papa suplica, pela sua intercess\u00e3o, que cessa a guerra, e que ela n\u00e3o seja instrumentalizada por nenhuma ideologia que a justifique: \u201c<em>Por isso acolhei, \u00f3 M\u00e3e, esta nossa s\u00faplica: V\u00f3s, estrela do mar, n\u00e3o nos deixeis naufragar na tempestade da guerra; V\u00f3s, arca da nova alian\u00e7a, inspirai projetos e caminhos de reconcilia\u00e7\u00e3o; V\u00f3s, \u00abterra do C\u00e9u\u00bb, trazei de volta ao mundo a conc\u00f3rdia de Deus; Apagai o \u00f3dio, acalmai a vingan\u00e7a, ensinai-nos o perd\u00e3o; Libertai-nos da guerra, preservai o mundo da amea\u00e7a nuclear; Rainha do Ros\u00e1rio, despertai em n\u00f3s a necessidade de rezar e amar; Rainha da fam\u00edlia humana, mostrai aos povos o caminho da fraternidade; Rainha da paz, alcan\u00e7ai a paz para o mundo<\/em>\u201d. Rezemos pedindo a paz.<\/p>\n","protected":false},"excerpt":{"rendered":"<p>Dom Jaime Vieira Rocha Arcebispo de Natal (RN) \u00a0\u00a0\u00a0\u00a0\u00a0\u00a0\u00a0\u00a0\u00a0\u00a0\u00a0 Neste dia 25 de mar\u00e7o, Solenidade da Anuncia\u00e7\u00e3o do Senhor, dia em que celebramos o mist\u00e9rio da Encarna\u00e7\u00e3o do Filho de Deus no seio virginal de Maria, acontecimento que d\u00e1 in\u00edcio ao caminho de Jesus Cristo, redentor da humanidade, doador do Esp\u00edrito Santo e, por isso &hellip;<\/p>\n<p class=\"read-more\"> <a class=\"\" href=\"https:\/\/www.cnbb.org.br\/consagracao-do-mundo-da-russia-e-da-ucrania\/\"> <span class=\"screen-reader-text\">Consagra\u00e7\u00e3o do Mundo, da R\u00fassia e da Ucr\u00e2nia<\/span> Leia mais &raquo;<\/a><\/p>\n","protected":false},"author":19,"featured_media":0,"comment_status":"open","ping_status":"open","sticky":false,"template":"","format":"standard","meta":{"site-sidebar-layout":"default","site-content-layout":"default","ast-global-header-display":"","ast-banner-title-visibility":"","ast-main-header-display":"","ast-hfb-above-header-display":"","ast-hfb-below-header-display":"","ast-hfb-mobile-header-display":"","site-post-title":"","ast-breadcrumbs-content":"","ast-featured-img":"","footer-sml-layout":"","theme-transparent-header-meta":"default","adv-header-id-meta":"","stick-header-meta":"","header-above-stick-meta":"","header-main-stick-meta":"","header-below-stick-meta":""},"categories":[758,1837],"tags":[],"acf":[],"_links":{"self":[{"href":"https:\/\/www.cnbb.org.br\/cnbb-app\/wp\/v2\/posts\/865980"}],"collection":[{"href":"https:\/\/www.cnbb.org.br\/cnbb-app\/wp\/v2\/posts"}],"about":[{"href":"https:\/\/www.cnbb.org.br\/cnbb-app\/wp\/v2\/types\/post"}],"author":[{"embeddable":true,"href":"https:\/\/www.cnbb.org.br\/cnbb-app\/wp\/v2\/users\/19"}],"replies":[{"embeddable":true,"href":"https:\/\/www.cnbb.org.br\/cnbb-app\/wp\/v2\/comments?post=865980"}],"version-history":[{"count":0,"href":"https:\/\/www.cnbb.org.br\/cnbb-app\/wp\/v2\/posts\/865980\/revisions"}],"wp:attachment":[{"href":"https:\/\/www.cnbb.org.br\/cnbb-app\/wp\/v2\/media?parent=865980"}],"wp:term":[{"taxonomy":"category","embeddable":true,"href":"https:\/\/www.cnbb.org.br\/cnbb-app\/wp\/v2\/categories?post=865980"},{"taxonomy":"post_tag","embeddable":true,"href":"https:\/\/www.cnbb.org.br\/cnbb-app\/wp\/v2\/tags?post=865980"}],"curies":[{"name":"wp","href":"https:\/\/api.w.org\/{rel}","templated":true}]}}