{"id":866279,"date":"2022-03-28T10:01:59","date_gmt":"2022-03-28T13:01:59","guid":{"rendered":"https:\/\/www.cnbb.org.br\/?p=866279"},"modified":"2022-03-28T10:10:14","modified_gmt":"2022-03-28T13:10:14","slug":"a-conferencia-eclesial-da-amazonia-ceama-elegeu-nova-presidencia","status":"publish","type":"post","link":"https:\/\/www.cnbb.org.br\/a-conferencia-eclesial-da-amazonia-ceama-elegeu-nova-presidencia\/","title":{"rendered":"A Confer\u00eancia Eclesial da Amaz\u00f4nia elegeu nova presid\u00eancia para os pr\u00f3ximos quatro anos"},"content":{"rendered":"<p style=\"text-align: justify;\">A Confer\u00eancia Eclesial da Amaz\u00f4nia (CEAMA) reuniu-se em assembleia ordin\u00e1ria nos dias 26 e 27 de mar\u00e7o, com parte dos participantes de maneira presencial em S\u00e3o Paulo (SP) e outra parte de modo virtual.<\/p>\n<p style=\"text-align: justify;\">Durante a reuni\u00e3o, os participantes refletiram sobre o caminho realizado nos \u00faltimos anos e os desafios que est\u00e3o por vir na implementa\u00e7\u00e3o dos encaminhamentos do S\u00ednodo Amaz\u00f4nico, atrav\u00e9s dos N\u00facleos Tem\u00e1ticos.<\/p>\n<p style=\"text-align: justify;\">Tamb\u00e9m foi apresentado um plano para a reforma dos Estatutos que contribuir\u00e1 para o fortalecimento e consolida\u00e7\u00e3o da CEAMA no esp\u00edrito de sinodalidade, da Assembleia Eclesial e como servi\u00e7o \u00e0s jurisdi\u00e7\u00f5es eclesi\u00e1sticas da Amaz\u00f4nia.<\/p>\n<h3 style=\"text-align: justify;\">Ren\u00fancia do cardeal Cl\u00e1udio Hummes<\/h3>\n<p style=\"text-align: justify;\"><img decoding=\"async\" loading=\"lazy\" class=\"wp-image-866284 size-medium alignleft\" src=\"https:\/\/www.cnbb.org.br\/wp-content\/uploads\/2022\/03\/Dom-Claudio-Hummes-300x169.jpeg\" alt=\"\" width=\"300\" height=\"169\" srcset=\"https:\/\/www.cnbb.org.br\/wp-content\/uploads\/2022\/03\/Dom-Claudio-Hummes-300x169.jpeg 300w, https:\/\/www.cnbb.org.br\/wp-content\/uploads\/2022\/03\/Dom-Claudio-Hummes-500x281.jpeg 500w, https:\/\/www.cnbb.org.br\/wp-content\/uploads\/2022\/03\/Dom-Claudio-Hummes.jpeg 750w\" sizes=\"(max-width: 300px) 100vw, 300px\" \/>Em <a href=\"https:\/\/www.vaticannews.va\/pt\/igreja\/news\/2022-03\/dom-claudio-hummes-renunciou-presidencia-da-ceama.html\" target=\"_blank\" rel=\"noopener\">discurso de sauda\u00e7\u00e3o no in\u00edcio da Confer\u00eancia<\/a>, dia 26 de mar\u00e7o, o seu atual presidente, o cardeal Cl\u00e1udio Hummes, apresentou um pedido de ren\u00fancia ao cargo alegando quest\u00f5es ligadas \u00e0 sa\u00fade.<\/p>\n<p style=\"text-align: justify;\">&#8220;<i>Os gritos da realidade atual, os da sociedade e da Igreja, e tudo o que vos apresento como presidente da nossa CEAMA, convidam-nos a tecer uma estrat\u00e9gia de maior encarna\u00e7\u00e3o territorial que reforce os caminhos da Ceama. Isto implica um tempo e um esfor\u00e7o que, dadas as minhas atuais condi\u00e7\u00f5es de sa\u00fade, n\u00e3o estou em condi\u00e7\u00f5es de enfrentar, de modo a assegurar que o que vemos claramente no horizonte possa ser realizado com toda a for\u00e7a necess\u00e1ria&#8221;, justificou.\u00a0<\/i><\/p>\n<p style=\"text-align: justify;\">O cardeal Cl\u00e1udio escreveu uma carta ao Santo Padre comunicando sua decis\u00e3o. &#8220;Estou profundamente grato pela compreens\u00e3o do nosso amado Francisco, bem como de todos v\u00f3s, e deveis saber que continuarei inteiramente dispon\u00edvel, como a minha for\u00e7a permite, para servir e acompanhar no que for necess\u00e1rio neste projeto que nos d\u00e1 tanta esperan\u00e7a&#8221;, disse.<\/p>\n<h3 style=\"text-align: justify;\">Nova presid\u00eancia da CEAMA<\/h3>\n<p style=\"text-align: justify;\">Ap\u00f3s a ren\u00fancia de seu presidente, o arcebispo em\u00e9rito de S\u00e3o Paulo, cardeal Cl\u00e1udio Hummes, e dos demais membros da presid\u00eancia, ocorreu a elei\u00e7\u00e3o de novos dignit\u00e1rios da CEAMA.\u00a0\u00a0O arcebispo de Huancayo (Peru) e atual presidente da Rede Eclesial Pan-Amaz\u00f4nica &#8211; REPAM, cardeal Pedro Barreto, foi eleito presidente da Confer\u00eancia.<\/p>\n<p style=\"text-align: justify;\">O arcebispo de Manaus (AM), dom Leonardo Steiner, foi eleito como primeiro vice-presidente, e o coordenador do Centro de Redes e A\u00e7\u00e3o Pastoral do CELAM (Equador), Mauricio L\u00f3pez, como segundo vice-presidente. O bispo de Pando (Bol\u00edvia), dom Eugenio Coter, foi ratificado como representante dos bispos amaz\u00f4nicos na presid\u00eancia da CEAMA.<\/p>\n<p style=\"text-align: justify;\">O cardeal Pedro Barreto expressou sua gratid\u00e3o ao cardeal Claudio Hummes por seu trabalho, nos \u00faltimos anos, para consolidar a REPAM e a CEAMA. &#8220;A for\u00e7a do Esp\u00edrito Santo nos encoraja a continuar neste caminho, com uma estrat\u00e9gia de encarna\u00e7\u00e3o no territ\u00f3rio amaz\u00f4nico na complementaridade entre a CEAMA e a REPAM nesta tarefa. Que os povos origin\u00e1rios e as comunidades tradicionais da Amaz\u00f4nia se sintam parte da Igreja e na defesa da vida na Amaz\u00f4nia&#8221;.<\/p>\n<pre>Com informa\u00e7\u00f5es da CEAMA e Repam<\/pre>\n<p>&nbsp;<\/p>\n","protected":false},"excerpt":{"rendered":"<p>Em discurso no in\u00edcio da Confer\u00eancia, dia 26 de mar\u00e7o, o cardeal Cl\u00e1udio Hummes apresentou um pedido de ren\u00fancia \u00e0 presid\u00eancia alegando quest\u00f5es ligadas \u00e0 sa\u00fade. A assembleia elegeu a nova presid\u00eancia. O arcebispo de Manaus (AM), dom Leonardo Steiner, \u00e9 o primeiro vice-presidente da organiza\u00e7\u00e3o<\/p>\n","protected":false},"author":83,"featured_media":866283,"comment_status":"open","ping_status":"open","sticky":false,"template":"","format":"standard","meta":{"site-sidebar-layout":"default","site-content-layout":"default","ast-global-header-display":"","ast-banner-title-visibility":"","ast-main-header-display":"","ast-hfb-above-header-display":"","ast-hfb-below-header-display":"","ast-hfb-mobile-header-display":"","site-post-title":"","ast-breadcrumbs-content":"","ast-featured-img":"","footer-sml-layout":"","theme-transparent-header-meta":"default","adv-header-id-meta":"","stick-header-meta":"","header-above-stick-meta":"","header-main-stick-meta":"","header-below-stick-meta":""},"categories":[925,1294,50],"tags":[4370],"acf":[],"_links":{"self":[{"href":"https:\/\/www.cnbb.org.br\/cnbb-app\/wp\/v2\/posts\/866279"}],"collection":[{"href":"https:\/\/www.cnbb.org.br\/cnbb-app\/wp\/v2\/posts"}],"about":[{"href":"https:\/\/www.cnbb.org.br\/cnbb-app\/wp\/v2\/types\/post"}],"author":[{"embeddable":true,"href":"https:\/\/www.cnbb.org.br\/cnbb-app\/wp\/v2\/users\/83"}],"replies":[{"embeddable":true,"href":"https:\/\/www.cnbb.org.br\/cnbb-app\/wp\/v2\/comments?post=866279"}],"version-history":[{"count":0,"href":"https:\/\/www.cnbb.org.br\/cnbb-app\/wp\/v2\/posts\/866279\/revisions"}],"wp:featuredmedia":[{"embeddable":true,"href":"https:\/\/www.cnbb.org.br\/cnbb-app\/wp\/v2\/media\/866283"}],"wp:attachment":[{"href":"https:\/\/www.cnbb.org.br\/cnbb-app\/wp\/v2\/media?parent=866279"}],"wp:term":[{"taxonomy":"category","embeddable":true,"href":"https:\/\/www.cnbb.org.br\/cnbb-app\/wp\/v2\/categories?post=866279"},{"taxonomy":"post_tag","embeddable":true,"href":"https:\/\/www.cnbb.org.br\/cnbb-app\/wp\/v2\/tags?post=866279"}],"curies":[{"name":"wp","href":"https:\/\/api.w.org\/{rel}","templated":true}]}}