{"id":866454,"date":"2022-03-30T16:25:10","date_gmt":"2022-03-30T19:25:10","guid":{"rendered":"https:\/\/www.cnbb.org.br\/?p=866454"},"modified":"2022-03-30T16:30:54","modified_gmt":"2022-03-30T19:30:54","slug":"divulgado-o-cartaz-do-3o-ano-vocacional-do-brasil","status":"publish","type":"post","link":"https:\/\/www.cnbb.org.br\/divulgado-o-cartaz-do-3o-ano-vocacional-do-brasil\/","title":{"rendered":"&#8220;Voca\u00e7\u00e3o: gra\u00e7a e miss\u00e3o&#8221;; divulgado o cartaz do 3\u00ba Ano Vocacional do Brasil"},"content":{"rendered":"<p style=\"text-align: justify;\"><span data-contrast=\"auto\">Foi divulgado durante o <a href=\"https:\/\/www.cnbb.org.br\/servico-de-animacao-vocacional-pastoral-vocacional-realiza-encontro-nacional\/\">Encontro Nacional dos Coordenadores Regionais do Servi\u00e7o de Anima\u00e7\u00e3o Vocacional\/Pastoral Vocacional<\/a>, ocorrido nos dias 28 a 30 de mar\u00e7o, em Bras\u00edlia (DF), o cartaz do 3\u00ba Ano Vocacional do Brasil.<\/span><\/p>\n<p style=\"text-align: justify;\"><span data-ccp-props=\"{&quot;201341983&quot;:0,&quot;335551550&quot;:6,&quot;335551620&quot;:6,&quot;335559731&quot;:708,&quot;335559739&quot;:160,&quot;335559740&quot;:259}\"> <img decoding=\"async\" loading=\"lazy\" class=\"wp-image-866473 alignright\" src=\"https:\/\/www.cnbb.org.br\/wp-content\/uploads\/2022\/03\/WhatsApp-Image-2022-03-29-at-17.44.22.jpeg\" alt=\"\" width=\"296\" height=\"370\" srcset=\"https:\/\/www.cnbb.org.br\/wp-content\/uploads\/2022\/03\/WhatsApp-Image-2022-03-29-at-17.44.22.jpeg 1078w, https:\/\/www.cnbb.org.br\/wp-content\/uploads\/2022\/03\/WhatsApp-Image-2022-03-29-at-17.44.22-240x300.jpeg 240w, https:\/\/www.cnbb.org.br\/wp-content\/uploads\/2022\/03\/WhatsApp-Image-2022-03-29-at-17.44.22-819x1024.jpeg 819w, https:\/\/www.cnbb.org.br\/wp-content\/uploads\/2022\/03\/WhatsApp-Image-2022-03-29-at-17.44.22-768x960.jpeg 768w, https:\/\/www.cnbb.org.br\/wp-content\/uploads\/2022\/03\/WhatsApp-Image-2022-03-29-at-17.44.22-500x625.jpeg 500w\" sizes=\"(max-width: 296px) 100vw, 296px\" \/><\/span><\/p>\n<blockquote>\n<p style=\"text-align: justify;\"><span data-contrast=\"auto\">&#8220;Nele, recordaremos o tema e o lema que nos orientar\u00e3o, ao longo do pr\u00f3ximo ano, que comemorar\u00e1 os 40 anos do primeiro ano tem\u00e1tico dedicado \u00e0 reflex\u00e3o, ora\u00e7\u00e3o e promo\u00e7\u00e3o de todas as voca\u00e7\u00f5es no pa\u00eds&#8221;, afirmou o bispo referencial da Pastoral Vocacional, dom Jos\u00e9 Albuquerque de Ara\u00fajo.<\/span><span data-ccp-props=\"{&quot;201341983&quot;:0,&quot;335551550&quot;:6,&quot;335551620&quot;:6,&quot;335559731&quot;:708,&quot;335559739&quot;:160,&quot;335559740&quot;:259}\">\u00a0<\/span><\/p>\n<\/blockquote>\n<p style=\"text-align: justify;\"><span data-contrast=\"auto\">Dom Jos\u00e9 explica que na inspira\u00e7\u00e3o do autor, o padre Reinaldo Leit\u00e3o (rogacionista), recorda que todos s\u00e3o convidados a contemplar a voca\u00e7\u00e3o, como um dom e iniciativa divina, a partir da experi\u00eancia de encontro com o ressuscitado, na participa\u00e7\u00e3o da vida comunit\u00e1ria e em perspectiva mission\u00e1ria. <\/span><span data-ccp-props=\"{&quot;201341983&quot;:0,&quot;335551550&quot;:6,&quot;335551620&quot;:6,&quot;335559731&quot;:708,&quot;335559739&quot;:160,&quot;335559740&quot;:259}\">\u00a0<\/span><\/p>\n<p style=\"text-align: justify;\"><span data-contrast=\"auto\"><img decoding=\"async\" loading=\"lazy\" class=\"wp-image-866474 alignleft\" src=\"https:\/\/www.cnbb.org.br\/wp-content\/uploads\/2022\/03\/WhatsApp-Image-2022-03-29-at-17.39.10-1.jpeg\" alt=\"\" width=\"251\" height=\"359\" srcset=\"https:\/\/www.cnbb.org.br\/wp-content\/uploads\/2022\/03\/WhatsApp-Image-2022-03-29-at-17.39.10-1.jpeg 1118w, https:\/\/www.cnbb.org.br\/wp-content\/uploads\/2022\/03\/WhatsApp-Image-2022-03-29-at-17.39.10-1-210x300.jpeg 210w, https:\/\/www.cnbb.org.br\/wp-content\/uploads\/2022\/03\/WhatsApp-Image-2022-03-29-at-17.39.10-1-716x1024.jpeg 716w, https:\/\/www.cnbb.org.br\/wp-content\/uploads\/2022\/03\/WhatsApp-Image-2022-03-29-at-17.39.10-1-768x1099.jpeg 768w, https:\/\/www.cnbb.org.br\/wp-content\/uploads\/2022\/03\/WhatsApp-Image-2022-03-29-at-17.39.10-1-1073x1536.jpeg 1073w, https:\/\/www.cnbb.org.br\/wp-content\/uploads\/2022\/03\/WhatsApp-Image-2022-03-29-at-17.39.10-1-500x716.jpeg 500w\" sizes=\"(max-width: 251px) 100vw, 251px\" \/>Para ele, o lema \u201cCora\u00e7\u00f5es ardentes, p\u00e9s a caminho\u201d, a partir do relato dos disc\u00edpulos de Ema\u00fas (Lc 24,13-35), ajudar\u00e1 a renovar o ardor vocacional e a disponibilidade a sair em miss\u00e3o a partir da escuta da Palavra.<\/span><span data-ccp-props=\"{&quot;201341983&quot;:0,&quot;335551550&quot;:6,&quot;335551620&quot;:6,&quot;335559731&quot;:708,&quot;335559739&quot;:160,&quot;335559740&quot;:259}\">\u00a0<\/span><\/p>\n<blockquote>\n<p style=\"text-align: justify;\"><span data-contrast=\"auto\">&#8220;Fazemos votos que este instrumento de comunica\u00e7\u00e3o seja bastante divulgado em todas as comunidades e que nos irmane na tarefa, bela e desafiadora, de colaborar no caminho sinodal que estamos percorrendo&#8221;, completou dom Jos\u00e9.<\/span><span data-ccp-props=\"{&quot;201341983&quot;:0,&quot;335551550&quot;:6,&quot;335551620&quot;:6,&quot;335559731&quot;:708,&quot;335559739&quot;:160,&quot;335559740&quot;:259}\">\u00a0<\/span><\/p>\n<\/blockquote>\n<p style=\"text-align: justify;\">Em entrevista ao portal da CNBB, o padre Reinaldo Leit\u00e3o (na foto abaixo) agradeceu o convite e a confian\u00e7a do SAV-PV para ilustrar o tema e lema deste &#8220;t\u00e3o esperado e promotor 3\u00b0 ano vocacional&#8221;.<\/p>\n<p><img decoding=\"async\" loading=\"lazy\" class=\"wp-image-866469 alignright\" src=\"https:\/\/www.cnbb.org.br\/wp-content\/uploads\/2022\/03\/WhatsApp-Image-2022-03-30-at-06.52.41.jpeg\" alt=\"\" width=\"374\" height=\"280\" srcset=\"https:\/\/www.cnbb.org.br\/wp-content\/uploads\/2022\/03\/WhatsApp-Image-2022-03-30-at-06.52.41.jpeg 1280w, https:\/\/www.cnbb.org.br\/wp-content\/uploads\/2022\/03\/WhatsApp-Image-2022-03-30-at-06.52.41-300x225.jpeg 300w, https:\/\/www.cnbb.org.br\/wp-content\/uploads\/2022\/03\/WhatsApp-Image-2022-03-30-at-06.52.41-1024x766.jpeg 1024w, https:\/\/www.cnbb.org.br\/wp-content\/uploads\/2022\/03\/WhatsApp-Image-2022-03-30-at-06.52.41-768x575.jpeg 768w, https:\/\/www.cnbb.org.br\/wp-content\/uploads\/2022\/03\/WhatsApp-Image-2022-03-30-at-06.52.41-500x374.jpeg 500w, https:\/\/www.cnbb.org.br\/wp-content\/uploads\/2022\/03\/WhatsApp-Image-2022-03-30-at-06.52.41-800x600.jpeg 800w\" sizes=\"(max-width: 374px) 100vw, 374px\" \/><\/p>\n<blockquote><p>&#8220;Busquei tra\u00e7os simples e equil\u00edbrio de cores vibrantes para criar a identidade visual que representar\u00e1 as diversas a\u00e7\u00f5es realizadas neste grande mutir\u00e3o em prol de todas as voca\u00e7\u00f5es. Fico feliz em perceber a receptividade das pessoas e institui\u00e7\u00f5es frente a esta minha proposta visual. Desejo que este ano vocacional possibilite em todo pa\u00eds , um bel\u00edssimo florescimento de todas as voca\u00e7\u00f5es&#8221;, exortou padre Reinaldo.<\/p><\/blockquote>\n<p>O cartaz est\u00e1 dispon\u00edvel para venda no site da Edi\u00e7\u00f5es CNBB (<a href=\"https:\/\/www.edicoescnbb.com.br\/produto\/3-ano-vocacional-do-brasil-2022-2023-cartaz-71746\" target=\"_blank\" rel=\"noopener\">AQUI<\/a>).<\/p>\n<h3><strong>O Ano Vocacional 2023<\/strong><\/h3>\n<p style=\"text-align: justify;\">O terceiro Ano Vocacional da Igreja no Brasil dever\u00e1 ser celebrado de 20 de novembro de 2022 a 26 de novembro de 2023. A iniciativa comemora os 40 anos do primeiro ano tem\u00e1tico dedicado \u00e0 reflex\u00e3o, ora\u00e7\u00e3o e promo\u00e7\u00e3o das voca\u00e7\u00f5es no pa\u00eds. A proposta foi apresentada pela Comiss\u00e3o Episcopal Pastoral para os Minist\u00e9rios Ordenados e a Vida Consagrada da CNBB.<\/p>\n<p style=\"text-align: justify;\">Inspirado no Documento Final do S\u00ednodo dos Bispos sobre <strong>\u201c<\/strong><em><strong>Os jovens, a f\u00e9 e o discernimento vocacional\u201d<\/strong> o <\/em>tema do Ano Vocacional 2023 \u00e9 <strong>\u201cVoca\u00e7\u00e3o: Gra\u00e7a e Miss\u00e3o\u201d\u00a0<\/strong>e o lema\u00a0<strong>\u201cCora\u00e7\u00f5es ardentes, p\u00e9s a caminho\u201d (<em>cf. Lc 24, 32-33<\/em>).\u00a0<\/strong><\/p>\n<p style=\"text-align: justify;\">O tema\u00a0<strong>\u201cVoca\u00e7\u00e3o: Gra\u00e7a e Miss\u00e3o\u201d<\/strong>\u00a0se fundamenta na afirma\u00e7\u00e3o de que \u201ca voca\u00e7\u00e3o aparece realmente como um dom de gra\u00e7a e de alian\u00e7a, como o mais belo e precioso segredo de nossa liberdade\u201d, conforme o Documento Final de n\u00ba 78.<\/p>\n<p style=\"text-align: justify;\">J\u00e1 o texto b\u00edblico iluminador\u00a0<strong>\u201c<em>Jesus chamou e enviou os que ele mesmo quis<\/em>\u00a0(cf. Mc 3, 13-19)\u201d<\/strong>\u00a0ajuda a aprofundar que a origem, o centro e a meta de toda a voca\u00e7\u00e3o e miss\u00e3o \u00e9 a pessoa de Jesus Cristo.<\/p>\n<blockquote><p>\u201cEncarar o desafio de uma espiritualidade para o Ano Vocacional: \u201c<em>voca\u00e7\u00e3o<\/em>\u201d \u00e9 iniciativa de Deus, \u00e9 mist\u00e9rio, \u00e9 gra\u00e7a, \u00e9 experi\u00eancia de encontro com Jesus, \u00e9 fasc\u00ednio e alegria, \u00e9 assombro, \u00e9 sensibilidade ao apelo, \u00e9 inconformidade, \u00e9 resposta pessoal, \u00e9 envolvimento comunit\u00e1rio, \u00e9 miss\u00e3o, \u00e9 tarefa, \u00e9 servi\u00e7o, \u00e9 disposi\u00e7\u00e3o para o sacrif\u00edcio, \u00e9 entrega da vida, \u00e9 coragem e determina\u00e7\u00e3o, \u00e9 esperan\u00e7a e convic\u00e7\u00e3o firme, \u00e9 testemunho de f\u00e9: \u00e9 \u201cespiritualidade\u201d como a que moveu o pr\u00f3prio Jesus e marcou sua personalidade, imprimindo-lhe car\u00e1ter e identidade\u201d, disse a Comiss\u00e3o organizadora.<\/p><\/blockquote>\n<p style=\"text-align: justify;\">O lema<strong>\u00a0\u201cCora\u00e7\u00f5es ardentes, p\u00e9s a caminho\u201d (<em>cf. Lc 24, 32-33<\/em>)<\/strong>\u00a0fala do cora\u00e7\u00e3o e dos p\u00e9s. Recorda os disc\u00edpulos de Ema\u00fas. O cora\u00e7\u00e3o que arde ao escutar a Palavra do Ressuscitado e os p\u00e9s que se colocam a caminho para anunciar o encontro com o Cristo.<\/p>\n<blockquote>\n<p style=\"text-align: justify;\">\u201cDesejamos que o Ano Vocacional ajude cada pessoa a acolher o chamado de Jesus como gra\u00e7a, seja uma oportunidade para que mais e mais cora\u00e7\u00f5es ardam e que os p\u00e9s se ponham a caminho, em sa\u00edda mission\u00e1ria\u201d, finalizou a Comiss\u00e3o.<\/p>\n<\/blockquote>\n","protected":false},"excerpt":{"rendered":"<p>Foi divulgado durante o Encontro Nacional dos Coordenadores Regionais do Servi\u00e7o de Anima\u00e7\u00e3o Vocacional\/Pastoral Vocacional, ocorrido nos dias 28 a 30 de mar\u00e7o, em Bras\u00edlia (DF), o cartaz do 3\u00ba Ano Vocacional do Brasil. &#8220;Nele, recordaremos o tema e o lema que nos orientar\u00e3o, ao longo do pr\u00f3ximo ano, que comemorar\u00e1 os 40 anos do &hellip;<\/p>\n<p class=\"read-more\"> <a class=\"\" href=\"https:\/\/www.cnbb.org.br\/divulgado-o-cartaz-do-3o-ano-vocacional-do-brasil\/\"> <span class=\"screen-reader-text\">&#8220;Voca\u00e7\u00e3o: gra\u00e7a e miss\u00e3o&#8221;; divulgado o cartaz do 3\u00ba Ano Vocacional do Brasil<\/span> Leia mais &raquo;<\/a><\/p>\n","protected":false},"author":83,"featured_media":866502,"comment_status":"open","ping_status":"open","sticky":false,"template":"","format":"standard","meta":{"site-sidebar-layout":"default","site-content-layout":"default","ast-global-header-display":"","ast-banner-title-visibility":"","ast-main-header-display":"","ast-hfb-above-header-display":"","ast-hfb-below-header-display":"","ast-hfb-mobile-header-display":"","site-post-title":"","ast-breadcrumbs-content":"","ast-featured-img":"","footer-sml-layout":"","theme-transparent-header-meta":"default","adv-header-id-meta":"","stick-header-meta":"","header-above-stick-meta":"","header-main-stick-meta":"","header-below-stick-meta":""},"categories":[1840,838],"tags":[3708,2096,2810],"acf":[],"_links":{"self":[{"href":"https:\/\/www.cnbb.org.br\/cnbb-app\/wp\/v2\/posts\/866454"}],"collection":[{"href":"https:\/\/www.cnbb.org.br\/cnbb-app\/wp\/v2\/posts"}],"about":[{"href":"https:\/\/www.cnbb.org.br\/cnbb-app\/wp\/v2\/types\/post"}],"author":[{"embeddable":true,"href":"https:\/\/www.cnbb.org.br\/cnbb-app\/wp\/v2\/users\/83"}],"replies":[{"embeddable":true,"href":"https:\/\/www.cnbb.org.br\/cnbb-app\/wp\/v2\/comments?post=866454"}],"version-history":[{"count":0,"href":"https:\/\/www.cnbb.org.br\/cnbb-app\/wp\/v2\/posts\/866454\/revisions"}],"wp:featuredmedia":[{"embeddable":true,"href":"https:\/\/www.cnbb.org.br\/cnbb-app\/wp\/v2\/media\/866502"}],"wp:attachment":[{"href":"https:\/\/www.cnbb.org.br\/cnbb-app\/wp\/v2\/media?parent=866454"}],"wp:term":[{"taxonomy":"category","embeddable":true,"href":"https:\/\/www.cnbb.org.br\/cnbb-app\/wp\/v2\/categories?post=866454"},{"taxonomy":"post_tag","embeddable":true,"href":"https:\/\/www.cnbb.org.br\/cnbb-app\/wp\/v2\/tags?post=866454"}],"curies":[{"name":"wp","href":"https:\/\/api.w.org\/{rel}","templated":true}]}}