{"id":866611,"date":"2022-04-01T12:00:17","date_gmt":"2022-04-01T15:00:17","guid":{"rendered":"https:\/\/www.cnbb.org.br\/?p=866611"},"modified":"2022-04-01T12:00:42","modified_gmt":"2022-04-01T15:00:42","slug":"a-intercessao-ao-imaculado-coracao-de-maria-junto-a-jesus-pela-paz","status":"publish","type":"post","link":"https:\/\/www.cnbb.org.br\/a-intercessao-ao-imaculado-coracao-de-maria-junto-a-jesus-pela-paz\/","title":{"rendered":"A intercess\u00e3o ao Imaculado Cora\u00e7\u00e3o de Maria junto a Jesus pela paz"},"content":{"rendered":"<p style=\"text-align: right;\"><strong>Dom Vital Corbellini<br \/>\nBispo de Marab\u00e1 (PA)\u00a0<\/strong><\/p>\n<p>&nbsp;<\/p>\n<p style=\"text-align: justify;\"><span data-contrast=\"auto\">O Papa Francisco convocou a todo o mundo crist\u00e3o, cat\u00f3lico e pessoas de boa vontade, para uma jornada de ora\u00e7\u00e3o pela paz, fazendo uma consagra\u00e7\u00e3o ao Imaculado Cora\u00e7\u00e3o de Maria, na celebra\u00e7\u00e3o penitencial realizada na Bas\u00edlica de S\u00e3o Pedro, dia 25 de mar\u00e7o de 2022, festa da Anuncia\u00e7\u00e3o do Senhor. Ressoa ainda em nossos ouvidos a expressiva ora\u00e7\u00e3o feita pelo Papa Francisco diante de uma imagem de Nossa Senhora, e tamb\u00e9m para que n\u00f3s a rez\u00e1ssemos nas missas nas catedrais, ou mesmo nas comunidades eclesiais mission\u00e1rias. \u00c9 fundamental fazer uma analise para perceber a import\u00e2ncia da ora\u00e7\u00e3o que brota do ser humano a Deus Uno e Trino, por interm\u00e9dio do Imaculado Cora\u00e7\u00e3o de Maria.\u00a0<\/span><span data-ccp-props=\"{&quot;201341983&quot;:0,&quot;335551550&quot;:6,&quot;335551620&quot;:6,&quot;335559739&quot;:200,&quot;335559740&quot;:276}\">\u00a0<\/span><\/p>\n<p style=\"text-align: justify;\"><span data-contrast=\"auto\">A recorr\u00eancia a Maria.<\/span><span data-ccp-props=\"{&quot;201341983&quot;:0,&quot;335551550&quot;:6,&quot;335551620&quot;:6,&quot;335559739&quot;:200,&quot;335559740&quot;:276}\">\u00a0<\/span><\/p>\n<p style=\"text-align: justify;\"><span data-contrast=\"auto\">A ora\u00e7\u00e3o inicia invocando \u00e0 Maria, M\u00e3e de Deus num ato de recorr\u00eancia a ela porque a humanidade est\u00e1 passando um tempo de tribula\u00e7\u00e3o. A tribula\u00e7\u00e3o vem do latim <\/span><i><span data-contrast=\"auto\">tribulare<\/span><\/i><span data-contrast=\"auto\">, cujo significado \u00e9 oprimir, marcado por sofrimentos<\/span><span data-contrast=\"auto\">1<\/span><span data-contrast=\"auto\">. \u00c9 um tempo de tormentos f\u00edsicos, morais porque n\u00f3s vemos o povo ucraniano sendo massacrado, com armas, m\u00edsseis, e milh\u00f5es de pessoas fogem da guerra para se abrigar em outros pa\u00edses. A ora\u00e7\u00e3o coloca a import\u00e2ncia de que Maria conhece os seus fi\u00e9is de modo que nada lhes \u00e9 oculto. Ela nos guia para Jesus, o Pr\u00edncipe da Paz.\u00a0<\/span><span data-ccp-props=\"{&quot;201341983&quot;:0,&quot;335551550&quot;:6,&quot;335551620&quot;:6,&quot;335559739&quot;:200,&quot;335559740&quot;:276}\">\u00a0<\/span><\/p>\n<p style=\"text-align: justify;\"><span data-contrast=\"auto\">A perda da paz.<\/span><span data-ccp-props=\"{&quot;201341983&quot;:0,&quot;335551550&quot;:6,&quot;335551620&quot;:6,&quot;335559739&quot;:200,&quot;335559740&quot;:276}\">\u00a0<\/span><\/p>\n<p style=\"text-align: justify;\"><span data-contrast=\"auto\">O caminho da paz est\u00e1 sendo perdido, pela parte humana. A ora\u00e7\u00e3o faz uma lembran\u00e7a das trag\u00e9dias do s\u00e9culo passado, onde ocorreu o sacrif\u00edcio de milh\u00f5es de mortos nas duas grandes guerras mundiais e \u00e9 claro outras guerras ocorridas pelo mundo afora. Ap\u00f3s as guerras, ou ao longo das mesmas houve sempre tratativas de paz, de reconstru\u00e7\u00e3o da vida humana. A ora\u00e7\u00e3o diz que n\u00f3s descuidamos dos compromissos assumidos pelos povos em detrimento das esperan\u00e7as dos jovens. Os seres humanos fecharam-se em interesses nacionalistas, a indiferen\u00e7a reinou entre as pessoas e os povos.\u00a0<\/span><span data-ccp-props=\"{&quot;201341983&quot;:0,&quot;335551550&quot;:6,&quot;335551620&quot;:6,&quot;335559739&quot;:200,&quot;335559740&quot;:276}\">\u00a0<\/span><\/p>\n<p style=\"text-align: justify;\"><span data-contrast=\"auto\">Ignorar Deus.<\/span><span data-ccp-props=\"{&quot;201341983&quot;:0,&quot;335551550&quot;:6,&quot;335551620&quot;:6,&quot;335559739&quot;:200,&quot;335559740&quot;:276}\">\u00a0<\/span><\/p>\n<p style=\"text-align: justify;\"><span data-contrast=\"auto\">As guerras trouxeram como ponto aterrador da ignor\u00e2ncia a Deus. Ele, sendo Criador de tudo, no entanto, as pessoas recorreram a uma vida independente do Senhor. Por isso a conviv\u00eancia com a falsidade foi um dado vivo entre os povos, as agressividades foram alimentadas, as vidas foram suprimidas, as armas foram acumuladas. Ser\u00e1 preciso retomar novamente o caminho que leva a Deus e \u00e0 paz na humanidade de modo que tudo \u00e9 poss\u00edvel por Maria, a M\u00e3e do Filho de Deus.\u00a0<\/span><span data-ccp-props=\"{&quot;201341983&quot;:0,&quot;335551550&quot;:6,&quot;335551620&quot;:6,&quot;335559739&quot;:200,&quot;335559740&quot;:276}\">\u00a0<\/span><\/p>\n<p style=\"text-align: justify;\"><span data-contrast=\"auto\">Guardi\u00f5es do pr\u00f3ximo e da casa comum.<\/span><span data-ccp-props=\"{&quot;201341983&quot;:0,&quot;335551550&quot;:6,&quot;335551620&quot;:6,&quot;335559739&quot;:200,&quot;335559740&quot;:276}\">\u00a0<\/span><\/p>\n<p style=\"text-align: justify;\"><span data-contrast=\"auto\">A ora\u00e7\u00e3o coloca tamb\u00e9m que esquecemos que cada ser humano \u00e9 guardi\u00e3o do pr\u00f3ximo. E quem \u00e9 o meu pr\u00f3ximo? \u2018\u00c9 todo aquele que de mim precisar\u2019, diz o canto. O pr\u00f3ximo \u00e9 a pessoa que est\u00e1 ao nosso lado e necessita de ajuda, de consolo. O samaritano ajudou a pessoa necessitada (Lc 10, 29-37). O ser humano \u00e9 tamb\u00e9m guardi\u00e3o da casa comum. O Papa Francisco disse que o ser humano \u00e9 o guarda da cria\u00e7\u00e3o, de modo que nenhuma criatura, seguindo os bispos do Canad\u00e1, fica fora da manifesta\u00e7\u00e3o de Deus, tratando-se duma continua revela\u00e7\u00e3o do divino<\/span><span data-contrast=\"auto\">2<\/span><span data-contrast=\"auto\">. O Papa Francisco tamb\u00e9m fala da Eucaristia que une o c\u00e9u e a terra, abra\u00e7ando e penetrando a cria\u00e7\u00e3o. Assim a eucaristia \u00e9 tamb\u00e9m fonte de luz, na vis\u00e3o do Papa Francisco e motiva\u00e7\u00e3o para as preocupa\u00e7\u00f5es humanas pelo meio ambiente e leva as pessoas a ser guardi\u00f5es da cria\u00e7\u00e3o inteira<\/span><span data-contrast=\"auto\">3<\/span><span data-contrast=\"auto\">. Com a guerra, o ser humano feriu com o pecado, o cora\u00e7\u00e3o de Deus Pai, que deseja a todos uma vida de irm\u00e3os e de irm\u00e3s.\u00a0<\/span><span data-ccp-props=\"{&quot;201341983&quot;:0,&quot;335551550&quot;:6,&quot;335551620&quot;:6,&quot;335559739&quot;:200,&quot;335559740&quot;:276}\">\u00a0<\/span><\/p>\n<p style=\"text-align: justify;\"><span data-contrast=\"auto\">Um pedido pela convers\u00e3o.<\/span><span data-ccp-props=\"{&quot;201341983&quot;:0,&quot;335551550&quot;:6,&quot;335551620&quot;:6,&quot;335559739&quot;:200,&quot;335559740&quot;:276}\">\u00a0<\/span><\/p>\n<p style=\"text-align: justify;\"><span data-contrast=\"auto\">A recorr\u00eancia ao Imaculado Cora\u00e7\u00e3o de Maria \u00e9 dada em vista da convers\u00e3o. O tempo de Quaresma aponta \u00e0 convers\u00e3o de vida, para voltar a Deus, ao pr\u00f3ximo como a si mesmo. O fato \u00e9 que Maria n\u00e3o se cansa de fazer visitas ao seu povo. Nesse momento de prova recorre-se a Maria de modo que ela n\u00e3o despreze as s\u00faplicas dos fi\u00e9is e ela venha no aux\u00edlio humano. Uma alus\u00e3o \u00e9 feita a Maria dada em Can\u00e1 da Galileia quando ela apressou a hora da interven\u00e7\u00e3o de Jesus, introduzindo no mundo o seu primeiro sinal ou milagre. Ela disse claramente a Jesus, que eles n\u00e3o tinham mais vinho (Jo 2,3). Da mesma forma no momento atual o povo pede para que ela repita mais uma vez a Deus, porque hoje \u00e9 esgotado o vinho da esperan\u00e7a, a alegria \u00e9 desvanida, a fraternidade \u00e9 dilu\u00edda. Como o ser humano tornou-se capaz de toda a viol\u00eancia e destrui\u00e7\u00e3o, h\u00e1 a necessidade urgente da interven\u00e7\u00e3o materna de Maria junto ao seu Filho e a toda a humanidade.\u00a0<\/span><span data-ccp-props=\"{&quot;201341983&quot;:0,&quot;335551550&quot;:6,&quot;335551620&quot;:6,&quot;335559739&quot;:200,&quot;335559740&quot;:276}\">\u00a0<\/span><\/p>\n<p style=\"text-align: justify;\"><span data-contrast=\"auto\">A s\u00faplica feita.<\/span><span data-ccp-props=\"{&quot;201341983&quot;:0,&quot;335551550&quot;:6,&quot;335551620&quot;:6,&quot;335559739&quot;:200,&quot;335559740&quot;:276}\">\u00a0<\/span><\/p>\n<p style=\"text-align: justify;\"><span data-contrast=\"auto\">A pessoa humana pede que Maria acolha a s\u00faplica que vem do cora\u00e7\u00e3o humano. Ela \u00e9 estrela do mar, para que a vida n\u00e3o naufrague na tempestade da guerra. Ela sendo arca da nova alian\u00e7a, inspira projetos e caminhos que possibilitem a reconcilia\u00e7\u00e3o. Ela sendo a terra do c\u00e9u, traga de volta ao mundo a conc\u00f3rdia de Deus. O pedido dirigido a ela \u00e9 que apague o \u00f3dio, acalma-se a vingan\u00e7a, haja o ensino do perd\u00e3o. A humanidade esteja livre da guerra, e o mundo seja preservado da amea\u00e7a nuclear. Ela como rainha da paz, alcance a paz para o mundo inteiro, junto ao seu Filho Jesus Cristo.<\/span><span data-ccp-props=\"{&quot;201341983&quot;:0,&quot;335551550&quot;:6,&quot;335551620&quot;:6,&quot;335559739&quot;:200,&quot;335559740&quot;:276}\">\u00a0<\/span><\/p>\n<p style=\"text-align: justify;\"><span data-contrast=\"auto\">Consagra\u00e7\u00e3o ao Imaculado Cora\u00e7\u00e3o.<\/span><span data-ccp-props=\"{&quot;201341983&quot;:0,&quot;335551550&quot;:6,&quot;335551620&quot;:6,&quot;335559739&quot;:200,&quot;335559740&quot;:276}\">\u00a0<\/span><\/p>\n<p style=\"text-align: justify;\"><span data-contrast=\"auto\">Na parte final da ora\u00e7\u00e3o t\u00e3o bonita recorre-se a Maria M\u00e3e de Deus em vista da consagra\u00e7\u00e3o ao Imaculado Cora\u00e7\u00e3o, para cada pessoa humana, a Igreja, e a humanidade inteira, de uma forma especial a R\u00fassia e a Ucr\u00e2nia. \u00c9 um ato realizado com confian\u00e7a e amor, para que cesse a guerra e se providencie ao mundo a paz. Ela disse sim ao plano de salva\u00e7\u00e3o do Senhor, de modo que ela abriu as portas ao Pr\u00edncipe da Paz, Jesus Cristo para vir a este mundo. Desta forma \u00e9 dada a confian\u00e7a em Maria, por meio do seu Imaculado Cora\u00e7\u00e3o, e assim venha \u00e0 paz.\u00a0<\/span><span data-ccp-props=\"{&quot;201341983&quot;:0,&quot;335551550&quot;:6,&quot;335551620&quot;:6,&quot;335559739&quot;:200,&quot;335559740&quot;:276}\">\u00a0<\/span><\/p>\n<p style=\"text-align: justify;\"><span data-contrast=\"auto\">A ora\u00e7\u00e3o que o Papa Francisco colocou \u00e0 humanidade, sobretudo os crist\u00e3os, o mundo cat\u00f3lico \u00e9 a consagra\u00e7\u00e3o dos dois pa\u00edses do Leste Europeu, R\u00fassia e Ucr\u00e2nia ao Imaculado Cora\u00e7\u00e3o de Maria em vista da paz e do amor entre estes dois povos. As comunidades e as pessoas rezaram com f\u00e9 e com amor diante de uma imagem de nossa Senhora em vista da paz. O povo rezou ao Senhor por interm\u00e9dio do Imaculado Cora\u00e7\u00e3o de Maria, a paz entre n\u00f3s e no mundo inteiro.\u00a0<\/span><span data-ccp-props=\"{&quot;201341983&quot;:0,&quot;335551550&quot;:6,&quot;335551620&quot;:6,&quot;335559739&quot;:200,&quot;335559740&quot;:276}\">\u00a0<\/span><\/p>\n","protected":false},"excerpt":{"rendered":"<p>Dom Vital Corbellini Bispo de Marab\u00e1 (PA)\u00a0 &nbsp; O Papa Francisco convocou a todo o mundo crist\u00e3o, cat\u00f3lico e pessoas de boa vontade, para uma jornada de ora\u00e7\u00e3o pela paz, fazendo uma consagra\u00e7\u00e3o ao Imaculado Cora\u00e7\u00e3o de Maria, na celebra\u00e7\u00e3o penitencial realizada na Bas\u00edlica de S\u00e3o Pedro, dia 25 de mar\u00e7o de 2022, festa da &hellip;<\/p>\n<p class=\"read-more\"> <a class=\"\" href=\"https:\/\/www.cnbb.org.br\/a-intercessao-ao-imaculado-coracao-de-maria-junto-a-jesus-pela-paz\/\"> <span class=\"screen-reader-text\">A intercess\u00e3o ao Imaculado Cora\u00e7\u00e3o de Maria junto a Jesus pela paz<\/span> Leia mais &raquo;<\/a><\/p>\n","protected":false},"author":16,"featured_media":0,"comment_status":"open","ping_status":"open","sticky":false,"template":"","format":"standard","meta":{"site-sidebar-layout":"default","site-content-layout":"default","ast-global-header-display":"","ast-banner-title-visibility":"","ast-main-header-display":"","ast-hfb-above-header-display":"","ast-hfb-below-header-display":"","ast-hfb-mobile-header-display":"","site-post-title":"","ast-breadcrumbs-content":"","ast-featured-img":"","footer-sml-layout":"","theme-transparent-header-meta":"default","adv-header-id-meta":"","stick-header-meta":"","header-above-stick-meta":"","header-main-stick-meta":"","header-below-stick-meta":""},"categories":[758],"tags":[],"acf":[],"_links":{"self":[{"href":"https:\/\/www.cnbb.org.br\/cnbb-app\/wp\/v2\/posts\/866611"}],"collection":[{"href":"https:\/\/www.cnbb.org.br\/cnbb-app\/wp\/v2\/posts"}],"about":[{"href":"https:\/\/www.cnbb.org.br\/cnbb-app\/wp\/v2\/types\/post"}],"author":[{"embeddable":true,"href":"https:\/\/www.cnbb.org.br\/cnbb-app\/wp\/v2\/users\/16"}],"replies":[{"embeddable":true,"href":"https:\/\/www.cnbb.org.br\/cnbb-app\/wp\/v2\/comments?post=866611"}],"version-history":[{"count":0,"href":"https:\/\/www.cnbb.org.br\/cnbb-app\/wp\/v2\/posts\/866611\/revisions"}],"wp:attachment":[{"href":"https:\/\/www.cnbb.org.br\/cnbb-app\/wp\/v2\/media?parent=866611"}],"wp:term":[{"taxonomy":"category","embeddable":true,"href":"https:\/\/www.cnbb.org.br\/cnbb-app\/wp\/v2\/categories?post=866611"},{"taxonomy":"post_tag","embeddable":true,"href":"https:\/\/www.cnbb.org.br\/cnbb-app\/wp\/v2\/tags?post=866611"}],"curies":[{"name":"wp","href":"https:\/\/api.w.org\/{rel}","templated":true}]}}