{"id":8667,"date":"2018-01-18T00:00:00","date_gmt":"2018-01-18T02:00:00","guid":{"rendered":"https:\/\/www.cnbb.org.br\/sao-sebastiao\/"},"modified":"2018-01-18T00:00:00","modified_gmt":"2018-01-18T02:00:00","slug":"sao-sebastiao","status":"publish","type":"post","link":"https:\/\/www.cnbb.org.br\/sao-sebastiao\/","title":{"rendered":"S\u00e3o Sebasti\u00e3o"},"content":{"rendered":"<p style=\"text-align: right\"><strong>Dom Fernando Ar\u00eaas Rifan<\/strong><br \/>\n<strong>Bispo da Administra\u00e7\u00e3o Apost\u00f3lica Pessoal S\u00e3o Jo\u00e3o Maria Vianney<\/strong><\/p>\n<p style=\"text-align: justify\">\n<p style=\"text-align: justify\">No pr\u00f3ximo dia 20, celebraremos a solenidade do glorioso m\u00e1rtir S\u00e3o Sebasti\u00e3o, padroeiro da Cidade maravilhosa e do nosso Estado do Rio de Janeiro.<\/p>\n<p style=\"text-align: justify\">Segundo nos explica Dom Orani Jo\u00e3o Tempesta, Cardeal Arcebispo de S\u00e3o Sebasti\u00e3o do Rio de Janeiro, ele nasceu em Narbona, uma cidade ao Sul da Fran\u00e7a, no s\u00e9culo III.\u00a0Era filho de uma fam\u00edlia ilustre. Ficou \u00f3rf\u00e3o do pai ainda menino, e ent\u00e3o, foi levado para Mil\u00e3o por sua m\u00e3e, onde passou os primeiros anos da inf\u00e2ncia e juventude.<\/p>\n<p style=\"text-align: justify\">A m\u00e3e educou-o com esmero e muito zelo. Ele ingressou no ex\u00e9rcito imperial, e, por sua cultura e grande capacidade atingiu os mais altos graus da hierarquia militar, chegando a ocupar o posto de Comandante do Primeiro Tribunal da Guarda Pretoriana durante o reinado de Diocleciano, um dos mais severos imperadores romanos, perseguidor dos crist\u00e3os.<\/p>\n<p style=\"text-align: justify\">Foi denunciado ao Imperador como sendo crist\u00e3o. Mesmo sendo um bom soldado romano, suas atitudes demonstravam sua f\u00e9 crist\u00e3, e, diante de todos, confessou bravamente sua convic\u00e7\u00e3o. Foi acusado, ent\u00e3o, de trai\u00e7\u00e3o. Na \u00e9poca, o imperador tinha abolido os direitos civis dos crist\u00e3os. Por n\u00e3o aceitar renunciar a Cristo, S\u00e3o Sebasti\u00e3o foi condenado \u00e0 morte, sendo amarrado a um tronco de \u00e1rvore e flechado. Por\u00e9m, n\u00e3o morreu ali. Foi encontrado vivo por uma mulher crist\u00e3 piedosa que tinha vindo buscar o seu corpo. Diante do ocorrido, recuperada a sa\u00fade, apresentou-se diante do Imperador e reafirmou sua convic\u00e7\u00e3o crist\u00e3. E nova senten\u00e7a de morte veio sobre ele: foi\u00a0condenado ao mart\u00edrio no Circo. Sebasti\u00e3o foi executado, ent\u00e3o, com pauladas e boladas de chumbo, sendo a\u00e7oitado at\u00e9 a morte e jogado nos esgotos perto do Arco de Constantino. Era 20 de janeiro.<\/p>\n<p style=\"text-align: justify\">Seu corpo foi resgatado e levado para as catacumbas romanas com grande honra e piedade. Sua fama se espalhou rapidamente. Suas rel\u00edquias repousam sobre a Bas\u00edlica de S\u00e3o Sebasti\u00e3o, na <em>via Apia<\/em>, em Roma. O Papa Caio escolheu-o como defensor da Igreja e da f\u00e9.<\/p>\n<p style=\"text-align: justify\">Nesses tempos de grande nega\u00e7\u00e3o da f\u00e9 e de valores espirituais e religiosos, humanos e sociais, S\u00e3o Sebasti\u00e3o torna-se um grande modelo de ajuda para n\u00f3s hoje, principalmente aos jovens, envoltos em grande confus\u00e3o moral e espiritual. Ele \u00e9 um sinal de fidelidade a Cristo mesmo com as press\u00f5es contr\u00e1rias. Dessa forma, ele continua anunciando Jesus Cristo, por quem viveu, at\u00e9 os dias de hoje. Ele nos ensina a n\u00e3o desanimarmos com as flechadas que recebemos e a continuarmos firmes na f\u00e9.<\/p>\n<p style=\"text-align: justify\">Um m\u00e1rtir n\u00e3o deve ser um estranho para n\u00f3s. Ainda em pleno s\u00e9culo XXI encontramos irm\u00e3os e irm\u00e3s nossas que s\u00e3o mortos em tantos pa\u00edses, outros t\u00eam ainda seus direitos civis cassados por serem crist\u00e3os, outros s\u00e3o condenados \u00e0 pris\u00e3o ou \u00e0 morte por aderirem ao Cristianismo, e ainda s\u00e3o expulsos de suas cidades e suas igrejas queimadas. Al\u00e9m disso, muitos s\u00e3o martirizados em sua fama, em sua honra e tantas outras maneiras modernas de \u201cmatar\u201d pessoas por causa da f\u00e9 ou de suas convic\u00e7\u00f5es crist\u00e3s.<\/p>\n<p style=\"text-align: justify\">\n<p>&nbsp;<\/p>\n","protected":false},"excerpt":{"rendered":"<p>Dom Fernando Ar\u00eaas Rifan Bispo da Administra\u00e7\u00e3o Apost\u00f3lica Pessoal S\u00e3o Jo\u00e3o Maria Vianney No pr\u00f3ximo dia 20, celebraremos a solenidade do glorioso m\u00e1rtir S\u00e3o Sebasti\u00e3o, padroeiro da Cidade maravilhosa e do nosso Estado do Rio de Janeiro. Segundo nos explica Dom Orani Jo\u00e3o Tempesta, Cardeal Arcebispo de S\u00e3o Sebasti\u00e3o do Rio de Janeiro, ele nasceu &hellip;<\/p>\n<p class=\"read-more\"> <a class=\"\" href=\"https:\/\/www.cnbb.org.br\/sao-sebastiao\/\"> <span class=\"screen-reader-text\">S\u00e3o Sebasti\u00e3o<\/span> Leia mais &raquo;<\/a><\/p>\n","protected":false},"author":29,"featured_media":0,"comment_status":"closed","ping_status":"open","sticky":false,"template":"","format":"standard","meta":{"site-sidebar-layout":"default","site-content-layout":"default","ast-global-header-display":"","ast-banner-title-visibility":"","ast-main-header-display":"","ast-hfb-above-header-display":"","ast-hfb-below-header-display":"","ast-hfb-mobile-header-display":"","site-post-title":"","ast-breadcrumbs-content":"","ast-featured-img":"","footer-sml-layout":"","theme-transparent-header-meta":"","adv-header-id-meta":"","stick-header-meta":"","header-above-stick-meta":"","header-main-stick-meta":"","header-below-stick-meta":""},"categories":[758],"tags":[],"acf":[],"_links":{"self":[{"href":"https:\/\/www.cnbb.org.br\/cnbb-app\/wp\/v2\/posts\/8667"}],"collection":[{"href":"https:\/\/www.cnbb.org.br\/cnbb-app\/wp\/v2\/posts"}],"about":[{"href":"https:\/\/www.cnbb.org.br\/cnbb-app\/wp\/v2\/types\/post"}],"author":[{"embeddable":true,"href":"https:\/\/www.cnbb.org.br\/cnbb-app\/wp\/v2\/users\/29"}],"replies":[{"embeddable":true,"href":"https:\/\/www.cnbb.org.br\/cnbb-app\/wp\/v2\/comments?post=8667"}],"version-history":[{"count":0,"href":"https:\/\/www.cnbb.org.br\/cnbb-app\/wp\/v2\/posts\/8667\/revisions"}],"wp:attachment":[{"href":"https:\/\/www.cnbb.org.br\/cnbb-app\/wp\/v2\/media?parent=8667"}],"wp:term":[{"taxonomy":"category","embeddable":true,"href":"https:\/\/www.cnbb.org.br\/cnbb-app\/wp\/v2\/categories?post=8667"},{"taxonomy":"post_tag","embeddable":true,"href":"https:\/\/www.cnbb.org.br\/cnbb-app\/wp\/v2\/tags?post=8667"}],"curies":[{"name":"wp","href":"https:\/\/api.w.org\/{rel}","templated":true}]}}