{"id":866994,"date":"2022-04-07T10:13:30","date_gmt":"2022-04-07T13:13:30","guid":{"rendered":"https:\/\/www.cnbb.org.br\/?p=866994"},"modified":"2022-04-07T13:00:43","modified_gmt":"2022-04-07T16:00:43","slug":"contribuicao-na-reflexao-missiologica-live-mulheres-na-missao","status":"publish","type":"post","link":"https:\/\/www.cnbb.org.br\/contribuicao-na-reflexao-missiologica-live-mulheres-na-missao\/","title":{"rendered":"\u201cContribui\u00e7\u00e3o na reflex\u00e3o missiol\u00f3gica\u201d \u00e9 tema da live \u201cMulheres na Miss\u00e3o\u201d, desta sexta-feira, (8)"},"content":{"rendered":"<p style=\"text-align: justify;\">A Comiss\u00e3o Episcopal Pastoral para Anima\u00e7\u00e3o Mission\u00e1ria e Coopera\u00e7\u00e3o Intereclesial da Confer\u00eancia Nacional dos Bispos do Brasil (CNBB) realiza, nesta sexta-feira, 8 de abril, \u00e0s 15h, mais uma edi\u00e7\u00e3o da s\u00e9rie de lives <strong><em>\u201cMulheres na Miss\u00e3o\u201d<\/em><\/strong>, que ter\u00e1 como tema:<strong> \u201cContribui\u00e7\u00e3o na reflex\u00e3o missiol\u00f3gica\u201d<\/strong>.<\/p>\n<p style=\"text-align: justify;\"><img decoding=\"async\" loading=\"lazy\" class=\"wp-image-867011 alignleft\" src=\"https:\/\/www.cnbb.org.br\/wp-content\/uploads\/2022\/04\/Mulheres-na-Missao-Live-abril1.jpeg\" alt=\"\" width=\"394\" height=\"394\" srcset=\"https:\/\/www.cnbb.org.br\/wp-content\/uploads\/2022\/04\/Mulheres-na-Missao-Live-abril1.jpeg 1081w, https:\/\/www.cnbb.org.br\/wp-content\/uploads\/2022\/04\/Mulheres-na-Missao-Live-abril1-300x300.jpeg 300w, https:\/\/www.cnbb.org.br\/wp-content\/uploads\/2022\/04\/Mulheres-na-Missao-Live-abril1-1024x1024.jpeg 1024w, https:\/\/www.cnbb.org.br\/wp-content\/uploads\/2022\/04\/Mulheres-na-Missao-Live-abril1-150x150.jpeg 150w, https:\/\/www.cnbb.org.br\/wp-content\/uploads\/2022\/04\/Mulheres-na-Missao-Live-abril1-768x767.jpeg 768w, https:\/\/www.cnbb.org.br\/wp-content\/uploads\/2022\/04\/Mulheres-na-Missao-Live-abril1-800x800.jpeg 800w, https:\/\/www.cnbb.org.br\/wp-content\/uploads\/2022\/04\/Mulheres-na-Missao-Live-abril1-500x500.jpeg 500w\" sizes=\"(max-width: 394px) 100vw, 394px\" \/>Para este bate papo, a assessora da comiss\u00e3o, irm\u00e3 Sandra Regina Amado e a assessora de comunica\u00e7\u00e3o do Regional Sul 3 da CNBB e integrante da coordena\u00e7\u00e3o do Conselho Mission\u00e1rio Regional, Vict\u00f3ria Holzbach, v\u00e3o conversar com a irm\u00e3 Ana Claudia Melo da Silva, da Congrega\u00e7\u00e3o das Pequenas Mission\u00e1rias de Maria Imaculada sobre a participa\u00e7\u00e3o dela no curso de p\u00f3s gradua\u00e7\u00e3o em missiologia.<\/p>\n<p style=\"text-align: justify;\">A irm\u00e3 tamb\u00e9m falar\u00e1 sobre trabalho pr\u00e1tico e acad\u00eamico que ela fez dando uma t\u00f4nica na reflex\u00e3o e experi\u00eancia feminina da miss\u00e3o e a teologia da miss\u00e3o atrav\u00e9s da mat\u00e9ria de missiologia.<\/p>\n<p style=\"text-align: justify;\">De acordo com a assessora da comiss\u00e3o, irm\u00e3 Sandra Amado, a conversa ser\u00e1 uma oportunidade de partilha sobre a contribui\u00e7\u00e3o da reflex\u00e3o da mulher na evangeliza\u00e7\u00e3o e miss\u00e3o enriquecendo a pr\u00e1tica mission\u00e1ria da Igreja do Brasil e do mundo. &#8220;Assim, gostar\u00edamos de incentivar o estudo a todas as mulheres que est\u00e3o na vanguarda da miss\u00e3o em todos as inst\u00e2ncias da vida mission\u00e1ria da Igreja&#8221;, disse.<\/p>\n<p style=\"text-align: justify;\">A live transmitida pelas redes sociais da CNBB (Youtube e Facebook), a partir das 15h.<\/p>\n<p><strong>Acompanhe:<\/strong><\/p>\n<div class=\"ast-oembed-container\" style=\"height: 100%;\"><iframe loading=\"lazy\" title=\"#MulheresNaMiss\u00e3o | Contribui\u00e7\u00e3o na reflex\u00e3o missiol\u00f3gica\" width=\"500\" height=\"281\" src=\"https:\/\/www.youtube.com\/embed\/sPEQZ3mGc8c?feature=oembed\" frameborder=\"0\" allow=\"accelerometer; autoplay; clipboard-write; encrypted-media; gyroscope; picture-in-picture\" allowfullscreen><\/iframe><\/div>\n<h3 style=\"text-align: justify;\">Mulheres na Miss\u00e3o<\/h3>\n<p style=\"text-align: justify;\">A s\u00e9rie <strong>\u201cmulheres na miss\u00e3o\u201d<\/strong> tem a motiva\u00e7\u00e3o de provocar a reflex\u00e3o sobre a anima\u00e7\u00e3o, e a coordena\u00e7\u00e3o de projetos e atividades mission\u00e1rias no brasil a partir do olhar feminino e concretiza a proposta de viv\u00eancia da miss\u00e3o prevista no programa mission\u00e1rio nacional (PMN) em conson\u00e2ncia com as Diretrizes Gerais da A\u00e7\u00e3o Evangelizadora da Igreja no Brasil (2019-2023).<\/p>\n<p style=\"text-align: justify;\">As lives desta s\u00e9rie foram realizadas sempre nos dias 8 de cada m\u00eas, desde o mar\u00e7o de 2021 \u2013 data em que se comemora o Dia Internacional da Mulher e se encerra na festa de Nossa Senhora da Imaculada Concei\u00e7\u00e3o.<\/p>\n","protected":false},"excerpt":{"rendered":"<p>Organizada pela Comiss\u00e3o para a A\u00e7\u00e3o Mission\u00e1ria e Coopera\u00e7\u00e3o Intereclesial da CNBB, a live acontece \u00e0s 15h, no canal do Youtube da CNBB. O bate papo deste m\u00eas \u00e9 com a irm\u00e3 Ana Claudia Melo da Silva, da Congrega\u00e7\u00e3o das Pequenas Mission\u00e1rias de Maria Imaculada, sobre o trabalho pr\u00e1tico e acad\u00eamico que ela fez na perspectiva da teologia da miss\u00e3o <\/p>\n","protected":false},"author":83,"featured_media":866996,"comment_status":"open","ping_status":"open","sticky":false,"template":"","format":"standard","meta":{"site-sidebar-layout":"default","site-content-layout":"default","ast-global-header-display":"","ast-banner-title-visibility":"","ast-main-header-display":"","ast-hfb-above-header-display":"","ast-hfb-below-header-display":"","ast-hfb-mobile-header-display":"","site-post-title":"","ast-breadcrumbs-content":"","ast-featured-img":"","footer-sml-layout":"","theme-transparent-header-meta":"default","adv-header-id-meta":"","stick-header-meta":"","header-above-stick-meta":"","header-main-stick-meta":"","header-below-stick-meta":""},"categories":[854,1841],"tags":[3150,3525],"acf":[],"_links":{"self":[{"href":"https:\/\/www.cnbb.org.br\/cnbb-app\/wp\/v2\/posts\/866994"}],"collection":[{"href":"https:\/\/www.cnbb.org.br\/cnbb-app\/wp\/v2\/posts"}],"about":[{"href":"https:\/\/www.cnbb.org.br\/cnbb-app\/wp\/v2\/types\/post"}],"author":[{"embeddable":true,"href":"https:\/\/www.cnbb.org.br\/cnbb-app\/wp\/v2\/users\/83"}],"replies":[{"embeddable":true,"href":"https:\/\/www.cnbb.org.br\/cnbb-app\/wp\/v2\/comments?post=866994"}],"version-history":[{"count":0,"href":"https:\/\/www.cnbb.org.br\/cnbb-app\/wp\/v2\/posts\/866994\/revisions"}],"wp:featuredmedia":[{"embeddable":true,"href":"https:\/\/www.cnbb.org.br\/cnbb-app\/wp\/v2\/media\/866996"}],"wp:attachment":[{"href":"https:\/\/www.cnbb.org.br\/cnbb-app\/wp\/v2\/media?parent=866994"}],"wp:term":[{"taxonomy":"category","embeddable":true,"href":"https:\/\/www.cnbb.org.br\/cnbb-app\/wp\/v2\/categories?post=866994"},{"taxonomy":"post_tag","embeddable":true,"href":"https:\/\/www.cnbb.org.br\/cnbb-app\/wp\/v2\/tags?post=866994"}],"curies":[{"name":"wp","href":"https:\/\/api.w.org\/{rel}","templated":true}]}}