{"id":867560,"date":"2022-04-14T12:40:35","date_gmt":"2022-04-14T15:40:35","guid":{"rendered":"https:\/\/www.cnbb.org.br\/?p=867560"},"modified":"2022-04-14T12:44:50","modified_gmt":"2022-04-14T15:44:50","slug":"em-saudacao-secretario-geral-da-cnbb-convida-a-viver-a-beleza-da-semana-santa-como-um-tempo-de-retiro-rumo-a-pascoa","status":"publish","type":"post","link":"https:\/\/www.cnbb.org.br\/em-saudacao-secretario-geral-da-cnbb-convida-a-viver-a-beleza-da-semana-santa-como-um-tempo-de-retiro-rumo-a-pascoa\/","title":{"rendered":"Em sauda\u00e7\u00e3o, Secret\u00e1rio-Geral da CNBB convida a viver a beleza da Semana Santa como um tempo de retiro rumo \u00e0 P\u00e1scoa"},"content":{"rendered":"<p style=\"text-align: justify;\">O bispo auxiliar da arquidiocese de S\u00e3o Sebasti\u00e3o do Rio de Janeiro e secret\u00e1rio-geral da Confer\u00eancia Nacional dos Bispos do Brasil (CNBB), dom Joel Portella Amado, divulgou uma sauda\u00e7\u00e3o aos crist\u00e3os cat\u00f3licos sobre a viv\u00eancia da Semana Santa como caminho que conduz \u00e0 P\u00e1scoa de Jesus Cristo. A sauda\u00e7\u00e3o foi divulgada pela Rede Aparecida de Comunica\u00e7\u00e3o e no canal de streaming de <a href=\"https:\/\/soundcloud.com\/cnbbnacional\/mensagem-do-secretario-geral-da-cnbb-dom-joel-portella-amado-sobre-a-semana-santa-2022\/s-DAledYlHpn5?utm_source=clipboard&amp;utm_medium=text&amp;utm_campaign=social_sharing\" target=\"_blank\" rel=\"noopener\">r\u00e1dio da CNBB no Soundcloud.<\/a> Ou\u00e7a abaixo a sauda\u00e7\u00e3o na \u00cdntegra.<\/p>\n<p style=\"text-align: justify;\">Dom Joel,\u00a0 na sauda\u00e7\u00e3o, refor\u00e7ou que a Semana Santa \u00e9 o &#8220;grande tesouro da f\u00e9 cat\u00f3lica&#8221; e conduz \u00e0 P\u00e1scoa, a festa mais importante e o centro da f\u00e9 dos que creem em Jesus Cristo. O secret\u00e1rio-geral da CNBB convida os crist\u00e3os cat\u00f3licos a n\u00e3o perderem a beleza da Semana Santa e a fazerem deste per\u00edodo um tempo de retiro e ora\u00e7\u00e3o, de encontro com Deus, consigo mesmo, com os irm\u00e3os e irm\u00e3s e com as comunidades eclesiais mission\u00e1rias.<\/p>\n<p><strong>Ou\u00e7a aqui:<br \/>\n<\/strong><\/p>\n<p><iframe loading=\"lazy\" src=\"https:\/\/w.soundcloud.com\/player\/?url=https%3A\/\/api.soundcloud.com\/tracks\/1249791343&amp;color=%235a6788&amp;auto_play=false&amp;hide_related=false&amp;show_comments=true&amp;show_user=true&amp;show_reposts=false&amp;show_teaser=true\" width=\"100%\" height=\"166\" frameborder=\"no\" scrolling=\"no\"><\/iframe><\/p>\n<div style=\"font-size: 10px; color: #cccccc; line-break: anywhere; word-break: normal; overflow: hidden; white-space: nowrap; text-overflow: ellipsis; font-family: Interstate,Lucida Grande,Lucida Sans Unicode,Lucida Sans,Garuda,Verdana,Tahoma,sans-serif; font-weight: 100;\"><a style=\"color: #cccccc; text-decoration: none;\" title=\"CNBB\" href=\"https:\/\/soundcloud.com\/cnbbnacional\" target=\"_blank\" rel=\"noopener\">CNBB<\/a> \u00b7 <a style=\"color: #cccccc; text-decoration: none;\" title=\"Mensagem do secret\u00e1rio-geral da CNBB, dom Joel Portella Amado sobre a Semana Santa 2022\" href=\"https:\/\/soundcloud.com\/cnbbnacional\/mensagem-do-secretario-geral-da-cnbb-dom-joel-portella-amado-sobre-a-semana-santa-2022\" target=\"_blank\" rel=\"noopener\">Mensagem do secret\u00e1rio-geral da CNBB, dom Joel Portella Amado sobre a Semana Santa 2022<\/a><\/div>\n<p>&nbsp;<\/p>\n<p style=\"text-align: justify;\">Dom Joel,\u00a0 na sauda\u00e7\u00e3o, refor\u00e7ou que a Semana Santa \u00e9 o &#8220;grande tesouro da f\u00e9 cat\u00f3lica&#8221; e conduz \u00e0 P\u00e1scoa, a festa mais importante e o centro da f\u00e9 dos que creem em Jesus Cristo.\u00a0O secret\u00e1rio-geral da CNBB lembrou-se de que houve um tempo em que o ambiente externo &#8211; as m\u00fasicas, o sil\u00eancio, a programa\u00e7\u00e3o nas TVs &#8211; ajudavam a viver de forma mais intensa a espiritualidade da Semana Santa.\u00a0 Hoje, segundo ele, para\u00a0 muita gente a Semana Santa \u00e9 um feriado, um tempo para fazer outras coisas.<\/p>\n<blockquote>\n<p style=\"text-align: justify;\">Contudo, dom Joel defende que isso n\u00e3o significa que a Semana Santa perdeu o valor ou a import\u00e2ncia. Para ele, significa que a viv\u00eancia desse tempo lit\u00fargico, em que se celebra a paix\u00e3o, morte e ressurrei\u00e7\u00e3o de Jesus Cristo, est\u00e1\u00a0 muito mais nas m\u00e3os, na mente e no cora\u00e7\u00e3o dos crist\u00e3os do que no ambiente externo.<\/p>\n<p>&#8220;Se me permite uma compara\u00e7\u00e3o muito simples, \u00e9 como tartaruga. Ela se volta pra si, n\u00e3o dentro do casco para se esconder e proteger, mas no caso do crist\u00e3o ele se volta pra si para poder perceber a beleza e a riqueza&#8221;, exemplificou.<\/p><\/blockquote>\n<p style=\"text-align: justify;\">Perguntando sobre qual o conselho para viver de forma plena a Semana Santa 2022, o secret\u00e1rio-geral da CNBB apontou o caminho de viver o per\u00edodo como um momento de retiro e exortou os fieis a n\u00e3o perderem a beleza da Semana Santa.<\/p>\n<blockquote>\n<p style=\"text-align: justify;\">\u00a8Tenha a vida que voc\u00ea tiver, fa\u00e7a o que voc\u00ea tiver que fazer, viva o que tiver que viver, transforme essa semana num grande retiro. N\u00e3o h\u00e1 ato mais libertador do que a ora\u00e7\u00e3o, voc\u00ea pode rezar em qualquer lugar, em qualquer situa\u00e7\u00e3o, em qualquer condi\u00e7\u00e3o&#8221;, exortou.<\/p>\n<\/blockquote>\n<p style=\"text-align: justify;\">O bispo auxiliar do Rio de Janeiro recomendou que em cada dia, do Tr\u00edduo Pascoal, os crist\u00e3os e cat\u00f3licos procurem participar em suas comunidades e para quem n\u00e3o participa ainda ele recomendou se aproximar de uma comunidade eclesial nas dioceses brasileiras.<\/p>\n<p style=\"text-align: justify;\">Para os que estiverem impedidos de participar fisicamente, o prelado recomendou &#8220;fa\u00e7a a sua ora\u00e7\u00e3o pessoal, acompanhe pelos meios de comunica\u00e7\u00e3o, tanta coisa vai ser mostrada, tantas televis\u00f5es, internet, r\u00e1dio. Seria esse o conselho, n\u00e3o perca a beleza da Semana Santa, fazendo dela um grande momento de retiro, de encontro com Deus, com os irm\u00e3os e consigo&#8221;.<\/p>\n","protected":false},"excerpt":{"rendered":"<p>Dom Joel refor\u00e7ou que a Semana Santa \u00e9 o &#8220;grande tesouro da f\u00e9 cat\u00f3lica&#8221; e conduz \u00e0 P\u00e1scoa, a festa mais importante e o centro da f\u00e9 dos que creem em Jesus Cristo. O secret\u00e1rio-geral da CNBB convida os crist\u00e3os cat\u00f3licos a n\u00e3o perderem a beleza da Semana Santa e a fazerem deste per\u00edodo um tempo de ora\u00e7\u00e3o, encontro com Deus, consigo mesmo, com os irm\u00e3os<\/p>\n","protected":false},"author":83,"featured_media":867563,"comment_status":"open","ping_status":"open","sticky":false,"template":"","format":"standard","meta":{"site-sidebar-layout":"default","site-content-layout":"default","ast-global-header-display":"","ast-banner-title-visibility":"","ast-main-header-display":"","ast-hfb-above-header-display":"","ast-hfb-below-header-display":"","ast-hfb-mobile-header-display":"","site-post-title":"","ast-breadcrumbs-content":"","ast-featured-img":"","footer-sml-layout":"","theme-transparent-header-meta":"default","adv-header-id-meta":"","stick-header-meta":"","header-above-stick-meta":"","header-main-stick-meta":"","header-below-stick-meta":""},"categories":[1840,989],"tags":[2430,4415,4406],"acf":[],"_links":{"self":[{"href":"https:\/\/www.cnbb.org.br\/cnbb-app\/wp\/v2\/posts\/867560"}],"collection":[{"href":"https:\/\/www.cnbb.org.br\/cnbb-app\/wp\/v2\/posts"}],"about":[{"href":"https:\/\/www.cnbb.org.br\/cnbb-app\/wp\/v2\/types\/post"}],"author":[{"embeddable":true,"href":"https:\/\/www.cnbb.org.br\/cnbb-app\/wp\/v2\/users\/83"}],"replies":[{"embeddable":true,"href":"https:\/\/www.cnbb.org.br\/cnbb-app\/wp\/v2\/comments?post=867560"}],"version-history":[{"count":0,"href":"https:\/\/www.cnbb.org.br\/cnbb-app\/wp\/v2\/posts\/867560\/revisions"}],"wp:featuredmedia":[{"embeddable":true,"href":"https:\/\/www.cnbb.org.br\/cnbb-app\/wp\/v2\/media\/867563"}],"wp:attachment":[{"href":"https:\/\/www.cnbb.org.br\/cnbb-app\/wp\/v2\/media?parent=867560"}],"wp:term":[{"taxonomy":"category","embeddable":true,"href":"https:\/\/www.cnbb.org.br\/cnbb-app\/wp\/v2\/categories?post=867560"},{"taxonomy":"post_tag","embeddable":true,"href":"https:\/\/www.cnbb.org.br\/cnbb-app\/wp\/v2\/tags?post=867560"}],"curies":[{"name":"wp","href":"https:\/\/api.w.org\/{rel}","templated":true}]}}