{"id":8681,"date":"2018-01-20T00:00:00","date_gmt":"2018-01-20T02:00:00","guid":{"rendered":"https:\/\/www.cnbb.org.br\/uma-cidade-de-fe\/"},"modified":"2018-01-20T00:00:00","modified_gmt":"2018-01-20T02:00:00","slug":"uma-cidade-de-fe","status":"publish","type":"post","link":"https:\/\/www.cnbb.org.br\/uma-cidade-de-fe\/","title":{"rendered":"Uma cidade de f\u00e9"},"content":{"rendered":"<p style=\"text-align: right\"><strong>Cardeal Orani Jo\u00e3o Tempesta<br \/>\n<\/strong><strong>Arcebispo do Rio de Janeiro (RJ)<\/strong><\/p>\n<p><strong>\u00a0<\/strong><\/p>\n<p><strong>\u00a0<\/strong><\/p>\n<p style=\"text-align: justify\">Neste dia 20 do primeiro m\u00eas de 2018, quando a Igreja Cat\u00f3lica celebra S\u00e3o Sebasti\u00e3o, \u00e9 oportuna uma reflex\u00e3o sobre a f\u00e9 em Deus, que jamais abandona seus filhos, amparando-os sempre em sua infinita miseric\u00f3rdia e amor. Pois bem, a f\u00e9 inabal\u00e1vel \u00e9 o maior exemplo do santo Padroeiro da cidade do Rio de Janeiro aos crist\u00e3os e a todos aqueles em busca de esperan\u00e7a e reden\u00e7\u00e3o.<\/p>\n<p style=\"text-align: justify\">Assim como o padroeiro de sua Cidade Maravilhosa, os cariocas, apesar de todos os problemas que os afligem, principalmente a viol\u00eancia e a criminalidade, professam sua imensa f\u00e9 em Nosso Senhor, sob as b\u00ean\u00e7\u00e3os de Cristo, o grande Redentor da humanidade, cuja imagem do alto do Corcovado aben\u00e7oa esta cidade nascida sob a prote\u00e7\u00e3o do Santo Guerreiro. Como S\u00e3o Sebasti\u00e3o, \u00e9 um povo corajoso na defesa e preserva\u00e7\u00e3o de seus princ\u00edpios e valores espirituais. Os cariocas jamais se esqueceram que nas afli\u00e7\u00f5es contra a peste, a fome e a guerra eles podem acorrer ao seu padroeiro: \u201cDai-nos, \u00f3 Deus, o esp\u00edrito de fortaleza para que, sustentados, pelo exemplo de S\u00e3o Sebasti\u00e3o, vosso glorioso m\u00e1rtir, possamos aprender com ele a obedecer mais a v\u00f3s do que aos homens\u201d(ora\u00e7\u00e3o da coleta da Missa da festa).<\/p>\n<p style=\"text-align: justify\">Os cariocas ter\u00e3o sempre a for\u00e7a de sua f\u00e9 para vencer as adversidades. O Rio de Janeiro, que comemorar\u00e1 seu 453\u00ba anivers\u00e1rio em 1\u00ba de mar\u00e7o pr\u00f3ximo, seguir\u00e1, resiliente como sempre, o curso de sua bela hist\u00f3ria como um dos munic\u00edpios brasileiros mais importantes e uma das cidades mais conhecidas do Planeta, \u201cembaixadora\u201d do Brasil na beleza de suas paisagens, nos encantos de sua cultura, na alma alegre e terna de sua gente e no ritmo de sua musicalidade.<\/p>\n<p style=\"text-align: justify\">Maximiano ao tomar conhecimento de crist\u00e3os infiltrados no ex\u00e9rcito romano empreendeu uma ca\u00e7ada impiedosa a esses crist\u00e3os, expulsando-os do ex\u00e9rcito. S\u00f3 os filhos de soldados ficaram para servir o ex\u00e9rcito. E este era o caso do Capit\u00e3o Sebasti\u00e3o. Denunciado como crist\u00e3o por um soldado, o imperador se sentiu tra\u00eddo e mandou que Sebasti\u00e3o renunciasse \u00e0 sua f\u00e9 em Jesus Cristo. Resoluto, Sebasti\u00e3o se negou a fazer esta ren\u00fancia. Por isso, Maximiano mandou que ele fosse morto com requinte de crueldade para servir de exemplo e desest\u00edmulo a outros. Maximiano ordenou que Sebasti\u00e3o tivesse uma morte dolorosa diante de todos. Assim, os arqueiros receberam ordens para matarem-no a flechadas. Eles tiraram suas roupas, o amarraram num poste no est\u00e1dio de Palatino (algumas vers\u00f5es falam que foi em uma \u00e1rvore na floresta) e lan\u00e7aram flechas sobre ele. Ferido em pontos n\u00e3o vitais, deixaram que ele sangrasse at\u00e9 morrer.<\/p>\n<p style=\"text-align: justify\">Uma crist\u00e3 devota, chamada Irene, e um grupo de amigos, foram ao local e, surpresos, viram que Sebasti\u00e3o continuava vivo. Levaram-no dali e o esconderam na casa de Irene que cuidou de seus ferimentos.<\/p>\n<p style=\"text-align: justify\">Sebasti\u00e3o, depois de curado, continuou evangelizando e se apresentou ao imperador Maximiano, anunciando a convers\u00e3o e a liberdade para os crist\u00e3os, que n\u00e3o atendeu ao seu pedido. Sebasti\u00e3o insistia para que ele parasse de perseguir e matar os crist\u00e3os. Desta vez, por\u00e9m, o imperador mandou que o a\u00e7oitassem (algumas vers\u00f5es falam de decapita\u00e7\u00e3o) at\u00e9 morrer e depois fosse jogado numa fossa (esgoto de Roma), para que nenhum crist\u00e3o o encontrasse. Por\u00e9m, ap\u00f3s sua morte, Luciana, uma crist\u00e3, comenta que foi inspirada a buscar o corpo de S\u00e3o Sebasti\u00e3o e no sonho foi anunciado que ela encontraria o corpo dele num po\u00e7o. Tamb\u00e9m no sonho ele pediu para ser sepultado nas catacumbas junto dos ap\u00f3stolos. S\u00e3o Sebasti\u00e3o est\u00e1 sepultado na Via \u00c1pia, aonde se edificou uma Igreja em sua honra, depois constitu\u00edda em Bas\u00edlica Menor. Eu mesmo, quando tenho compromissos pastorais em Roma, quase sempre celebro todas as vezes nesta Bas\u00edlica pedindo a prote\u00e7\u00e3o de nosso Padroeiro pela nossa Cidade e pela nossa Arquidiocese.<\/p>\n<p style=\"text-align: justify\">Estamos celebrando o nosso padroeiro e neste ano, desde novembro passado, a Igreja no Brasil celebra o ano do laicato. S\u00e3o Sebasti\u00e3o foi exatamente um fiel batizado, um leigo que enfrentou destemidamente o Imperador e n\u00e3o renunciou a sua f\u00e9 em Jesus Cristo. O exemplo de S\u00e3o Sebasti\u00e3o diante das muitas adversidades que a grande maioria do povo carioca vive, nestes tempos de crise e de inseguran\u00e7a, nos leva a seguir o exemplo de nosso padroeiro e n\u00e3o renunciar, por motivo nenhum a nossa f\u00e9. Ao contr\u00e1rio que possamos testemunhar a f\u00e9 em Jesus Cristo e na sua Santa Igreja Cat\u00f3lica, apost\u00f3lica e romana, como uma das caracter\u00edsticas fundamentais do nosso Batismo. Ser sujeito eclesial significa ser maduro na f\u00e9, testemunhar o amor \u00e0 Igreja, servir os irm\u00e3os e irm\u00e3os, permanecer no seguimento de Jesus, na escuta obediente \u00e0 inspira\u00e7\u00e3o do Esp\u00edrito Santo e ter coragem, criatividade e ousadia, para dar testemunho de Cristo.<\/p>\n<p style=\"text-align: justify\">Percorrendo nos \u00faltimos treze dias toda a cidade, levando a r\u00e9plica da imagem hist\u00f3rica trazida por Est\u00e1cio de S\u00e1 de nosso padroeiro, podemos refletir \u201cS\u00e3o Sebasti\u00e3o superou tudo com amor\u201d. \u00c9 com esta certeza de que, um leigo, soldado romano, que preferiu a morte do que renunciar a sua f\u00e9, que devemos superar todas as dificuldades porque passa a nossa cidade, a amada gente carioca, e em tudo vamos superar com o amor de Cristo, por Cristo e em Cristo.<\/p>\n<p style=\"text-align: justify\">Na celebra\u00e7\u00e3o do Dia de S\u00e3o Sebasti\u00e3o \u2014 S\u00e3o Sebasti\u00e3o do Rio de Janeiro! \u2014, data t\u00e3o significativa para os cariocas, abra\u00e7amos todos eles e nos somamos \u00e0s suas ora\u00e7\u00f5es. Em sua profiss\u00e3o de f\u00e9, \u00e0 semelhan\u00e7a de seu Santo Padroeiro, ter\u00e3o sempre a luz de Deus iluminando seus caminhos, semeando esperan\u00e7a e aben\u00e7oando o presente e o futuro da cidade!<\/p>\n<p>&nbsp;<\/p>\n","protected":false},"excerpt":{"rendered":"<p>Cardeal Orani Jo\u00e3o Tempesta Arcebispo do Rio de Janeiro (RJ) \u00a0 \u00a0 Neste dia 20 do primeiro m\u00eas de 2018, quando a Igreja Cat\u00f3lica celebra S\u00e3o Sebasti\u00e3o, \u00e9 oportuna uma reflex\u00e3o sobre a f\u00e9 em Deus, que jamais abandona seus filhos, amparando-os sempre em sua infinita miseric\u00f3rdia e amor. Pois bem, a f\u00e9 inabal\u00e1vel \u00e9 &hellip;<\/p>\n<p class=\"read-more\"> <a class=\"\" href=\"https:\/\/www.cnbb.org.br\/uma-cidade-de-fe\/\"> <span class=\"screen-reader-text\">Uma cidade de f\u00e9<\/span> Leia mais &raquo;<\/a><\/p>\n","protected":false},"author":31,"featured_media":0,"comment_status":"closed","ping_status":"open","sticky":false,"template":"","format":"standard","meta":{"site-sidebar-layout":"default","site-content-layout":"default","ast-global-header-display":"","ast-banner-title-visibility":"","ast-main-header-display":"","ast-hfb-above-header-display":"","ast-hfb-below-header-display":"","ast-hfb-mobile-header-display":"","site-post-title":"","ast-breadcrumbs-content":"","ast-featured-img":"","footer-sml-layout":"","theme-transparent-header-meta":"","adv-header-id-meta":"","stick-header-meta":"","header-above-stick-meta":"","header-main-stick-meta":"","header-below-stick-meta":""},"categories":[758],"tags":[],"acf":[],"_links":{"self":[{"href":"https:\/\/www.cnbb.org.br\/cnbb-app\/wp\/v2\/posts\/8681"}],"collection":[{"href":"https:\/\/www.cnbb.org.br\/cnbb-app\/wp\/v2\/posts"}],"about":[{"href":"https:\/\/www.cnbb.org.br\/cnbb-app\/wp\/v2\/types\/post"}],"author":[{"embeddable":true,"href":"https:\/\/www.cnbb.org.br\/cnbb-app\/wp\/v2\/users\/31"}],"replies":[{"embeddable":true,"href":"https:\/\/www.cnbb.org.br\/cnbb-app\/wp\/v2\/comments?post=8681"}],"version-history":[{"count":0,"href":"https:\/\/www.cnbb.org.br\/cnbb-app\/wp\/v2\/posts\/8681\/revisions"}],"wp:attachment":[{"href":"https:\/\/www.cnbb.org.br\/cnbb-app\/wp\/v2\/media?parent=8681"}],"wp:term":[{"taxonomy":"category","embeddable":true,"href":"https:\/\/www.cnbb.org.br\/cnbb-app\/wp\/v2\/categories?post=8681"},{"taxonomy":"post_tag","embeddable":true,"href":"https:\/\/www.cnbb.org.br\/cnbb-app\/wp\/v2\/tags?post=8681"}],"curies":[{"name":"wp","href":"https:\/\/api.w.org\/{rel}","templated":true}]}}