{"id":868186,"date":"2022-04-26T15:33:00","date_gmt":"2022-04-26T18:33:00","guid":{"rendered":"https:\/\/www.cnbb.org.br\/?p=868186"},"modified":"2022-04-26T18:44:47","modified_gmt":"2022-04-26T21:44:47","slug":"dom-joao-francisco-salm-apresenta-metodologia-da-pesquisa-sobre-a-saude-dos-bispos-e-padres-no-brasil","status":"publish","type":"post","link":"https:\/\/www.cnbb.org.br\/dom-joao-francisco-salm-apresenta-metodologia-da-pesquisa-sobre-a-saude-dos-bispos-e-padres-no-brasil\/","title":{"rendered":"Dom Jo\u00e3o Francisco Salm apresenta metodologia da pesquisa sobre a sa\u00fade dos bispos e padres no Brasil"},"content":{"rendered":"<p style=\"text-align: justify;\">&#8220;Um cuidando do outro e todos cuidando de todos&#8221;. A frase carrega a s\u00edntese do tema apresentado pelo bispo de Novo Hamburgo (RS) e presidente da Comiss\u00e3o Episcopal Pastoral para os Minist\u00e9rios Ordenados e a Vida Consagrada da Confer\u00eancia Nacional dos Bispos do Brasil (CNBB), dom Jo\u00e3o Francisco Salm, na segunda Coletiva de Imprensa da 59\u00aa Assembleia Geral, na tarde desta ter\u00e7a-feira, 26 de abril.<\/p>\n<figure id=\"attachment_868189\" aria-describedby=\"caption-attachment-868189\" style=\"width: 300px\" class=\"wp-caption alignright\"><img decoding=\"async\" loading=\"lazy\" class=\"wp-image-868189 size-medium\" src=\"https:\/\/www.cnbb.org.br\/wp-content\/uploads\/2022\/04\/Dom-Franscisco-Salm-300x167.jpg\" alt=\"\" width=\"300\" height=\"167\" srcset=\"https:\/\/www.cnbb.org.br\/wp-content\/uploads\/2022\/04\/Dom-Franscisco-Salm-300x167.jpg 300w, https:\/\/www.cnbb.org.br\/wp-content\/uploads\/2022\/04\/Dom-Franscisco-Salm-1024x571.jpg 1024w, https:\/\/www.cnbb.org.br\/wp-content\/uploads\/2022\/04\/Dom-Franscisco-Salm-768x429.jpg 768w, https:\/\/www.cnbb.org.br\/wp-content\/uploads\/2022\/04\/Dom-Franscisco-Salm-500x279.jpg 500w, https:\/\/www.cnbb.org.br\/wp-content\/uploads\/2022\/04\/Dom-Franscisco-Salm-446x248.jpg 446w, https:\/\/www.cnbb.org.br\/wp-content\/uploads\/2022\/04\/Dom-Franscisco-Salm.jpg 1197w\" sizes=\"(max-width: 300px) 100vw, 300px\" \/><figcaption id=\"caption-attachment-868189\" class=\"wp-caption-text\">Presidente da Comiss\u00e3o Episcopal Pastoral para os Minist\u00e9rios Ordenados e a Vida Consagrada da Confer\u00eancia Nacional dos Bispos do Brasil (CNBB), dom Jo\u00e3o Francisco Salm. Foto: print.<\/figcaption><\/figure>\n<p style=\"text-align: justify;\">O bispo apresentou o processo de elabora\u00e7\u00e3o da pesquisa sobre a sa\u00fade dos bispos e padres no Brasil. O prelado iniciou sua exposi\u00e7\u00e3o explicando o contexto que levou a Comiss\u00e3o ao desenvolvimento da iniciativa: \u201cVivemos tempos muito exigentes. Todos n\u00f3s, homens e mulheres de todas as idades, tamb\u00e9m o padre e o bispo. Somos de carne e osso e sentimos o que todo mundo sente: dores, cansa\u00e7os, d\u00favidas e medos\u201d, apontou.<\/p>\n<p>Dom Jo\u00e3o Francisco destacou que atualmente constata-se que h\u00e1 muitos padres e bispos que se sentem cansados ou desanimados e, diante desta realidade dolorosa, h\u00e1 um apelo \u00e0 CNBB e \u00e0 Comiss\u00e3o para os Minist\u00e9rios Ordenados e a Vida Consagrada para uma a\u00e7\u00e3o de cuidado do episcopado e do presbit\u00e9rio.<\/p>\n<p>\u201cMas o que fazer? Como prestar um servi\u00e7o \u00fatil e fraterno neste sentido?\u201d, questionou. \u201cNa troca de ideias e olhando para experi\u00eancias j\u00e1 existentes, percebemos ent\u00e3o a necessidade de colher dados dos padres e bispos para que depois fossem analisados por especialistas a fim de ajud\u00e1-los\u201d, relatou dom Jo\u00e3o.<\/p>\n<h3>Levantamento dos dados<\/h3>\n<p style=\"text-align: justify;\">Para dinamizar a pesquisa, foram elaborados dois question\u00e1rios, um voltado aos bispos e outro direcionado aos padres. A ideia da Comiss\u00e3o \u00e9 que o link aos bispos seja liberado na tarde desta ter\u00e7a-feira, via e-mail pessoal do episcopado do brasileiro. J\u00e1 aos padres, o question\u00e1rio ser\u00e1 aplicado no Encontro Nacional de Presb\u00edteros (de 9 a 14 de maio em Aparecida) e depois enviado \u00e0s Pastorais Presbiterais de cada diocese.<\/p>\n<p>\u201c\u00c9 preciso conhecer bem a realidade e ter um bom diagn\u00f3stico para saber qual rem\u00e9dio utilizar\u201d, acrescentou dom Salm. Para isso, o bispo explicou, cada um dos dois question\u00e1rios possui uma abordagem espec\u00edfica ao seu p\u00fablico e apresenta quest\u00f5es relacionadas a sa\u00fade integral da pessoa, contemplando o f\u00edsico, o espiritual e o ps\u00edquico. \u201cAs perguntas procuram fazer um check up, para que se possa fazer um diagn\u00f3stico amplo e acertado\u201d, pontuou.<\/p>\n<h3>Prote\u00e7\u00e3o das informa\u00e7\u00f5es e pr\u00f3ximos passos<\/h3>\n<p style=\"text-align: justify;\">Uma das principais preocupa\u00e7\u00f5es da equipe que elaborou os question\u00e1rios e que trabalhar\u00e1 na sistematiza\u00e7\u00e3o dos dados obtidos \u00e9 a prote\u00e7\u00e3o e privacidade dessas informa\u00e7\u00f5es. Sobre isso, dom Jo\u00e3o Salm refor\u00e7ou que a pesquisa tem como \u00fanica inten\u00e7\u00e3o o estudo e mapeamento da realidade da sa\u00fade episcopal e presbiteral. \u201cN\u00e3o ser\u00e3o publicados ou divulgados\u201d, assegurou.<\/p>\n<p>A previs\u00e3o \u00e9 que o question\u00e1rio direcionado ao episcopado permane\u00e7a aberto para receber respostas durante esta semana. Depois, ser\u00e1 fechado para o in\u00edcio do processo de sistematiza\u00e7\u00e3o e an\u00e1lise dos dados, com uma equipe especializada que deve apontar pistas de a\u00e7\u00e3o a partir da realidade apresentada. A expectativa da Comiss\u00e3o Episcopal Pastoral para os Minist\u00e9rios Ordenados e a Vida Consagrada \u00e9 poder retornar com estes indicativos na etapa presencial da Assembleia Geral, no fim de agosto.<\/p>\n<p>J\u00e1 em rela\u00e7\u00e3o aos presb\u00edteros, ap\u00f3s a aplica\u00e7\u00e3o no Encontro Nacional, o question\u00e1rio deve ainda ser direcionado a cada Igreja Local, de modo que a sistematiza\u00e7\u00e3o e an\u00e1lise de dados deve se estender por mais tempo, a fim de priorizar a participa\u00e7\u00e3o efetiva dos presb\u00edteros e um tempo h\u00e1bil para an\u00e1lise e constru\u00e7\u00e3o de indicativos de a\u00e7\u00e3o.<\/p>\n<pre>Com colabora\u00e7\u00e3o de Vict\u00f3ria Holzbach, assessoria de Comunica\u00e7\u00e3o do Sul 3<\/pre>\n","protected":false},"excerpt":{"rendered":"<p>&#8220;Um cuidando do outro e todos cuidando de todos&#8221;. A frase carrega a s\u00edntese do tema apresentado pelo presidente da Comiss\u00e3o Episcopal Pastoral para os Minist\u00e9rios Ordenados e a Vida Consagrada da CNBB, dom Jo\u00e3o Francisco Salm, na segunda Coletiva de Imprensa da 59\u00aa Assembleia Geral, na tarde desta ter\u00e7a-feira, 26 de abril<\/p>\n","protected":false},"author":83,"featured_media":868209,"comment_status":"open","ping_status":"open","sticky":false,"template":"","format":"standard","meta":{"site-sidebar-layout":"default","site-content-layout":"default","ast-global-header-display":"","ast-banner-title-visibility":"","ast-main-header-display":"","ast-hfb-above-header-display":"","ast-hfb-below-header-display":"","ast-hfb-mobile-header-display":"","site-post-title":"","ast-breadcrumbs-content":"","ast-featured-img":"","footer-sml-layout":"","theme-transparent-header-meta":"default","adv-header-id-meta":"","stick-header-meta":"","header-above-stick-meta":"","header-main-stick-meta":"","header-below-stick-meta":""},"categories":[4426,50,807],"tags":[4440],"acf":[],"_links":{"self":[{"href":"https:\/\/www.cnbb.org.br\/cnbb-app\/wp\/v2\/posts\/868186"}],"collection":[{"href":"https:\/\/www.cnbb.org.br\/cnbb-app\/wp\/v2\/posts"}],"about":[{"href":"https:\/\/www.cnbb.org.br\/cnbb-app\/wp\/v2\/types\/post"}],"author":[{"embeddable":true,"href":"https:\/\/www.cnbb.org.br\/cnbb-app\/wp\/v2\/users\/83"}],"replies":[{"embeddable":true,"href":"https:\/\/www.cnbb.org.br\/cnbb-app\/wp\/v2\/comments?post=868186"}],"version-history":[{"count":0,"href":"https:\/\/www.cnbb.org.br\/cnbb-app\/wp\/v2\/posts\/868186\/revisions"}],"wp:featuredmedia":[{"embeddable":true,"href":"https:\/\/www.cnbb.org.br\/cnbb-app\/wp\/v2\/media\/868209"}],"wp:attachment":[{"href":"https:\/\/www.cnbb.org.br\/cnbb-app\/wp\/v2\/media?parent=868186"}],"wp:term":[{"taxonomy":"category","embeddable":true,"href":"https:\/\/www.cnbb.org.br\/cnbb-app\/wp\/v2\/categories?post=868186"},{"taxonomy":"post_tag","embeddable":true,"href":"https:\/\/www.cnbb.org.br\/cnbb-app\/wp\/v2\/tags?post=868186"}],"curies":[{"name":"wp","href":"https:\/\/api.w.org\/{rel}","templated":true}]}}