{"id":868507,"date":"2022-04-29T11:24:11","date_gmt":"2022-04-29T14:24:11","guid":{"rendered":"https:\/\/www.cnbb.org.br\/?p=868507"},"modified":"2022-04-29T11:25:02","modified_gmt":"2022-04-29T14:25:02","slug":"dia-do-trabalho-2","status":"publish","type":"post","link":"https:\/\/www.cnbb.org.br\/dia-do-trabalho-2\/","title":{"rendered":"Dia do trabalho"},"content":{"rendered":"<p style=\"text-align: right;\"><strong>Dom Adimir Antonio Mazali<br \/>\nBispo de Erexim (RS)\u00a0<\/strong><\/p>\n<p style=\"text-align: justify;\"><span data-ccp-props=\"{&quot;335551550&quot;:2,&quot;335551620&quot;:2}\">\u00a0<\/span><\/p>\n<p style=\"text-align: justify;\"><span data-contrast=\"auto\">Prezados irm\u00e3os e irm\u00e3s que acompanham Voz da Diocese, nossa sauda\u00e7\u00e3o de paz e alegria, no esp\u00edrito do Cristo Ressuscitado. Tamb\u00e9m saudamos todos os trabalhadores (as) suplicando copiosas b\u00ean\u00e7\u00e3os do c\u00e9u, pela intercess\u00e3o de S\u00e3o Jos\u00e9 Oper\u00e1rio.<\/span><span data-ccp-props=\"{&quot;335551550&quot;:6,&quot;335551620&quot;:6}\">\u00a0<\/span><\/p>\n<p style=\"text-align: justify;\"><span data-contrast=\"auto\">O Papa Pio XII, no ano de 1955, instituiu para toda a Igreja, a Festa de S\u00e3o Jos\u00e9 Oper\u00e1rio neste dia 1\u00ba de maio em que recordamos a \u201cFesta do Trabalho\u201d. S\u00e3o Jos\u00e9 \u00e9 o modelo de oper\u00e1rio. Ele, o humilde carpinteiro de Nazar\u00e9 que realizou seu trabalho como express\u00e3o de seu amor e para o sustento da Fam\u00edlia de Nazar\u00e9, que dentre seus membros estava Jesus.<\/span><span data-ccp-props=\"{&quot;335551550&quot;:6,&quot;335551620&quot;:6}\">\u00a0<\/span><\/p>\n<p style=\"text-align: justify;\"><span data-contrast=\"auto\">Unido a S\u00e3o Jos\u00e9, Jesus tamb\u00e9m aprendeu esta profiss\u00e3o durante os anos que esteve junto \u00e0 fam\u00edlia em Nazar\u00e9, desde o epis\u00f3dio do Templo aos doze anos at\u00e9 o in\u00edcio de sua vida p\u00fablica, per\u00edodo este que nada nos \u00e9 relatado no Evangelho.<\/span><span data-ccp-props=\"{&quot;335551550&quot;:6,&quot;335551620&quot;:6}\">\u00a0<\/span><\/p>\n<p style=\"text-align: justify;\"><span data-contrast=\"auto\">\u201cO trabalho dignifica o homem\u201d. O trabalho \u00e9 um direito de todos para o sustento de si e dos que est\u00e3o sob os seus cuidados. Assim, queremos expressar neste Dia do Trabalho, nossa gratid\u00e3o a todos os trabalhadores (as), oper\u00e1ria (as) na constru\u00e7\u00e3o de um mundo melhor e uma vida sustentada com dignidade. Tamb\u00e9m nos solidarizamos com os sofrimentos de todos (as) os desempregados (as), privados de seu sustento b\u00e1sico e de muitas fam\u00edlias nas quais falta o m\u00ednimo necess\u00e1rio para uma vida com dignidade.<\/span><span data-ccp-props=\"{&quot;335551550&quot;:6,&quot;335551620&quot;:6}\">\u00a0<\/span><\/p>\n<p style=\"text-align: justify;\"><span data-contrast=\"auto\">Car\u00edssimos irm\u00e3os e irm\u00e3s. Neste tempo pascal lembramos que a liturgia nos convida a renovar a esperan\u00e7a no Cristo Ressuscitado e a construir uma comunidade capaz de dar testemunho da miss\u00e3o realizada por Ele. Na primeira leitura, os ap\u00f3stolos d\u00e3o testemunho do Ressuscitado, expresso na prega\u00e7\u00e3o de Pedro e dos outros ap\u00f3stolos: \u201c\u00c9 preciso obedecer a Deus antes que aos homens\u201d (At. 5,29b). Mesmo estando proibidos pelo Sumo Sacerdote, n\u00e3o se deixaram vencer e ficaram felizes por sofrerem persegui\u00e7\u00f5es e a\u00e7oites, e \u201cpor terem sido considerados dignos de inj\u00farias por causa do nome de Jesus\u201d (At. 5, 41).<\/span><span data-ccp-props=\"{&quot;335551550&quot;:6,&quot;335551620&quot;:6}\">\u00a0<\/span><\/p>\n<p style=\"text-align: justify;\"><span data-contrast=\"auto\">\u00a0O texto do Evangelho deste 3\u00ba Domingo da P\u00e1scoa mostra a terceira apari\u00e7\u00e3o de Jesus aos ap\u00f3stolos quando estes estavam no ordin\u00e1rio de seus trabalhos, ou seja, na pesca, pois eram pescadores. Sem reconhecer Jesus, escutam sua palavra e s\u00e3o obedientes, fazendo uma grande pesca. Jesus os convida em seguida a comer com ele do fruto de seus trabalhos: \u201cJesus aproximou-se, tomou o p\u00e3o e distribuiu-o por eles. E fez a mesma coisa com o peixe\u201d (Jo 21,13). Em seguida, o Evangelho apresenta um di\u00e1logo entre Jesus e Pedro. Confirmando, por tr\u00eas vezes, seu amor a Jesus, Pedro se torna o respons\u00e1vel pelos demais e pela Igreja nascente: \u201cApascenta as minhas ovelhas\u201d (Jo 21, 17). Desta forma, a miss\u00e3o de Jesus ganha sua continuidade pela vida e prega\u00e7\u00e3o dos Ap\u00f3stolos e por toda a Igreja que, fundada sob o alicerce dos mesmos, vive sua miss\u00e3o no mundo como express\u00e3o do amor a Cristo e da f\u00e9 daqueles que \u201cestiveram e comeram com Ele depois de sua ressurrei\u00e7\u00e3o\u201d.<\/span><span data-ccp-props=\"{&quot;335551550&quot;:6,&quot;335551620&quot;:6}\">\u00a0<\/span><\/p>\n<p style=\"text-align: justify;\"><span data-contrast=\"auto\">Car\u00edssimos. Renovemos nossa f\u00e9 como disc\u00edpulos mission\u00e1rios de Jesus Cristo, trabalhando na promo\u00e7\u00e3o da vida e da paz e comprometidos com a constru\u00e7\u00e3o de uma sociedade justa e solid\u00e1ria, especialmente com nossos irm\u00e3os e irm\u00e3s trabalhadores (as).\u00a0<\/span><span data-ccp-props=\"{&quot;335551550&quot;:6,&quot;335551620&quot;:6}\">\u00a0<\/span><\/p>\n<p style=\"text-align: justify;\"><span data-contrast=\"auto\">Pela intercess\u00e3o de S\u00e3o Jos\u00e9 Oper\u00e1rio, invocamos copiosas b\u00ean\u00e7\u00e3os de Deus sobre todos (as) e desejemos um bom domingo.<\/span><span data-ccp-props=\"{&quot;335551550&quot;:6,&quot;335551620&quot;:6}\">\u00a0<\/span><\/p>\n<p style=\"text-align: justify;\"><span data-contrast=\"auto\">S\u00e3o Jos\u00e9 Oper\u00e1rio, rogai por n\u00f3s! Am\u00e9m.<\/span><span data-ccp-props=\"{}\">\u00a0<\/span><\/p>\n<p><span data-ccp-props=\"{&quot;335551550&quot;:3,&quot;335551620&quot;:3,&quot;335559731&quot;:708}\">\u00a0<\/span><\/p>\n<p>&nbsp;<\/p>\n","protected":false},"excerpt":{"rendered":"<p>Dom Adimir Antonio Mazali Bispo de Erexim (RS)\u00a0 \u00a0 Prezados irm\u00e3os e irm\u00e3s que acompanham Voz da Diocese, nossa sauda\u00e7\u00e3o de paz e alegria, no esp\u00edrito do Cristo Ressuscitado. Tamb\u00e9m saudamos todos os trabalhadores (as) suplicando copiosas b\u00ean\u00e7\u00e3os do c\u00e9u, pela intercess\u00e3o de S\u00e3o Jos\u00e9 Oper\u00e1rio.\u00a0 O Papa Pio XII, no ano de 1955, instituiu &hellip;<\/p>\n<p class=\"read-more\"> <a class=\"\" href=\"https:\/\/www.cnbb.org.br\/dia-do-trabalho-2\/\"> <span class=\"screen-reader-text\">Dia do trabalho<\/span> Leia mais &raquo;<\/a><\/p>\n","protected":false},"author":103,"featured_media":0,"comment_status":"open","ping_status":"open","sticky":false,"template":"","format":"standard","meta":{"site-sidebar-layout":"default","site-content-layout":"default","ast-global-header-display":"","ast-banner-title-visibility":"","ast-main-header-display":"","ast-hfb-above-header-display":"","ast-hfb-below-header-display":"","ast-hfb-mobile-header-display":"","site-post-title":"","ast-breadcrumbs-content":"","ast-featured-img":"","footer-sml-layout":"","theme-transparent-header-meta":"default","adv-header-id-meta":"","stick-header-meta":"","header-above-stick-meta":"","header-main-stick-meta":"","header-below-stick-meta":""},"categories":[758],"tags":[],"acf":[],"_links":{"self":[{"href":"https:\/\/www.cnbb.org.br\/cnbb-app\/wp\/v2\/posts\/868507"}],"collection":[{"href":"https:\/\/www.cnbb.org.br\/cnbb-app\/wp\/v2\/posts"}],"about":[{"href":"https:\/\/www.cnbb.org.br\/cnbb-app\/wp\/v2\/types\/post"}],"author":[{"embeddable":true,"href":"https:\/\/www.cnbb.org.br\/cnbb-app\/wp\/v2\/users\/103"}],"replies":[{"embeddable":true,"href":"https:\/\/www.cnbb.org.br\/cnbb-app\/wp\/v2\/comments?post=868507"}],"version-history":[{"count":0,"href":"https:\/\/www.cnbb.org.br\/cnbb-app\/wp\/v2\/posts\/868507\/revisions"}],"wp:attachment":[{"href":"https:\/\/www.cnbb.org.br\/cnbb-app\/wp\/v2\/media?parent=868507"}],"wp:term":[{"taxonomy":"category","embeddable":true,"href":"https:\/\/www.cnbb.org.br\/cnbb-app\/wp\/v2\/categories?post=868507"},{"taxonomy":"post_tag","embeddable":true,"href":"https:\/\/www.cnbb.org.br\/cnbb-app\/wp\/v2\/tags?post=868507"}],"curies":[{"name":"wp","href":"https:\/\/api.w.org\/{rel}","templated":true}]}}