{"id":868516,"date":"2022-04-29T11:36:39","date_gmt":"2022-04-29T14:36:39","guid":{"rendered":"https:\/\/www.cnbb.org.br\/?p=868516"},"modified":"2022-04-29T11:38:15","modified_gmt":"2022-04-29T14:38:15","slug":"trabalho-dignidade-e-esperanca","status":"publish","type":"post","link":"https:\/\/www.cnbb.org.br\/trabalho-dignidade-e-esperanca\/","title":{"rendered":"Trabalho, dignidade e esperan\u00e7a\u00a0"},"content":{"rendered":"<p style=\"text-align: right;\"><strong>Dom Jos\u00e9 Gislon<br \/>\nBispo de Caxias do Sul (RS)<\/strong><\/p>\n<p style=\"text-align: justify;\"><span data-ccp-props=\"{&quot;201341983&quot;:0,&quot;335551550&quot;:2,&quot;335551620&quot;:2,&quot;335559739&quot;:200,&quot;335559740&quot;:240}\">\u00a0<\/span><\/p>\n<p style=\"text-align: justify;\"><span data-contrast=\"auto\">Estimados irm\u00e3os e irm\u00e3s em Cristo Jesus! No dia 1\u00ba de maio \u00e9 comemorado o Dia do Trabalho e o Dia Mundial dos Trabalhadores(as). Quando, em 1955, o Papa Pio XII instituiu a festa de S\u00e3o Jos\u00e9 Oper\u00e1rio, no dia 1\u00ba de maio, ele pediu que S\u00e3o Jos\u00e9, \u201co humilde oper\u00e1rio de Nazar\u00e9, fosse tamb\u00e9m o providente guardi\u00e3o das fam\u00edlias\u201d.<\/span><span data-ccp-props=\"{&quot;201341983&quot;:0,&quot;335551550&quot;:6,&quot;335551620&quot;:6,&quot;335559739&quot;:200,&quot;335559740&quot;:240}\">\u00a0<\/span><\/p>\n<p style=\"text-align: justify;\"><span data-contrast=\"auto\">A humanidade, a nossa sociedade e tamb\u00e9m a Igreja, comunidade de f\u00e9, est\u00e1 passando por um momento de grandes prova\u00e7\u00f5es, que est\u00e3o atingindo profundamente a vida pessoal, familiar e comunit\u00e1ria. Nestes dois anos de pandemia, muitas vidas foram ceifadas, milhares de fam\u00edlias foram feridas pelo v\u00edrus da pandemia e pela perda de seus familiares. Podemos dizer que, de certa forma, a batalha da pandemia foi vencida, com a vacina\u00e7\u00e3o e uma maior conscientiza\u00e7\u00e3o da sociedade sobre a responsabilidade de todos na prote\u00e7\u00e3o e cuidado da vida, dom maior de Deus a todos n\u00f3s.\u00a0 Existe tamb\u00e9m uma realidade desafiadora, presente na nossa sociedade, que \u00e9 o v\u00edrus do desemprego, que atinge milh\u00f5es de pessoas em nosso pa\u00eds.\u00a0\u00a0<\/span><span data-ccp-props=\"{&quot;201341983&quot;:0,&quot;335551550&quot;:6,&quot;335551620&quot;:6,&quot;335559739&quot;:200,&quot;335559740&quot;:240}\">\u00a0<\/span><\/p>\n<p style=\"text-align: justify;\"><span data-contrast=\"auto\">Como olhar a vida, dom de Deus, diante de tudo o que est\u00e1 acontecendo ao nosso redor, mas tamb\u00e9m dentro de n\u00f3s? Creio que, como homens e mulheres, revestidos pela gra\u00e7a do Batismo, que nos fez renascer para uma vida nova em Cristo, pela a\u00e7\u00e3o do Esp\u00edrito, n\u00e3o podemos ficar paralisados pelo medo, muito menos optar pela indiferen\u00e7a, como uma forma de nos proteger da realidade que est\u00e1 ao nosso redor.<\/span><span data-ccp-props=\"{&quot;201341983&quot;:0,&quot;335551550&quot;:6,&quot;335551620&quot;:6,&quot;335559739&quot;:200,&quot;335559740&quot;:240}\">\u00a0<\/span><\/p>\n<p style=\"text-align: justify;\"><span data-contrast=\"auto\">\u00c0 luz da f\u00e9, que se alimenta da Palavra de Deus e do P\u00e3o da Vida, Cristo Jesus, os nossos passos e as nossas a\u00e7\u00f5es de disc\u00edpulos e disc\u00edpulas do Senhor no mundo devem ser marcados por um forte compromisso em defesa da vida, mesmo quando as not\u00edcias di\u00e1rias e os fatos nos falam de guerra, dor e morte.<\/span><span data-ccp-props=\"{&quot;201341983&quot;:0,&quot;335551550&quot;:6,&quot;335551620&quot;:6,&quot;335559739&quot;:200,&quot;335559740&quot;:240}\">\u00a0<\/span><\/p>\n<p style=\"text-align: justify;\"><span data-contrast=\"auto\">Penso que neste momento da nossa hist\u00f3ria seria importante fazermos mem\u00f3ria das palavras do Papa S\u00e3o Jo\u00e3o Paulo II, pronunciadas no Jubileu dos Trabalhadores, em 2000: \u201cQueridos trabalhadores, empres\u00e1rios, cooperadores, homens da economia: uni os vossos bra\u00e7os, as vossas mentes e os vossos cora\u00e7\u00f5es a fim de contribuir para a constru\u00e7\u00e3o de uma sociedade que respeite o homem e o seu trabalho. O homem vale por aquilo que ele \u00e9 e n\u00e3o pelo que possui. Tudo o que se realiza ao servi\u00e7o de uma justi\u00e7a maior, de uma fraternidade mais ampla e de uma ordem mais humana, nas rela\u00e7\u00f5es sociais, conta muito mais do que qualquer progresso no \u00e2mbito t\u00e9cnico.\u201d\u00a0<\/span><span data-ccp-props=\"{&quot;201341983&quot;:0,&quot;335551550&quot;:6,&quot;335551620&quot;:6,&quot;335559739&quot;:200,&quot;335559740&quot;:240}\">\u00a0<\/span><\/p>\n<p style=\"text-align: justify;\"><span data-contrast=\"auto\">O crist\u00e3o \u00e9 constantemente modelado por Deus \u00e0 sua imagem e, na medida em que a sua conduta manifesta Cristo, que o anima, o crist\u00e3o realiza o des\u00edgnio de Deus sobre si. \u00c9 importante sabermos ser agradecidos a Deus, pelos bens que dele recebemos, pelo seu amor para com cada um de n\u00f3s, nos nossos pequenos passos e trope\u00e7os do dia a dia, sabendo que \u00e9 do Senhor que receberemos a recompensa, e ele, o justo juiz, n\u00e3o faz distin\u00e7\u00e3o de pessoas.<\/span><span data-ccp-props=\"{&quot;201341983&quot;:0,&quot;335551550&quot;:6,&quot;335551620&quot;:6,&quot;335559739&quot;:240,&quot;335559740&quot;:240}\">\u00a0<\/span><\/p>\n<p>&nbsp;<\/p>\n","protected":false},"excerpt":{"rendered":"<p>Dom Jos\u00e9 Gislon Bispo de Caxias do Sul (RS) \u00a0 Estimados irm\u00e3os e irm\u00e3s em Cristo Jesus! No dia 1\u00ba de maio \u00e9 comemorado o Dia do Trabalho e o Dia Mundial dos Trabalhadores(as). Quando, em 1955, o Papa Pio XII instituiu a festa de S\u00e3o Jos\u00e9 Oper\u00e1rio, no dia 1\u00ba de maio, ele pediu &hellip;<\/p>\n<p class=\"read-more\"> <a class=\"\" href=\"https:\/\/www.cnbb.org.br\/trabalho-dignidade-e-esperanca\/\"> <span class=\"screen-reader-text\">Trabalho, dignidade e esperan\u00e7a\u00a0<\/span> Leia mais &raquo;<\/a><\/p>\n","protected":false},"author":20,"featured_media":0,"comment_status":"open","ping_status":"open","sticky":false,"template":"","format":"standard","meta":{"site-sidebar-layout":"default","site-content-layout":"default","ast-global-header-display":"","ast-banner-title-visibility":"","ast-main-header-display":"","ast-hfb-above-header-display":"","ast-hfb-below-header-display":"","ast-hfb-mobile-header-display":"","site-post-title":"","ast-breadcrumbs-content":"","ast-featured-img":"","footer-sml-layout":"","theme-transparent-header-meta":"default","adv-header-id-meta":"","stick-header-meta":"","header-above-stick-meta":"","header-main-stick-meta":"","header-below-stick-meta":""},"categories":[758],"tags":[],"acf":[],"_links":{"self":[{"href":"https:\/\/www.cnbb.org.br\/cnbb-app\/wp\/v2\/posts\/868516"}],"collection":[{"href":"https:\/\/www.cnbb.org.br\/cnbb-app\/wp\/v2\/posts"}],"about":[{"href":"https:\/\/www.cnbb.org.br\/cnbb-app\/wp\/v2\/types\/post"}],"author":[{"embeddable":true,"href":"https:\/\/www.cnbb.org.br\/cnbb-app\/wp\/v2\/users\/20"}],"replies":[{"embeddable":true,"href":"https:\/\/www.cnbb.org.br\/cnbb-app\/wp\/v2\/comments?post=868516"}],"version-history":[{"count":0,"href":"https:\/\/www.cnbb.org.br\/cnbb-app\/wp\/v2\/posts\/868516\/revisions"}],"wp:attachment":[{"href":"https:\/\/www.cnbb.org.br\/cnbb-app\/wp\/v2\/media?parent=868516"}],"wp:term":[{"taxonomy":"category","embeddable":true,"href":"https:\/\/www.cnbb.org.br\/cnbb-app\/wp\/v2\/categories?post=868516"},{"taxonomy":"post_tag","embeddable":true,"href":"https:\/\/www.cnbb.org.br\/cnbb-app\/wp\/v2\/tags?post=868516"}],"curies":[{"name":"wp","href":"https:\/\/api.w.org\/{rel}","templated":true}]}}