{"id":868628,"date":"2022-05-02T11:51:05","date_gmt":"2022-05-02T14:51:05","guid":{"rendered":"https:\/\/www.cnbb.org.br\/?p=868628"},"modified":"2022-05-02T11:52:28","modified_gmt":"2022-05-02T14:52:28","slug":"dia-do-trabalho-3","status":"publish","type":"post","link":"https:\/\/www.cnbb.org.br\/dia-do-trabalho-3\/","title":{"rendered":"Dia do trabalho"},"content":{"rendered":"<p class=\"MsoNormal\" style=\"margin-bottom: 0.0001pt; line-height: 150%; text-align: right;\" align=\"center\"><strong>Dom Eurico dos Santos Veloso<\/strong><\/p>\n<p style=\"text-align: right;\"><strong>Arcebispo Em\u00e9rito de Juiz de Fora (MG)<\/strong><\/p>\n<p style=\"text-align: right;\"><b><span style=\"font-size: 14.0pt; line-height: 150%; font-family: 'Times New Roman','serif';\"><br \/>\n<\/span><\/b><i style=\"font-weight: inherit;\"><span style=\"font-size: 14.0pt; line-height: 150%; font-family: 'Times New Roman','serif';\">\u201cQue haja trabalho para todos, e trabalho digno, n\u00e3o de escravo.\u201d (Papa Francisco)<\/span><\/i><\/p>\n<p class=\"MsoNormal\" style=\"margin-bottom: .0001pt; text-align: justify; line-height: 150%;\"><span style=\"mso-bookmark: _Hlk102200117;\"><i style=\"mso-bidi-font-style: normal;\"><span style=\"font-size: 14.0pt; line-height: 150%; font-family: 'Times New Roman','serif';\"><span style=\"mso-tab-count: 1;\">\u00a0\u00a0\u00a0\u00a0\u00a0\u00a0\u00a0\u00a0 <\/span><\/span><\/i><\/span><\/p>\n<p class=\"MsoNormal\" style=\"margin-bottom: 0.0001pt; line-height: 150%; text-align: justify;\"><span style=\"mso-bookmark: _Hlk102200117;\"><i style=\"mso-bidi-font-style: normal;\"><span style=\"font-size: 14.0pt; line-height: 150%; font-family: 'Times New Roman','serif';\"><span style=\"mso-tab-count: 1;\">\u00a0\u00a0\u00a0\u00a0\u00a0\u00a0\u00a0\u00a0 <\/span><\/span><\/i><\/span><span style=\"mso-bookmark: _Hlk102200117;\"><span style=\"font-size: 14.0pt; line-height: 150%; font-family: 'Times New Roman','serif'; mso-bidi-font-style: italic;\">Hoje, 1\u00ba de maio, \u00e9 comemorado o Dia do Trabalho, ou Dia do Trabalhador, em que \u00e9 recordado e homenageado a luta de todos os trabalhadores que reivindicaram por melhores condi\u00e7\u00f5es trabalhistas, bem como a import\u00e2ncia das m\u00e3os de todos os trabalhadores que fazem um pa\u00eds girar.<\/span><\/span><\/p>\n<p class=\"MsoNormal\" style=\"margin-bottom: 0.0001pt; line-height: 150%; text-align: justify;\"><span style=\"mso-bookmark: _Hlk102200117;\"><span style=\"font-size: 14.0pt; line-height: 150%; font-family: 'Times New Roman','serif'; mso-bidi-font-style: italic;\"><span style=\"mso-tab-count: 1;\">\u00a0\u00a0\u00a0\u00a0\u00a0\u00a0\u00a0\u00a0 <\/span>Papa Francisco, em 2013, em sua visita pastoral a Cagliari exclamou: <\/span><\/span><span style=\"mso-bookmark: _Hlk102200117;\"><i style=\"mso-bidi-font-style: normal;\"><span style=\"font-size: 14.0pt; line-height: 150%; font-family: 'Times New Roman','serif';\">\u201cTrabalho quer dizer dignidade, trabalho significa trazer o p\u00e3o para casa, trabalho quer dizer amar!\u201d<\/span><\/i><\/span><span style=\"mso-bookmark: _Hlk102200117;\"><span style=\"font-size: 14.0pt; line-height: 150%; font-family: 'Times New Roman','serif'; mso-bidi-font-style: italic;\"> E viver a dignidade do trabalho \u00e9 ter um ambiente prop\u00edcio para que isso ocorra, pois sem as condi\u00e7\u00f5es necess\u00e1rias, sem o cumprimento das Leis Trabalhistas e sem as den\u00fancias quando necess\u00e1rias, levar\u00e1 o trabalho a condi\u00e7\u00f5es t\u00e3o desumanas, imorais e desrespeitosas a dignidade humana.<\/span><\/span><\/p>\n<p class=\"MsoNormal\" style=\"margin-bottom: 0.0001pt; line-height: 150%; text-align: justify;\"><span style=\"mso-bookmark: _Hlk102200117;\"><span style=\"font-size: 14.0pt; line-height: 150%; font-family: 'Times New Roman','serif'; mso-bidi-font-style: italic;\"><span style=\"mso-tab-count: 1;\">\u00a0\u00a0\u00a0\u00a0\u00a0\u00a0\u00a0\u00a0 <\/span>A vigil\u00e2ncia de todos, de que a prioridade humana deve estar acima de tudo no mundo do trabalho, \u00e9 crucial para que n\u00e3o ocorram precariedade, desigualdade salarial, supress\u00e3o de direitos conquistados, escravid\u00e3o. <\/span><\/span><span style=\"mso-bookmark: _Hlk102200117;\"><i style=\"mso-bidi-font-style: normal;\"><span style=\"font-size: 14.0pt; line-height: 150%; font-family: 'Times New Roman','serif';\">\u201cToda a injusti\u00e7a que se faz a uma pessoa que trabalha, espezinha a dignidade humana; inclusive a dignidade daquele que comete a injusti\u00e7a: abaixa-se o n\u00edvel e acaba-se naquela tens\u00e3o de ditador-escravo. Ao contr\u00e1rio, a voca\u00e7\u00e3o que Deus nos d\u00e1 \u00e9 t\u00e3o bonita: criar, recriar, trabalhar. Mas isto pode ser feito quando as condi\u00e7\u00f5es s\u00e3o adequadas e a dignidade da pessoa \u00e9 respeitada\u00b9\u201d<\/span><\/i><\/span><span style=\"mso-bookmark: _Hlk102200117;\"><span style=\"font-size: 14.0pt; line-height: 150%; font-family: 'Times New Roman','serif'; mso-bidi-font-style: italic;\">.<\/span><\/span><\/p>\n<p class=\"MsoNormal\" style=\"margin-bottom: 0.0001pt; line-height: 150%; text-align: justify;\"><span style=\"mso-bookmark: _Hlk102200117;\"><span style=\"font-size: 14.0pt; line-height: 150%; font-family: 'Times New Roman','serif'; mso-bidi-font-style: italic;\"><span style=\"mso-tab-count: 1;\">\u00a0\u00a0\u00a0\u00a0\u00a0\u00a0\u00a0\u00a0 <\/span>Enfim, pedimos a intercess\u00e3o de S\u00e3o Jos\u00e9, por cada trabalhador, por todos aqueles que vivem na informalidade ou que est\u00e3o desempregados e, tamb\u00e9m, <\/span><\/span><span style=\"mso-bookmark: _Hlk102200117;\"><i style=\"mso-bidi-font-style: normal;\"><span style=\"font-size: 14.0pt; line-height: 150%; font-family: 'Times New Roman','serif';\">\u201cpedimos vossa intercess\u00e3o pelo mundo do trabalho, a fim de que a\u00ed reine o esp\u00edrito crist\u00e3o de justi\u00e7a e paz, conforme os ensinamentos da Igreja; que os trabalhadores se unam em organiza\u00e7\u00f5es que defendam os seus direitos e respeitem os alheios; que patr\u00f5es e empregados se tratem mutuamente como irm\u00e3os e filhos do mesmo Pai, que se convertam os que ignoram a dignidade da pessoa humana e exploram o oper\u00e1rio e o pobre\u00b2.\u201d<\/span><\/i><\/span><\/p>\n<p class=\"MsoNormal\" style=\"margin-bottom: 0.0001pt; line-height: 150%; text-align: justify;\"><span style=\"mso-bookmark: _Hlk102200117;\"><i style=\"mso-bidi-font-style: normal;\"><span style=\"font-size: 14.0pt; line-height: 150%; font-family: 'Times New Roman','serif';\"><span style=\"mso-tab-count: 1;\">\u00a0\u00a0\u00a0\u00a0\u00a0\u00a0\u00a0\u00a0 <\/span><\/span><\/i><\/span><\/p>\n<p class=\"MsoNormal\" style=\"margin-bottom: 0.0001pt; line-height: 150%; text-align: justify;\"><span style=\"mso-bookmark: _Hlk102200117;\"><i style=\"mso-bidi-font-style: normal;\"><span style=\"font-size: 14.0pt; line-height: 150%; font-family: 'Times New Roman','serif';\">S\u00e3o Jos\u00e9 Oper\u00e1rio, rogai por n\u00f3s!<\/span><\/i><\/span><\/p>\n<p class=\"MsoNormal\" style=\"margin-bottom: 0.0001pt; line-height: 150%; text-align: justify;\"><span style=\"mso-bookmark: _Hlk102200117;\"><i style=\"mso-bidi-font-style: normal;\"><span style=\"font-size: 14.0pt; line-height: 150%; font-family: 'Times New Roman','serif';\">\u00a0<\/span><\/i><\/span><i style=\"font-weight: inherit; text-indent: 35.4pt;\"><span style=\"font-size: 14.0pt; line-height: 150%; font-family: 'Times New Roman','serif';\">Sauda\u00e7\u00f5es em Cristo Ressuscitado! Aleluia!<\/span><\/i><\/p>\n<p class=\"MsoNormal\" style=\"margin-bottom: 0.0001pt; line-height: 150%; text-align: justify;\"><span style=\"mso-bookmark: _Hlk102200117;\"><i style=\"mso-bidi-font-style: normal;\"><span style=\"font-size: 14.0pt; line-height: 150%; font-family: 'Times New Roman','serif';\">\u00a0<\/span><\/i><\/span><\/p>\n<p class=\"MsoNormal\" style=\"margin-bottom: 0.0001pt; line-height: 150%; text-align: justify;\"><span style=\"mso-bookmark: _Hlk102200117;\"><i style=\"mso-bidi-font-style: normal;\"><span style=\"font-size: 14.0pt; line-height: 150%; font-family: 'Times New Roman','serif';\">\u00b9 \u201cO trabalho \u00e9 a voca\u00e7\u00e3o do homem\u201d \u2013 Homilia do Papa Francisco. 01 de mai de 2020 <\/span><\/i><\/span><\/p>\n<p class=\"MsoNormal\" style=\"margin-bottom: 0.0001pt; line-height: 150%; text-align: justify;\"><span style=\"mso-bookmark: _Hlk102200117;\"><i style=\"mso-bidi-font-style: normal;\"><span style=\"font-size: 14.0pt; line-height: 150%; font-family: 'Times New Roman','serif';\">\u00b2https:\/\/formacao.cancaonova.com\/espiritualidade\/oracao\/oracao-dos-trabalhadores-a-sao-jose\/ &#8211; acesso em 29 de abril de 2022.<\/span><\/i><\/span><\/p>\n<p style=\"margin: 0cm 0cm 0.0001pt; line-height: 150%; background: white; text-align: justify;\"><i style=\"mso-bidi-font-style: normal;\"><span style=\"font-size: 14.0pt; line-height: 150%;\">\u00a0<\/span><\/i><\/p>\n","protected":false},"excerpt":{"rendered":"<p>Dom Eurico dos Santos Veloso Arcebispo Em\u00e9rito de Juiz de Fora (MG) \u201cQue haja trabalho para todos, e trabalho digno, n\u00e3o de escravo.\u201d (Papa Francisco) \u00a0\u00a0\u00a0\u00a0\u00a0\u00a0\u00a0\u00a0 \u00a0\u00a0\u00a0\u00a0\u00a0\u00a0\u00a0\u00a0 Hoje, 1\u00ba de maio, \u00e9 comemorado o Dia do Trabalho, ou Dia do Trabalhador, em que \u00e9 recordado e homenageado a luta de todos os trabalhadores que reivindicaram &hellip;<\/p>\n<p class=\"read-more\"> <a class=\"\" href=\"https:\/\/www.cnbb.org.br\/dia-do-trabalho-3\/\"> <span class=\"screen-reader-text\">Dia do trabalho<\/span> Leia mais &raquo;<\/a><\/p>\n","protected":false},"author":73,"featured_media":0,"comment_status":"open","ping_status":"open","sticky":false,"template":"","format":"standard","meta":{"site-sidebar-layout":"default","site-content-layout":"default","ast-global-header-display":"","ast-banner-title-visibility":"","ast-main-header-display":"","ast-hfb-above-header-display":"","ast-hfb-below-header-display":"","ast-hfb-mobile-header-display":"","site-post-title":"","ast-breadcrumbs-content":"","ast-featured-img":"","footer-sml-layout":"","theme-transparent-header-meta":"default","adv-header-id-meta":"","stick-header-meta":"","header-above-stick-meta":"","header-main-stick-meta":"","header-below-stick-meta":""},"categories":[758],"tags":[],"acf":[],"_links":{"self":[{"href":"https:\/\/www.cnbb.org.br\/cnbb-app\/wp\/v2\/posts\/868628"}],"collection":[{"href":"https:\/\/www.cnbb.org.br\/cnbb-app\/wp\/v2\/posts"}],"about":[{"href":"https:\/\/www.cnbb.org.br\/cnbb-app\/wp\/v2\/types\/post"}],"author":[{"embeddable":true,"href":"https:\/\/www.cnbb.org.br\/cnbb-app\/wp\/v2\/users\/73"}],"replies":[{"embeddable":true,"href":"https:\/\/www.cnbb.org.br\/cnbb-app\/wp\/v2\/comments?post=868628"}],"version-history":[{"count":0,"href":"https:\/\/www.cnbb.org.br\/cnbb-app\/wp\/v2\/posts\/868628\/revisions"}],"wp:attachment":[{"href":"https:\/\/www.cnbb.org.br\/cnbb-app\/wp\/v2\/media?parent=868628"}],"wp:term":[{"taxonomy":"category","embeddable":true,"href":"https:\/\/www.cnbb.org.br\/cnbb-app\/wp\/v2\/categories?post=868628"},{"taxonomy":"post_tag","embeddable":true,"href":"https:\/\/www.cnbb.org.br\/cnbb-app\/wp\/v2\/tags?post=868628"}],"curies":[{"name":"wp","href":"https:\/\/api.w.org\/{rel}","templated":true}]}}