{"id":8695,"date":"2018-01-20T00:00:00","date_gmt":"2018-01-20T02:00:00","guid":{"rendered":"https:\/\/www.cnbb.org.br\/superar-com-amor\/"},"modified":"2018-01-20T00:00:00","modified_gmt":"2018-01-20T02:00:00","slug":"superar-com-amor","status":"publish","type":"post","link":"https:\/\/www.cnbb.org.br\/superar-com-amor\/","title":{"rendered":"Superar com amor"},"content":{"rendered":"<p style=\"text-align: right\"><b>Cardeal Orani Jo\u00e3o Tempesta<br \/>\nArcebispo do Rio de Janeiro<\/b><\/p>\n<p><strong>\u00a0<\/strong><\/p>\n<p style=\"text-align: justify\">Depois de treze dias caminhando e peregrinando por todos os cantos e recantos de nossa amada cidade de S\u00e3o Sebasti\u00e3o do Rio de Janeiro, levando a r\u00e9plica da imagem hist\u00f3rica de nosso padroeiro, celebramos no s\u00e1bado, dia 20 de janeiro, a Solenidade de S\u00e3o Sebasti\u00e3o, padroeiro da cidade e da arquidiocese. Que este santo, leigo que morreu m\u00e1rtir porque n\u00e3o aceitou renunciar publicamente a sua f\u00e9 em Jesus Cristo Ressuscitado, nos ajude a espalharmos o amor e a construir a paz em nossa cidade.<\/p>\n<p style=\"text-align: justify\">A Missa da manh\u00e3 foi no Santu\u00e1rio Arquidiocesano e Bas\u00edlica Menor de S\u00e3o Sebasti\u00e3o no Bairro da Tijuca aqui no Rio de Janeiro, \u00a0que guarda o sepulcro de Est\u00e1cio de S\u00e1, fundador da cidade; a imagem hist\u00f3rica de S\u00e3o Sebasti\u00e3o, trazida pelo fundador; e o marco portugu\u00eas da cidade. Louvamos ao Senhor pelos passos j\u00e1 dados em nossa caminhada hist\u00f3rica nesta cidade e que possamos festejar a nossa cidade e rezar pelo Rio de Janeiro e que fa\u00e7amos tudo por amor.<\/p>\n<p style=\"text-align: justify\">Os homens e mulheres de Deus n\u00e3o esquecem de viver a santidade e a tenacidade do apostolado que Jesus viveu em sua vida p\u00fablica e legou a cada um de n\u00f3s, em que temos S\u00e3o Sebasti\u00e3o como uma das mais iluminadas testemunhas pelo seu glorioso mart\u00edrio.<\/p>\n<p style=\"text-align: justify\">Neste dia de S\u00e3o Sebasti\u00e3o temos dois aspectos que nos unem: de um lado esse seguidor de Jesus Cristo, um leigo, militar, com uma carreira brilhante, uma pessoa comum como a grande maioria dos batizados, que deu nome \u00e0 nossa cidade, com o seu exemplo e a sua coragem; com esta gra\u00e7a de seguir a Jesus Cristo, de testemunhar at\u00e9 o fim, de colocar em pr\u00e1tica a palavra de Deus em gestos concretos, particularmente de acolhida do peregrino, de cura dos doentes, de solidariedade aos que sofrem e por aqueles que faltam o b\u00e1sico para viver uma vida digna, repleta de dignidade e de paz.<\/p>\n<p style=\"text-align: justify\">Na liturgia da palavra da missa solene do dia, tr\u00eas trechos b\u00edblicos: quem tem uma vida voltada para o Senhor, daqueles que matam o corpo n\u00e3o podem matar a alma; felizes quando vos perseguirem por causa do Reino de Deus, porque destes ser\u00e1 o Reino dos c\u00e9us. Por fim, como a maneira como os crist\u00e3os foram condenados e morreram pelo Reino de Deus, testemunhando a sua ades\u00e3o a Jesus Ressuscitado.<\/p>\n<p style=\"text-align: justify\">S\u00e3o Sebasti\u00e3o sofreu viol\u00eancia por duas vezes: por flechadas e por pauladas, dando testemunho do Ressuscitado. Depois da primeira tentativa, depois que voltou \u00e0 sa\u00fade, ele nada reclamou, ao contr\u00e1rio ele se levantou das flechadas e se apresentou diante do Imperador Diocleciano pedindo-lhe que se convertesse e que mudasse de vida. E fez isso sem \u00f3dio, revanche ou rancor, superando tudo com amor. Ser\u00e1 que n\u00f3s, nos dias de hoje, ter\u00edamos a mesma coragem do M\u00e1rtir S\u00e3o Sebasti\u00e3o?<\/p>\n<p style=\"text-align: justify\">Por outro lado, n\u00f3s vemos a nossa cidade, identificada desde o seu nascimento com um seguidor de Cristo, por isso chamada a seguir a Cristo tamb\u00e9m, conforme o desejo de Est\u00e1cio de S\u00e1 que fundou a Vila de S\u00e3o Sebasti\u00e3o do Rio de Janeiro, que depois se transformou nesta grande e bela cidade que desde os prim\u00f3rdios foi iluminada a sua trajet\u00f3ria pelo testemunho de um seguidor de Cristo, S\u00e3o Sebasti\u00e3o.<\/p>\n<p style=\"text-align: justify\">A voca\u00e7\u00e3o e o chamado de S\u00e3o Sebasti\u00e3o, com seu testemunho diante das flechadas e pauladas, ele segue e testemunha Jesus Cristo, que est\u00e1 presente vivo no meio de n\u00f3s.<\/p>\n<p style=\"text-align: justify\">Neste ano, na trezena, a Arquidiocese buscou um aspecto da vida de S\u00e3o Sebasti\u00e3o para viver este tempo de gra\u00e7a: \u201cS\u00e3o Sebasti\u00e3o superou tudo por amor!\u201d.<\/p>\n<p style=\"text-align: justify\">S\u00e3o Sebasti\u00e3o viveu a persegui\u00e7\u00e3o por ser crist\u00e3o. Ele, na fam\u00edlia, na carreira militar e na comunidade, soube colocar a sua vida e a sua postura de testemunha do Senhor Ressuscitado, sendo uma presen\u00e7a de Deus na sociedade e principalmente junto aos crist\u00e3os torturados e perseguidos. Ao ser questionado sobre a sua f\u00e9, S\u00e3o Sebasti\u00e3o n\u00e3o a renega e sofre as dores do mart\u00edrio. Depois da primeira tentava cruel de mata-lo vagarosamente. quando ele se recomp\u00f5e se apresenta diante do Imperador, chamando o mesmo a convers\u00e3o. Mais tarde ele ser\u00e1 martirizado e seu corpo jogado no esgoto de Roma. Por\u00e9m, tanto da primeira vez teve crist\u00e3os que junto com Santa Irene o socorreram, da segunda e definitiva vez Santa Luciana e outros buscaram o seu corpo e o sepultaram. Ou seja, junto com a gra\u00e7a de Deus sempre sup\u00f5e a presen\u00e7a e a a\u00e7\u00e3o dos crist\u00e3os no mundo para que superemos a maldade e as dificuldades de cada dia.<\/p>\n<p style=\"text-align: justify\">Vivendo em tempos de persegui\u00e7\u00e3o e muito dif\u00edcil, S\u00e3o Sebasti\u00e3o soube mesmo depois das flechadas, retomar a atividade evangelizadora. Ao inv\u00e9s de vingar aqueles que o flagelaram S\u00e3o Sebasti\u00e3o foi apenas pregar a convers\u00e3o e a mudan\u00e7a de vida, ele ajudou a transformar a sociedade com amor. Superou tudo com Amor!<\/p>\n<p style=\"text-align: justify\">O tema da trezena e da festa \u00e9 que S\u00e3o Sebasti\u00e3o superou tudo com amor. \u00c9 ineg\u00e1vel que hoje n\u00f3s vivemos tempos dif\u00edceis, em rela\u00e7\u00e3o a quest\u00f5es religiosas, sociais, emprego, desemprego, sa\u00fade, educa\u00e7\u00e3o, nas quest\u00f5es de ideologia, de um \u00f3dio que vai se criando na sociedade, em que n\u00e3o h\u00e1 lugar para o arrependimento e para a convers\u00e3o. Tempos de divis\u00e3o e de \u00f3dios sem perd\u00e3o.<\/p>\n<p style=\"text-align: justify\">O Brasil iniciou sua caminhada crist\u00e3 com a prega\u00e7\u00e3o missionaria do evangelho e sempre procurou viver pacificamente e sabendo conviver com os diferentes. N\u00f3s nascemos pelo Evangelho, sob o signo da Cruz, e pela pr\u00e1tica da Palavra de Deus. Mesmo com as dificuldades o Brasil foi se solidificando pela constru\u00e7\u00e3o de pontes, de di\u00e1logo, de perd\u00e3o, de acolhida e pautados pela gra\u00e7a divina. Por\u00e9m hoje, com a mudan\u00e7a de \u00e9poca, com ideologias que pregam viol\u00eancia, grupos que s\u00e3o intolerantes e um afastamento do verdadeiro Deus vemos que come\u00e7amos a trilhar caminhos dif\u00edceis.<\/p>\n<p style=\"text-align: justify\">Na nossa vida pessoal e na nossa vida familiar, com todas as quest\u00f5es sociais que envolvem a sociedade de hoje, bastante cheia de divis\u00f5es e de \u00f3dios, os crist\u00e3os cat\u00f3licos devem dar o exemplo e o sinal, na grande cidade, violenta como \u00e9 e, ao mesmo tempo, bonita como \u00e9, com todas as suas potencialidades, que o povo de Deus, especialmente os crist\u00e3os leigos e leigas, batizados de todos os cantos e de maneiras, serem presen\u00e7a e como S\u00e3o Sebasti\u00e3o chame a convers\u00e3o, \u00e0 mudan\u00e7a de vida, superando tudo por amor.<\/p>\n<p style=\"text-align: justify\">S\u00e3o Sebasti\u00e3o s\u00f3 conseguiu amar porque tinha Deus no seu cora\u00e7\u00e3o e fez tudo pelo amor de Cristo. Ele assim viver no long\u00ednquo s\u00e9culo III e superou as press\u00f5es e at\u00e9 o mart\u00edrio e sofrimentos.<\/p>\n<p style=\"text-align: justify\">Quem tem Deus no seu cora\u00e7\u00e3o, que aderiu o Senhor na sua vida, saber\u00e1 amar os irm\u00e3os, at\u00e9 mesmo os inimigos. Jesus, no Evangelho, diz que devemos amar nossos inimigos e fazer o bem a quem nos odeia. Queremos uma transforma\u00e7\u00e3o para um horizonte de mais paz, vida, de respeito a todos, em que os crist\u00e3os devem dar testemunho para superar tudo por amor como foi S\u00e3o Sebasti\u00e3o.<\/p>\n<p style=\"text-align: justify\">Humanamente o cora\u00e7\u00e3o dos homens e das mulheres querem a vingan\u00e7a. Mais o \u00f3dio chama \u00f3dio. Viol\u00eancia chama viol\u00eancia. A maneira de mudar tudo isso \u00e9 a superar tudo com o amor de Deus. O amor que vem de Deus, que \u00e9 oblativo, que \u00e9 dar a vida pelo outro, que \u00e9 revolucionar o nosso tempo e o nosso mundo.<\/p>\n<p style=\"text-align: justify\">Se queremos tempo novos, como S\u00e3o Sebasti\u00e3o, superar tudo como amor, \u00e9 um caminho para 2018, que \u00e9 a supera\u00e7\u00e3o da viol\u00eancia, como pede a Campanha da Fraternidade, viver como irm\u00e3os, porque batizados pelo mesmo Evangelho devemos preservar e promover a vida. Para isso apresentamos hoje a nossa carta Pastoral sobre o assunto.<\/p>\n<p style=\"text-align: justify\">Dentro dos questionamentos de hoje vemos que a origem das guerras e os conflitos est\u00e3o no cora\u00e7\u00e3o do homem.\u00a0 Devo, no dia de nosso padroeiro, ressaltar tr\u00eas fontes que acompanham os m\u00e1rtires de ontem e de hoje: primeira fonte s\u00e3o os pr\u00f3prios carrascos, que faziam as inquisi\u00e7\u00f5es dos m\u00e1rtires e que tornavam p\u00fablicos as atas para que os demais renunciassem ou desanimassem da f\u00e9 crist\u00e3. As atas relatam as execu\u00e7\u00f5es, mas n\u00e3o contam a vida e sim ressaltam o sofrimento para desanimar os crist\u00e3os. Os pecados e as dificuldades dos crist\u00e3os hoje s\u00e3o divulgados para desanimar o seguimento crist\u00e3o. Essa t\u00e9cnica na verdade fez efeito contr\u00e1rio: esses relatos que falavam do mart\u00edrio tornou-se um an\u00fancio de Cristo, pois o sangue dos m\u00e1rtires s\u00e3o sementes de novos crist\u00e3os. Devemos viver a nossa vida, sem medo de acolher Cristo em nossos cora\u00e7\u00f5es, de abrir nossos cora\u00e7\u00f5es para Cristo, como nos foi pedido com insist\u00eancia S\u00e3o Jo\u00e3o Paulo II, Bento XVI e o Papa Francisco: N\u00e3o tenhamos medo de abrir nossos cora\u00e7\u00f5es para o Cristo Redentor!<\/p>\n<p style=\"text-align: justify\">Segunda fonte: as testemunhas oculares, que viram o mart\u00edrio, o exemplo dos crist\u00e3os, a doa\u00e7\u00e3o pelo outro, fazem com que as pessoas, diante das dificuldades e persegui\u00e7\u00f5es, ajudam a ver o bem que fizeram por serem de Cristo. Ou ainda, escritores de \u00e9pocas posteriores que citam os m\u00e1rtires, como em nosso caso, o grande Sano Ambr\u00f3sio.<\/p>\n<p style=\"text-align: justify\">Terceira fonte: s\u00e3o os relatos po\u00e9ticos que a hist\u00f3ria vai atribuindo e acrescentando na vida dos santos, que \u00e9 o testemunho dos benef\u00edcios que receberam da vida dos santos, o seu testemunho pessoal na sua intimidade com o Ressuscitado pelos valores dos m\u00e1rtires. Por\u00e9m, na base est\u00e1 um fato hist\u00f3rico.<\/p>\n<p style=\"text-align: justify\">O importante que diante de tudo que vimos e ouvimos, pelos relatos dos contempor\u00e2neos de S\u00e3o Sebasti\u00e3o, pelo que as atas marcaram na vida do santo, com o testemunho da tradi\u00e7\u00e3o e de s\u00e9culos e s\u00e9culos, a mem\u00f3ria do glorioso M\u00e1rtir \u00e9 um alento para continuarmos em frente no seguimento de Cristo, fazendo o bem, levando as pessoas a encontrar a Cristo, a ter um compromisso com o Cristo Ressuscitado.<\/p>\n<p style=\"text-align: justify\">Que esta cidade, nascida h\u00e1 453 anos sob a \u00e9gide do glorioso m\u00e1rtir, seja uma cidade exemplo de supera\u00e7\u00e3o para n\u00e3o desanimarmos desta caminhada. Como Sebasti\u00e3o vamos nos levantar, vamos nos curar, e vamos testemunhar um novo mundo que \u00e9 poss\u00edvel, quanto mais vivemos e seguimos o caminho do Senhor. Que S\u00e3o Sebasti\u00e3o, nesta cidade presente desde de 1565, como nosso patrono, nosso grande exemplo de vida crist\u00e3, seja para n\u00f3s um grande sinal e venha de Deus, no limiar do ano que iniciamos, para olharmos para frente com esperan\u00e7a e com caridade.<\/p>\n<p style=\"text-align: justify\">Neste ano do laicato, em que a Igreja relembra a todos os batizados que todos somos \u201cSal da terra e Luz no mundo\u201d (cf. Mt 5,13-14) sejamos abertos \u00e0 gra\u00e7a da convers\u00e3o, da mudan\u00e7a de vida e de nos colocarmos a servi\u00e7o dos irm\u00e3os, com disponibilidade e alegria, Am\u00e9m!<\/p>\n<p style=\"text-align: justify\">S\u00e3o Sebasti\u00e3o nos livre de toda a peste, a fome e a guerra, em especial do pecado e intercedi pela sua cidade do Rio de Janeiro.<\/p>\n<p>&nbsp;<\/p>\n<p>&nbsp;<\/p>\n","protected":false},"excerpt":{"rendered":"<p>Cardeal Orani Jo\u00e3o Tempesta Arcebispo do Rio de Janeiro \u00a0 Depois de treze dias caminhando e peregrinando por todos os cantos e recantos de nossa amada cidade de S\u00e3o Sebasti\u00e3o do Rio de Janeiro, levando a r\u00e9plica da imagem hist\u00f3rica de nosso padroeiro, celebramos no s\u00e1bado, dia 20 de janeiro, a Solenidade de S\u00e3o Sebasti\u00e3o, &hellip;<\/p>\n<p class=\"read-more\"> <a class=\"\" href=\"https:\/\/www.cnbb.org.br\/superar-com-amor\/\"> <span class=\"screen-reader-text\">Superar com amor<\/span> Leia mais &raquo;<\/a><\/p>\n","protected":false},"author":31,"featured_media":0,"comment_status":"closed","ping_status":"open","sticky":false,"template":"","format":"standard","meta":{"site-sidebar-layout":"default","site-content-layout":"default","ast-global-header-display":"","ast-banner-title-visibility":"","ast-main-header-display":"","ast-hfb-above-header-display":"","ast-hfb-below-header-display":"","ast-hfb-mobile-header-display":"","site-post-title":"","ast-breadcrumbs-content":"","ast-featured-img":"","footer-sml-layout":"","theme-transparent-header-meta":"","adv-header-id-meta":"","stick-header-meta":"","header-above-stick-meta":"","header-main-stick-meta":"","header-below-stick-meta":""},"categories":[758],"tags":[],"acf":[],"_links":{"self":[{"href":"https:\/\/www.cnbb.org.br\/cnbb-app\/wp\/v2\/posts\/8695"}],"collection":[{"href":"https:\/\/www.cnbb.org.br\/cnbb-app\/wp\/v2\/posts"}],"about":[{"href":"https:\/\/www.cnbb.org.br\/cnbb-app\/wp\/v2\/types\/post"}],"author":[{"embeddable":true,"href":"https:\/\/www.cnbb.org.br\/cnbb-app\/wp\/v2\/users\/31"}],"replies":[{"embeddable":true,"href":"https:\/\/www.cnbb.org.br\/cnbb-app\/wp\/v2\/comments?post=8695"}],"version-history":[{"count":0,"href":"https:\/\/www.cnbb.org.br\/cnbb-app\/wp\/v2\/posts\/8695\/revisions"}],"wp:attachment":[{"href":"https:\/\/www.cnbb.org.br\/cnbb-app\/wp\/v2\/media?parent=8695"}],"wp:term":[{"taxonomy":"category","embeddable":true,"href":"https:\/\/www.cnbb.org.br\/cnbb-app\/wp\/v2\/categories?post=8695"},{"taxonomy":"post_tag","embeddable":true,"href":"https:\/\/www.cnbb.org.br\/cnbb-app\/wp\/v2\/tags?post=8695"}],"curies":[{"name":"wp","href":"https:\/\/api.w.org\/{rel}","templated":true}]}}