{"id":8734,"date":"2018-01-26T00:00:00","date_gmt":"2018-01-26T02:00:00","guid":{"rendered":"https:\/\/www.cnbb.org.br\/pastoral-na-unidade\/"},"modified":"2018-01-26T00:00:00","modified_gmt":"2018-01-26T02:00:00","slug":"pastoral-na-unidade","status":"publish","type":"post","link":"https:\/\/www.cnbb.org.br\/pastoral-na-unidade\/","title":{"rendered":"Pastoral na unidade"},"content":{"rendered":"<p style=\"text-align: right\"><strong>Cardeal Orani Jo\u00e3o Tempesta<br \/>\n<\/strong><strong>Arcebispo do Rio de Janeiro (RJ)<\/strong><\/p>\n<p><strong>\u00a0<\/strong><\/p>\n<p style=\"text-align: justify\">Conclu\u00edmos nesta sexta feira, no Centro de Estudos Superiores do Sumar\u00e9, do 27\u00ba. Curso anual para os Bispos. Agrade\u00e7o a Deus pela oportunidade de proporcionar esse evento e por aqueles que participaram. \u00c9 uma feliz iniciativa iniciada pelo meu amado predecessor, o Cardeal Eugenio Ara\u00fajo Sales, que intuiu e constituiu este encontro como um momento anual de encontro, estudos, confraterniza\u00e7\u00e3o e atualiza\u00e7\u00e3o dos Bispos, sob a responsabilidade de nossa Arquidiocese de S\u00e3o Sebasti\u00e3o do Rio de Janeiro. Neste ano refletimos sobre o tema do ate\u00edsmo e as suas consequ\u00eancias na sociedade atual. Professores doutores no assunto vieram partilhar um pouco dessa reflex\u00e3o conosco a quem agrade\u00e7o pela riqueza e participa\u00e7\u00e3o.<\/p>\n<p style=\"text-align: justify\">O grande destaque \u00e9 a nossa fraternidade episcopal e por isso gostaria de compartilhar a atualidade do discurso do Papa Francisco, em sua Viagem Apost\u00f3lica ao Peru, ao Episcopado daquele pa\u00eds. Aproveito para uma reflex\u00e3o pessoal junto com as palavras do Papa dias atr\u00e1s que, \u00a0citando S\u00e3o Tor\u00edbio de Mogrovejo, disse que ele foi um \u201cexemplo de construtor de unidade eclesial\u201d, e \u201cdeixou terreno seguro para penetrar num universo totalmente novo, desconhecido e cheio de desafios\u201d.<\/p>\n<p style=\"text-align: justify\">O Papa falando da necessidade de se atravessar um rio caudaloso acentuou que S\u00e3o Tor\u00edbio: &#8220;Quis chegar \u00e0 outra margem em busca dos afastados e dispersos. Para isso, teve que deixar as comodidades do pa\u00e7o episcopal para percorrer o territ\u00f3rio, que lhe estava confiado, em cont\u00ednuas visitas pastorais, procurando chegar e estar onde necessitavam dele e quanto necessitavam dele! Ia ao encontro de todos por caminhos que, nas palavras do secret\u00e1rio, eram mais para cabras do que para pessoas. Tinha que enfrentar os mais variados climas e ambientes; \u00abde vinte e dois anos de episcopado, dezoito passou-os fora da sua cidade, percorrendo por tr\u00eas vezes o seu territ\u00f3rio\u201d.\u201d&#8230; Hoje cham\u00e1-lo-\u00edamos um bispo \u00abde estrada\u00bb. Um bispo com as solas consumadas pelo muito andar, por se mover, por sair ao encontro dos outros para \u00abanunciar o Evangelho a todos, em todos os lugares, em todas as ocasi\u00f5es, sem demora, sem repugn\u00e2ncias e sem medo.\u201d\u00a0\u00a0\u00a0 ( <a href=\"http:\/\/www.vaticannews.va\/pt\/papa\/news\/2018-01\/viagem-peru-encontro-bispos.html\" target=\"_blank\" rel=\"noopener\">http:\/\/www.vaticannews.va\/pt\/papa\/news\/2018-01\/viagem-peru-encontro-bispos.html<\/a>, \u00faltimo acesso em 21 de janeiro de 2018).<\/p>\n<p style=\"text-align: justify\">A palavra central do minist\u00e9rio episcopal, que \u00e9 servi\u00e7o e n\u00e3o honra, segundo o Papa Francisco \u00e9 \u201ca alegria do Evangelho que n\u00e3o pode excluir ningu\u00e9m\u201d. S\u00e3o Tor\u00edbio, em seu tempo, \u201cquis chegar \u00e0 outra margem n\u00e3o s\u00f3 geogr\u00e1fica mas cultural. Por isso promoveu, de muitos modos, uma evangeliza\u00e7\u00e3o na l\u00edngua nativa. Com o III Conc\u00edlio Limense, procurou que os catecismos fossem feitos e traduzidos em quechua e aymara. Incentivou o clero a estudar e conhecer a l\u00edngua dos seus fi\u00e9is, para poderem administrar-lhes os Sacramentos de forma compreens\u00edvel. Visitando e vivendo com o seu povo, deu-se conta de que n\u00e3o bastava alcan\u00e7\u00e1-lo apenas fisicamente, mas era necess\u00e1rio aprender a falar a l\u00edngua dos outros: s\u00f3 assim \u00e9 que o Evangelho poderia ser compreendido e penetrar nos cora\u00e7\u00f5es.\u201d .\u201d( <a href=\"http:\/\/www.vaticannews.va\/pt\/papa\/news\/2018-01\/viagem-peru-encontro-bispos.html\" target=\"_blank\" rel=\"noopener\">http:\/\/www.vaticannews.va\/pt\/papa\/news\/2018-01\/viagem-peru-encontro-bispos.html<\/a>, \u00faltimo acesso em 21 de janeiro de 2018).<\/p>\n<p style=\"text-align: justify\">Refletindo sobre as atuais formas de ate\u00edsmo e seus desafios pastorais vejo que, com essa homilia, o Papa est\u00e1 nos pedindo que nos dias de hoje saibamos anunciar o Evangelho na l\u00edngua dos nossos dias, tornando os Sacramentos mais compreens\u00edveis nesta sociedade l\u00edquida, saindo do conforto do Pa\u00e7o e ir penetrar no cora\u00e7\u00e3o dos nossos fi\u00e9is, particularmente dos doentes, dos marginalizados, dos pecadores e dos que precisam de convers\u00e3o. Com ouvimos durante o curso: evangelizar personalizadamente.<\/p>\n<p style=\"text-align: justify\">Para falar e ser ouvido nos dias de hoje, o Papa nos d\u00e1 a receita: \u201ctemos de aprender uma linguagem completamente nova, como \u00e9 a digital! (o tema do Dia Mundial da Comunica\u00e7\u00f5es \u00e9 sobre as not\u00edcias falsas). Conhecer a linguagem atual dos nossos jovens, das nossas fam\u00edlias, das crian\u00e7as&#8230; Como justamente viu S\u00e3o Tor\u00edbio, n\u00e3o \u00e9 suficiente chegar a um lugar e ocupar um territ\u00f3rio, \u00e9 necess\u00e1rio poder suscitar processos na vida das pessoas, para que a f\u00e9 ganhe ra\u00edzes e seja significativa. E, para isso, devemos falar a l\u00edngua delas.\u201d .\u201d( <a href=\"http:\/\/www.vaticannews.va\/pt\/papa\/news\/2018-01\/viagem-peru-encontro-bispos.html\" target=\"_blank\" rel=\"noopener\">http:\/\/www.vaticannews.va\/pt\/papa\/news\/2018-01\/viagem-peru-encontro-bispos.html<\/a>, \u00faltimo acesso em 21 de janeiro de 2018).<\/p>\n<p style=\"text-align: justify\">O Papa deseja <strong>profetas: \u201c<\/strong>Profecia episcopal que n\u00e3o tem medo de denunciar os abusos e excessos cometidos contra o seu povo. E assim consegue lembrar no seio da sociedade e das comunidades que a caridade deve ser sempre acompanhada pela justi\u00e7a, e n\u00e3o h\u00e1 aut\u00eantica evangeliza\u00e7\u00e3o que n\u00e3o anuncie e denuncie toda a falta contra a vida dos nossos irm\u00e3os, especialmente dos mais vulner\u00e1veis\u201d. .\u201d( <a href=\"http:\/\/www.vaticannews.va\/pt\/papa\/news\/2018-01\/viagem-peru-encontro-bispos.html\" target=\"_blank\" rel=\"noopener\">http:\/\/www.vaticannews.va\/pt\/papa\/news\/2018-01\/viagem-peru-encontro-bispos.html<\/a>, \u00faltimo acesso em 21 de janeiro de 2018).<\/p>\n<p style=\"text-align: justify\">O <strong>Semin\u00e1rio<\/strong> foi o centro da a\u00e7\u00e3o pastoral de S\u00e3o Tor\u00edbio, quando ele fundou o primeiro Semin\u00e1rio depois do Conc\u00edlio de Trento, naquelas terras. Ressalta o Papa Francisco que: \u201cdefendeu a Ordena\u00e7\u00e3o de padres mesti\u00e7os, procurando favorecer e estimular a santidade dos seus pastores, pois se o clero se devesse diferenciar em algo, que fosse pela santidade de vida e n\u00e3o pela origem \u00e9tnica. E esta forma\u00e7\u00e3o n\u00e3o se limitava apenas aos estudos no Semin\u00e1rio, mas prosseguia nas visitas cont\u00ednuas que lhes fazia. Assim podia, em primeira m\u00e3o, dar-se conta do \u00abestado dos seus padres\u00bb, cuidando deles\u201d .\u201d Ou sejua, como refletimos: tendo a paternidade crist\u00e3 com todos. (cfr. <a href=\"http:\/\/www.vaticannews.va\/pt\/papa\/news\/2018-01\/viagem-peru-encontro-bispos.html\" target=\"_blank\" rel=\"noopener\">http:\/\/www.vaticannews.va\/pt\/papa\/news\/2018-01\/viagem-peru-encontro-bispos.html<\/a>, \u00faltimo acesso em 21 de janeiro de 2018).<\/p>\n<p style=\"text-align: justify\"><strong>\u00a0<\/strong>O Bispo, a exemplo de S\u00e3o Tor\u00edbio, deve ser desapegado. A primeira miss\u00e3o do bispo \u00e9 amar os seus padres. N\u00e3o um amor legalista, punitivo, mas um amor oblativo e de compaix\u00e3o, corrigindo com paternidade respons\u00e1vel e do\u00e7ura materna, por isso o bispo \u201c\u00e9\u00a0o pastor que conhece os seus sacerdotes. Procura ir ter com eles, acompanh\u00e1-los, encoraj\u00e1-los, admoest\u00e1-los: lembrava aos seus padres que eram pastores e n\u00e3o comerciantes e, por conseguinte, deveriam cuidar e defender os ind\u00edgenas como se fossem filhos.[7] Mas n\u00e3o o fazia \u00absentado \u00e0 escrivaninha\u00bb, e assim p\u00f4de conhecer as suas ovelhas e estas reconhecerem, na voz dele, a voz do Bom Pastor\u201d. .\u201d( <a href=\"http:\/\/www.vaticannews.va\/pt\/papa\/news\/2018-01\/viagem-peru-encontro-bispos.html\" target=\"_blank\" rel=\"noopener\">http:\/\/www.vaticannews.va\/pt\/papa\/news\/2018-01\/viagem-peru-encontro-bispos.html<\/a>, \u00faltimo acesso em 21 de janeiro de 2018).<\/p>\n<p style=\"text-align: justify\">O Bispo \u00e9 aquele que constr\u00f3i a unidade, como S\u00e3o Tor\u00edbio: \u201cPromoveu de maneira admir\u00e1vel e prof\u00e9tica a forma\u00e7\u00e3o e integra\u00e7\u00e3o de espa\u00e7os de comunh\u00e3o e participa\u00e7\u00e3o entre as v\u00e1rias componentes do povo de Deus. Assim o real\u00e7ou S\u00e3o Jo\u00e3o Paulo II quando nestas terras, dirigindo-se aos bispos, lhes disse: \u00abO III Conc\u00edlio Limense \u00e9 o resultado desse esfor\u00e7o presidido, encorajado e dirigido por S\u00e3o Tor\u00edbio, e que frutificou num precioso tesouro de unidade na f\u00e9, de normas pastorais e de organiza\u00e7\u00e3o, ao mesmo tempo que em v\u00e1lidas inspira\u00e7\u00f5es para a desejada integra\u00e7\u00e3o latino-americana\u201d. .\u201d\u00a0\u00a0\u00a0\u00a0\u00a0\u00a0\u00a0\u00a0\u00a0\u00a0\u00a0\u00a0\u00a0\u00a0\u00a0\u00a0\u00a0\u00a0\u00a0\u00a0\u00a0\u00a0\u00a0\u00a0\u00a0\u00a0\u00a0\u00a0\u00a0\u00a0\u00a0\u00a0\u00a0\u00a0\u00a0\u00a0\u00a0\u00a0 \u00a0\u00a0\u00a0\u00a0\u00a0\u00a0\u00a0\u00a0\u00a0\u00a0\u00a0\u00a0\u00a0\u00a0\u00a0\u00a0\u00a0\u00a0\u00a0\u00a0\u00a0\u00a0\u00a0\u00a0\u00a0\u00a0\u00a0\u00a0\u00a0\u00a0( <a href=\"http:\/\/www.vaticannews.va\/pt\/papa\/news\/2018-01\/viagem-peru-encontro-bispos.html\" target=\"_blank\" rel=\"noopener\">http:\/\/www.vaticannews.va\/pt\/papa\/news\/2018-01\/viagem-peru-encontro-bispos.html<\/a>, \u00faltimo acesso em 21 de janeiro de 2018).<\/p>\n<p style=\"text-align: justify\">\u201cPara S\u00e3o Tor\u00edbio chegou o momento de partir para a margem definitiva, para aquela terra que o esperava e que ele ia saboreando no seu cont\u00ednuo deixar a margem. Esta nova partida, n\u00e3o a fez sozinho. Como no quadro de que vos falei ao in\u00edcio, ia ao encontro dos Santos, seguido por uma grande multid\u00e3o atr\u00e1s dele. \u00c9 o pastor que soube encher \u00aba sua mala\u00bb de rostos e nomes. Estes eram o passaporte dele para o c\u00e9u. Por isso n\u00e3o quero omitir a nota final, o momento em que o pastor entregava a sua alma a Deus. F\u00ea-lo unido ao seu povo, enquanto um abor\u00edgene tocava para ele a flauta para que a alma do seu pastor se sentisse em paz. Quem dera, irm\u00e3os, que pud\u00e9ssemos viver estas coisas, quando tivermos que realizar a \u00faltima viagem. Pe\u00e7amos ao Senhor que no-lo conceda\u201d. .\u201d( <a href=\"http:\/\/www.vaticannews.va\/pt\/papa\/news\/2018-01\/viagem-peru-encontro-bispos.html\" target=\"_blank\" rel=\"noopener\">http:\/\/www.vaticannews.va\/pt\/papa\/news\/2018-01\/viagem-peru-encontro-bispos.html<\/a>, \u00faltimo acesso em 21 de janeiro de 2018).<\/p>\n<p style=\"text-align: justify\">Dentro da Diocese o bispo \u00e9 o ponto de unidade de todos para que resplande\u00e7a a beleza divina da Sant\u00edssima Trindade. No Bispo deve brilhar a santidade divina. Realmente a unidade de todos os homens e mulheres renovados em Cristo Ressuscitado deve ser o \u00e2nimo do minist\u00e9rio episcopal.<\/p>\n<p>&nbsp;<\/p>\n<p>&nbsp;<\/p>\n<p>&nbsp;<\/p>\n","protected":false},"excerpt":{"rendered":"<p>Cardeal Orani Jo\u00e3o Tempesta Arcebispo do Rio de Janeiro (RJ) \u00a0 Conclu\u00edmos nesta sexta feira, no Centro de Estudos Superiores do Sumar\u00e9, do 27\u00ba. Curso anual para os Bispos. Agrade\u00e7o a Deus pela oportunidade de proporcionar esse evento e por aqueles que participaram. \u00c9 uma feliz iniciativa iniciada pelo meu amado predecessor, o Cardeal Eugenio &hellip;<\/p>\n<p class=\"read-more\"> <a class=\"\" href=\"https:\/\/www.cnbb.org.br\/pastoral-na-unidade\/\"> <span class=\"screen-reader-text\">Pastoral na unidade<\/span> Leia mais &raquo;<\/a><\/p>\n","protected":false},"author":31,"featured_media":0,"comment_status":"closed","ping_status":"open","sticky":false,"template":"","format":"standard","meta":{"site-sidebar-layout":"default","site-content-layout":"default","ast-global-header-display":"","ast-banner-title-visibility":"","ast-main-header-display":"","ast-hfb-above-header-display":"","ast-hfb-below-header-display":"","ast-hfb-mobile-header-display":"","site-post-title":"","ast-breadcrumbs-content":"","ast-featured-img":"","footer-sml-layout":"","theme-transparent-header-meta":"","adv-header-id-meta":"","stick-header-meta":"","header-above-stick-meta":"","header-main-stick-meta":"","header-below-stick-meta":""},"categories":[758],"tags":[],"acf":[],"_links":{"self":[{"href":"https:\/\/www.cnbb.org.br\/cnbb-app\/wp\/v2\/posts\/8734"}],"collection":[{"href":"https:\/\/www.cnbb.org.br\/cnbb-app\/wp\/v2\/posts"}],"about":[{"href":"https:\/\/www.cnbb.org.br\/cnbb-app\/wp\/v2\/types\/post"}],"author":[{"embeddable":true,"href":"https:\/\/www.cnbb.org.br\/cnbb-app\/wp\/v2\/users\/31"}],"replies":[{"embeddable":true,"href":"https:\/\/www.cnbb.org.br\/cnbb-app\/wp\/v2\/comments?post=8734"}],"version-history":[{"count":0,"href":"https:\/\/www.cnbb.org.br\/cnbb-app\/wp\/v2\/posts\/8734\/revisions"}],"wp:attachment":[{"href":"https:\/\/www.cnbb.org.br\/cnbb-app\/wp\/v2\/media?parent=8734"}],"wp:term":[{"taxonomy":"category","embeddable":true,"href":"https:\/\/www.cnbb.org.br\/cnbb-app\/wp\/v2\/categories?post=8734"},{"taxonomy":"post_tag","embeddable":true,"href":"https:\/\/www.cnbb.org.br\/cnbb-app\/wp\/v2\/tags?post=8734"}],"curies":[{"name":"wp","href":"https:\/\/api.w.org\/{rel}","templated":true}]}}